{"id":265851,"date":"2025-12-01T18:06:11","date_gmt":"2025-12-01T18:06:11","guid":{"rendered":"https:\/\/www.europesays.com\/es\/265851\/"},"modified":"2025-12-01T18:06:11","modified_gmt":"2025-12-01T18:06:11","slug":"rezo-en-la-tumba-de-un-famoso-santo-lluvia-de-arroz-y-la-ovacion-de-miles-de-personas","status":"publish","type":"post","link":"https:\/\/www.europesays.com\/es\/265851\/","title":{"rendered":"rezo en la tumba de un famoso santo, lluvia de arroz y la ovaci\u00f3n de miles de personas"},"content":{"rendered":"<p>\u00abAnteponer la paz a todo lo dem\u00e1s\u00bb, reitera el Papa continuamente en todos sus encuentros en la capital, Beirut, desde que <a href=\"https:\/\/www.clarin.com\/mundo\/libano-papa-leon-xiv-reitero-apoyo-solucion-estados-israeli-palestino_0_XLkRFd5I8z.html\" target=\"_blank\" title=\"arrib\u00f3 el domingo al L\u00edbano.\" alt=\"arrib\u00f3 el domingo al L\u00edbano.\" rel=\"nofollow noopener\">arrib\u00f3 el domingo al L\u00edbano<\/a> tras <a href=\"https:\/\/www.clarin.com\/mundo\/papa-concluyo-visita-turquia-visita-patriarca-constantino-viajo-beirut-capital-atormentado-libano_0_5Y63Fuk5c8.html\" target=\"_blank\" title=\"visitar Turqu\u00eda\" alt=\"visitar Turqu\u00eda\" rel=\"nofollow noopener\">visitar Turqu\u00eda<\/a>, en el marco de su<a href=\"https:\/\/www.clarin.com\/mundo\/papa-leon-xiv-parte-primer-viaje-internacional-destinos-diversos-historia-guerra_0_2h3NyhgWWJ.html\" target=\"_blank\" title=\" primer viaje\" alt=\" primer viaje\" rel=\"nofollow noopener\"> primer viaje<\/a> internacional.<\/p>\n<p>El L\u00edbano es un pa\u00eds <strong>atormentado por la guerra y la violencia<\/strong>, adem\u00e1s de grandes problemas econ\u00f3micos, que han llevado en los \u00faltimos a\u00f1os a una emigraci\u00f3n de <strong>unas 800 mil personas<\/strong>, sobre todo j\u00f3venes, en una poblaci\u00f3n de aproximadamente 5.800.000 habitantes.<\/p>\n<p>Miles de libaneses se agruparon en la ma\u00f1ana de este lunes en las carreteras que recorre el Papa, como ocurri\u00f3 en la noche del domingo despu\u00e9s de su llegada, cuando se dirig\u00eda al Palacio Presidencial.<\/p>\n<p>Este lunes, muchos libaneses le rindieron homenaje y expresaron su cercan\u00eda y agradecimiento. \u00abTe esper\u00e1bamos\u00bb, dec\u00eda un cartel. Hace 13 a\u00f1os que no ven\u00eda un Papa, despu\u00e9s de la visita de Benedicto XVI en 2012. El fallecido Papa argentino Francisco que quer\u00eda venir, no pudo concretar su deseo y\u00a0 <strong>Le\u00f3n XIV lleg\u00f3 tambi\u00e9n en su nombre.<\/strong><\/p>\n<p>Durante la jornada sigui\u00f3 lloviendo como el d\u00eda anterior, cuando miles de libaneses, incluso muchos musulmanes, dieron la bienvenida al pont\u00edfice, <strong>arrojaron arroz a su paso<\/strong> y corearon su nombre ubicados a lo largo de la carretera que lleva al <strong>monasterio de San Maroun de Annaya<\/strong> en una visita de oraci\u00f3n en la<strong> tumba de San Charbel<\/strong>, el santo <strong>m\u00e1s famoso<\/strong> del L\u00edbano.<\/p>\n<p>Arrojar arroz al paso del santo padre subraya<strong> una expresi\u00f3n de alegr\u00eda <\/strong>nacional y cercan\u00eda hacia la figura del pont\u00edfice y el mensaje de paz que trae, m\u00e1s all\u00e1 de las diferencias religiosas.<\/p>\n<p>El monje Charbel Makhlouf decidi\u00f3 apartarse del mundo y <strong>vivir como eremita, <\/strong>dedicado a la oraci\u00f3n, el ayuno y el silencio. Muri\u00f3 en 1898. Su fama de santidad<strong> lleva a cuatro millones de peregrinos<\/strong>, tambi\u00e9n musulmanes, todos los a\u00f1os, a rendirle homenaje, atra\u00eddos por<strong> su ideal de ascetismo y sus milagros.<\/strong><\/p>\n<p>El Papa lo puso como ejemplo de c\u00f3mo conseguir \u00abel silencio a quienes habitan en medio del bullicio, la modestia a quienes viven para aparentar y la pobreza a quienes buscan la riqueza\u00bb.<\/p>\n<p>Ante la tumba del primer santo liban\u00e9s, Le\u00f3n XIV confi\u00f3 a su intercesi\u00f3n las \u00abnecesidades de la Iglesia del L\u00edbano y del mundo\u00bb. Hablando en franc\u00e9s dijo que \u00abpara el mundo pedimos paz. La imploramos especialmente para el L\u00edbano y para todo el Levante\u00bb.<strong> Una multitud aplaudi\u00f3 al pont\u00edfice<\/strong>, que en una breve intervenci\u00f3n volvi\u00f3 a destacar la necesidad de \u00abanteponer la paz a todo lo dem\u00e1s\u00bb.<\/p>\n<p>El Papa viaj\u00f3 despu\u00e9s en autom\u00f3vil al Museo del Monasterio y se dirigi\u00f3 m\u00e1s tarde al Santuario de Nuestra Se\u00f1ora del L\u00edbano, acogido por el Vicario Apost\u00f3lico de los Latinos y el Patriarca de la Iglesia Armenia.<\/p>\n<p>En la colina de Harissa, donde se levanta el enorme Santuario visitado por miles de fieles a diario, <strong>el Papa fue recibido con entusiasmo<\/strong>. <\/p>\n<p>Le\u00f3n XIV habl\u00f3 en franc\u00e9s de<strong> la responsabilidad hacia los j\u00f3venes,<\/strong> que est\u00e1 en el centro de las preocupaciones porque son muchos de ellos los que proyectan emigrar del L\u00edbano. Afirm\u00f3 que \u00abes necesario favorecer su presencia, apreciando su aportaci\u00f3n de novedad y d\u00e1ndoles espacio\u00bb. Habl\u00f3 tambi\u00e9n de los inmigrantes porque, entre los 5.8 millones de habitantes, hay <strong>un mill\u00f3n y medio de refugiados y migrantes.<\/strong><\/p>\n<p>\u00abLo que han vivido nos obliga a comprometernos para que <strong>nadie deba huir de su pa\u00eds debido a conflictos absurdos y despiadados<\/strong>, y para que ninguno que llama a nuestra puerta se sienta rechazado, sino acogido\u00bb, destac\u00f3.<\/p>\n<p>El Papa consign\u00f3 despu\u00e9s la Rosa de Oro, homenaje t\u00edpico en los santuarios marianos.<\/p>\n<p>El pont\u00edfice se traslad\u00f3 despu\u00e9s hasta la nunciatura en Beirut, donde se aloja, para un encuentro con los patriarcas.<\/p>\n","protected":false},"excerpt":{"rendered":"\u00abAnteponer la paz a todo lo dem\u00e1s\u00bb, reitera el Papa continuamente en todos sus encuentros en la capital,&hellip;\n","protected":false},"author":2,"featured_media":265852,"comment_status":"","ping_status":"","sticky":false,"template":"","format":"standard","meta":{"footnotes":""},"categories":[42],"tags":[17,18,13,14,11,61,62,63,64,19,20,9,10,15,16,12,21,22,65,66,67],"class_list":{"0":"post-265851","1":"post","2":"type-post","3":"status-publish","4":"format-standard","5":"has-post-thumbnail","7":"category-internacional","8":"tag-breaking-news","9":"tag-breakingnews","10":"tag-featured-news","11":"tag-featurednews","12":"tag-headlines","13":"tag-internacional","14":"tag-international","15":"tag-international-news","16":"tag-internationalnews","17":"tag-latest-news","18":"tag-latestnews","19":"tag-news","20":"tag-noticias","21":"tag-noticias-destacadas","22":"tag-noticiasdestacadas","23":"tag-titulares","24":"tag-ultimas-noticias","25":"tag-ultimasnoticias","26":"tag-world","27":"tag-world-news","28":"tag-worldnews"},"share_on_mastodon":{"url":"https:\/\/pubeurope.com\/@es\/115645643811979613","error":""},"_links":{"self":[{"href":"https:\/\/www.europesays.com\/es\/wp-json\/wp\/v2\/posts\/265851","targetHints":{"allow":["GET"]}}],"collection":[{"href":"https:\/\/www.europesays.com\/es\/wp-json\/wp\/v2\/posts"}],"about":[{"href":"https:\/\/www.europesays.com\/es\/wp-json\/wp\/v2\/types\/post"}],"author":[{"embeddable":true,"href":"https:\/\/www.europesays.com\/es\/wp-json\/wp\/v2\/users\/2"}],"replies":[{"embeddable":true,"href":"https:\/\/www.europesays.com\/es\/wp-json\/wp\/v2\/comments?post=265851"}],"version-history":[{"count":0,"href":"https:\/\/www.europesays.com\/es\/wp-json\/wp\/v2\/posts\/265851\/revisions"}],"wp:featuredmedia":[{"embeddable":true,"href":"https:\/\/www.europesays.com\/es\/wp-json\/wp\/v2\/media\/265852"}],"wp:attachment":[{"href":"https:\/\/www.europesays.com\/es\/wp-json\/wp\/v2\/media?parent=265851"}],"wp:term":[{"taxonomy":"category","embeddable":true,"href":"https:\/\/www.europesays.com\/es\/wp-json\/wp\/v2\/categories?post=265851"},{"taxonomy":"post_tag","embeddable":true,"href":"https:\/\/www.europesays.com\/es\/wp-json\/wp\/v2\/tags?post=265851"}],"curies":[{"name":"wp","href":"https:\/\/api.w.org\/{rel}","templated":true}]}}