{"id":265853,"date":"2025-12-01T18:07:12","date_gmt":"2025-12-01T18:07:12","guid":{"rendered":"https:\/\/www.europesays.com\/es\/265853\/"},"modified":"2025-12-01T18:07:12","modified_gmt":"2025-12-01T18:07:12","slug":"el-pp-eleva-el-sueldo-de-mazon-como-diputado-al-situarlo-en-una-comision-sin-actividad-legislativa","status":"publish","type":"post","link":"https:\/\/www.europesays.com\/es\/265853\/","title":{"rendered":"El PP eleva el sueldo de Maz\u00f3n como diputado al situarlo en una comisi\u00f3n sin actividad legislativa"},"content":{"rendered":"<p style=\"\">El PP ha nombrado al ex presidente de la Generalitat y diputado auton\u00f3mico <a href=\"https:\/\/www.abc.es\/noticias\/carlos-mazon\/\" target=\"_self\" data-voc-vtm-id=\"in-text-traffic\" title=\"Carlos Maz\u00f3n\" data-mrf-link=\"www.abc.es\" rel=\"nofollow noopener\">Carlos Maz\u00f3n<\/a> como su <strong>portavoz en la comisi\u00f3n de Reglamento<\/strong> de las Cortes Valencianas. Un nuevo cargo que no supondr\u00e1 mucha m\u00e1s actividad parlamentaria para Maz\u00f3n, puesto que esta comisi\u00f3n  &#8230; permanente no aborda temas legislativos.<\/p>\n<p class=\"voc-p\" style=\"\">De hecho, <strong>en dos a\u00f1os y medio de legislatura no se ha reunido<\/strong> y durante el anterior periodo de sesiones s\u00f3lo lo hizo en una ocasi\u00f3n. No obstante, s\u00ed va a suponer un plus en la n\u00f3mina del hasta ahora jefe del Gobierno regional como parlamentario, tras mantener el esca\u00f1o. Cobrar\u00e1 8.879,78 euros m\u00e1s al a\u00f1o -634,27 al mes- que se sumar\u00e1n a los 35.861,42 euros brutos asignados como sueldo base para los diputados de Les Corts.<\/p>\n<p class=\"voc-p\" style=\"\">Maz\u00f3n tambi\u00e9n tiene derecho a un complemento por dedicaci\u00f3n exclusiva de 5.554,22 euros anuales y a otra asignaci\u00f3n \u00abpor gastos derivados del ejercicio\u00bb del cargo de hasta 11.500 euros, que se otorga en funci\u00f3n de la distancia entre la localidad de origen del diputado y la sede del parlamento. En este caso ser\u00eda la m\u00e1xima, al superar los 100 kil\u00f3metros entre Alicante y Valencia. A ello se sumar\u00eda otra posible indemnizaci\u00f3n por residencia eventual -si se acredita una distancia mayor a la referida anteriormente- o por kilometraje.<\/p>\n<p class=\"voc-p\" style=\"\">El nuevo s\u00edndic del PP en la c\u00e1mara, Nando Pastor, ha remitido este lunes un escrito -consultado por ABC- a la Mesa de las Cortes en el que comunica que el diputado y alcalde de Torrevieja, <strong>Eduardo Dol\u00f3n<\/strong>, causa baja en la comisi\u00f3n de Reglamento y entra en su lugar Carlos Maz\u00f3n, que ejercer\u00e1 como portavoz.<\/p>\n<p class=\"voc-p\" style=\"\">Asimismo, se detallan otros cambios derivados de la salida del hasta ahora s\u00edndic <strong>Juanfran P\u00e9rez Llorca<\/strong>, que tomar\u00e1 posesi\u00f3n este martes como presidente de la Generalitat. Pastor le releva en la Diputaci\u00f3n Permanente y en la comisi\u00f3n de Gobierno Interior.<\/p>\n<p class=\"voc-p\" style=\"\">Se da la circunstancia que el PP y Vox presentaron a finales de octubre una proposici\u00f3n de ley conjunta para modificar el reglamento de las Cortes Valencianas y eliminar tanto el uso del lenguaje inclusivo de sus publicaciones, que se adaptar\u00e1 \u00aba lo recomendado por la RAE\u00bb, como cuatro comisiones parlamentarias: LGTBI, Asuntos Europeos, Derechos Humanos y Participaci\u00f3n Ciudadana. Esas materias se integrar\u00e1n en otras comisiones ya existentes para ser m\u00e1s eficientes, de acuerdo con el criterio de ambas formaciones.<\/p>\n<p class=\"voc-p\" style=\"\">Tambi\u00e9n plantearon modificar el apartado que regula la composici\u00f3n de las mesas de las Cortes y las comisiones. Seguir\u00e1n siendo paritarias, pero desaparecer\u00e1 la regla por la que si, por ejemplo, un hombre preside una comisi\u00f3n, la vicepresidencia tenga que recalar obligatoriamente en una mujer. Sin embargo, esta propuesta &#8211;<strong>tramitada como de lectura \u00fanica<\/strong>&#8211; no pasar\u00e1 por la comisi\u00f3n para la que ha sido designado Maz\u00f3n e ir\u00e1 directamente al pleno.<\/p>\n","protected":false},"excerpt":{"rendered":"El PP ha nombrado al ex presidente de la Generalitat y diputado auton\u00f3mico Carlos Maz\u00f3n como su portavoz&hellip;\n","protected":false},"author":2,"featured_media":265854,"comment_status":"","ping_status":"","sticky":false,"template":"","format":"standard","meta":{"footnotes":""},"categories":[8],"tags":[3382,17,18,7553,25945,8369,25,24,13,14,11,19,20,65818,1439,9,10,15,16,956,65817,23,15563,12,21,22],"class_list":{"0":"post-265853","1":"post","2":"type-post","3":"status-publish","4":"format-standard","5":"has-post-thumbnail","7":"category-espana","8":"tag-actividad","9":"tag-breaking-news","10":"tag-breakingnews","11":"tag-comision","12":"tag-diputado","13":"tag-eleva","14":"tag-es","15":"tag-espana","16":"tag-featured-news","17":"tag-featurednews","18":"tag-headlines","19":"tag-latest-news","20":"tag-latestnews","21":"tag-legislativa","22":"tag-mazon","23":"tag-news","24":"tag-noticias","25":"tag-noticias-destacadas","26":"tag-noticiasdestacadas","27":"tag-pp","28":"tag-situarlo","29":"tag-spain","30":"tag-sueldo","31":"tag-titulares","32":"tag-ultimas-noticias","33":"tag-ultimasnoticias"},"share_on_mastodon":{"url":"https:\/\/pubeurope.com\/@es\/115645647730362103","error":""},"_links":{"self":[{"href":"https:\/\/www.europesays.com\/es\/wp-json\/wp\/v2\/posts\/265853","targetHints":{"allow":["GET"]}}],"collection":[{"href":"https:\/\/www.europesays.com\/es\/wp-json\/wp\/v2\/posts"}],"about":[{"href":"https:\/\/www.europesays.com\/es\/wp-json\/wp\/v2\/types\/post"}],"author":[{"embeddable":true,"href":"https:\/\/www.europesays.com\/es\/wp-json\/wp\/v2\/users\/2"}],"replies":[{"embeddable":true,"href":"https:\/\/www.europesays.com\/es\/wp-json\/wp\/v2\/comments?post=265853"}],"version-history":[{"count":0,"href":"https:\/\/www.europesays.com\/es\/wp-json\/wp\/v2\/posts\/265853\/revisions"}],"wp:featuredmedia":[{"embeddable":true,"href":"https:\/\/www.europesays.com\/es\/wp-json\/wp\/v2\/media\/265854"}],"wp:attachment":[{"href":"https:\/\/www.europesays.com\/es\/wp-json\/wp\/v2\/media?parent=265853"}],"wp:term":[{"taxonomy":"category","embeddable":true,"href":"https:\/\/www.europesays.com\/es\/wp-json\/wp\/v2\/categories?post=265853"},{"taxonomy":"post_tag","embeddable":true,"href":"https:\/\/www.europesays.com\/es\/wp-json\/wp\/v2\/tags?post=265853"}],"curies":[{"name":"wp","href":"https:\/\/api.w.org\/{rel}","templated":true}]}}