{"id":265855,"date":"2025-12-01T18:08:25","date_gmt":"2025-12-01T18:08:25","guid":{"rendered":"https:\/\/www.europesays.com\/es\/265855\/"},"modified":"2025-12-01T18:08:25","modified_gmt":"2025-12-01T18:08:25","slug":"el-gobierno-cambia-al-jefe-de-la-uco-despues-de-su-ascenso-a-general","status":"publish","type":"post","link":"https:\/\/www.europesays.com\/es\/265855\/","title":{"rendered":"El Gobierno cambia al jefe de la UCO despu\u00e9s de su ascenso a general"},"content":{"rendered":"<p style=\"\">El Consejo de Ministros aprobar\u00e1 este martes el ascenso a general del actual jefe de la <a href=\"https:\/\/www.abc.es\/noticias\/unidad-central-operativa\/\" title=\"www.abc.es\" data-voc-vtm-id=\"in-text-traffic\" data-mrf-link=\"www.abc.es\" rel=\"nofollow noopener\" target=\"_blank\">Unidad Central Operativa<\/a> (UCO), Rafael Yuste, se la Guardia Civil, seg\u00fan informan fuentes del Instituto Armado a ABC. Una decisi\u00f3n que se produce <strong>en medio de los casos <\/strong> &#8230; <strong>de corrupci\u00f3n<\/strong> que investiga la unidad que cercan al entorno del presidente del Gobierno Pedro S\u00e1nchez.<\/p>\n<p class=\"voc-p\" style=\"\">El ascenso de Yuste a general era un secreto a voces desde hace semanas ya que el jefe de la UCO <strong>se encontraba entre los mejores de su promoci\u00f3n.<\/strong> Un relevo que se ve\u00eda de forma natural y que se consolidara en las pr\u00f3ximas semanas.<\/p>\n<p class=\"voc-p\" style=\"\">Los ascensos a general en la Guardia Civil son competencia del ministro del Interior, con el visto bueno de Margarita Robles, a propuesta de la Direcci\u00f3n General del Cuerpo.<\/p>\n<p>\n\u00bfPrimera mujer al mando?\n<\/p>\n<p class=\"voc-p\" style=\"\">La principal favorita para liderar ahora la UCO es la coronel <strong>Mar\u00eda Dolores Gimeno Dur\u00e1n<\/strong> que recientemente tambi\u00e9n ha ascendido. En caso de formalizarse este puesto, ser\u00eda la primera mujer que ocupa este cargo. A pesar de ello, todas las candidaturas como nuevo jefe de la UCO est\u00e1n abiertas y ser\u00e1 Mercedes Gonz\u00e1lez y Fernando Grande-Marlaska quienes tomen la decisi\u00f3n final.<\/p>\n<p class=\"voc-p\" style=\"\">Yuste Arenillas asumi\u00f3 la jefatura en junio de 2023, tras la vacante que dej\u00f3 el anterior responsable, Alfonso Alberto L\u00f3pez Malo, quien fue ascendido a general de brigada y pas\u00f3 a dirigir la Jefatura de Polic\u00eda Judicial. El nombramiento de Yuste fue firmado por el ministro del Interior, Fernando Grande-Marlaska, y publicado en el Bolet\u00edn Oficial de la Guardia Civil, atendiendo a la propuesta del director general del Instituto Armado, Leonardo Marcos.<\/p>\n<p class=\"voc-p\" style=\"\">La trayectoria de Yuste Arenillas es <strong>amplia y reconocida dentro de la Guardia Civil<\/strong>. Antes de ponerse al frente de la UCO, estuvo destinado en el Estado Mayor y fue jefe del Grupo de Apoyo Operativo (GAO), una unidad clave para operaciones complejas. Adem\u00e1s, cuenta con una dilatada experiencia en la Jefatura de Informaci\u00f3n y ha desempe\u00f1ado funciones relevantes en la gesti\u00f3n y planificaci\u00f3n del cuerpo, lo que le ha granjeado prestigio entre sus compa\u00f1eros.<\/p>\n","protected":false},"excerpt":{"rendered":"El Consejo de Ministros aprobar\u00e1 este martes el ascenso a general del actual jefe de la Unidad Central&hellip;\n","protected":false},"author":2,"featured_media":265856,"comment_status":"","ping_status":"","sticky":false,"template":"","format":"standard","meta":{"footnotes":""},"categories":[5],"tags":[6421,17,18,1838,987,25,24,13,14,3015,582,11,23392,19,20,9,10,15,16,23,12,2155,21,22],"class_list":{"0":"post-265855","1":"post","2":"type-post","3":"status-publish","4":"format-standard","5":"has-post-thumbnail","7":"category-titulares","8":"tag-ascenso","9":"tag-breaking-news","10":"tag-breakingnews","11":"tag-cambia","12":"tag-despues","13":"tag-es","14":"tag-espana","15":"tag-featured-news","16":"tag-featurednews","17":"tag-general","18":"tag-gobierno","19":"tag-headlines","20":"tag-jefe","21":"tag-latest-news","22":"tag-latestnews","23":"tag-news","24":"tag-noticias","25":"tag-noticias-destacadas","26":"tag-noticiasdestacadas","27":"tag-spain","28":"tag-titulares","29":"tag-uco","30":"tag-ultimas-noticias","31":"tag-ultimasnoticias"},"share_on_mastodon":{"url":"https:\/\/pubeurope.com\/@es\/115645651537631276","error":""},"_links":{"self":[{"href":"https:\/\/www.europesays.com\/es\/wp-json\/wp\/v2\/posts\/265855","targetHints":{"allow":["GET"]}}],"collection":[{"href":"https:\/\/www.europesays.com\/es\/wp-json\/wp\/v2\/posts"}],"about":[{"href":"https:\/\/www.europesays.com\/es\/wp-json\/wp\/v2\/types\/post"}],"author":[{"embeddable":true,"href":"https:\/\/www.europesays.com\/es\/wp-json\/wp\/v2\/users\/2"}],"replies":[{"embeddable":true,"href":"https:\/\/www.europesays.com\/es\/wp-json\/wp\/v2\/comments?post=265855"}],"version-history":[{"count":0,"href":"https:\/\/www.europesays.com\/es\/wp-json\/wp\/v2\/posts\/265855\/revisions"}],"wp:featuredmedia":[{"embeddable":true,"href":"https:\/\/www.europesays.com\/es\/wp-json\/wp\/v2\/media\/265856"}],"wp:attachment":[{"href":"https:\/\/www.europesays.com\/es\/wp-json\/wp\/v2\/media?parent=265855"}],"wp:term":[{"taxonomy":"category","embeddable":true,"href":"https:\/\/www.europesays.com\/es\/wp-json\/wp\/v2\/categories?post=265855"},{"taxonomy":"post_tag","embeddable":true,"href":"https:\/\/www.europesays.com\/es\/wp-json\/wp\/v2\/tags?post=265855"}],"curies":[{"name":"wp","href":"https:\/\/api.w.org\/{rel}","templated":true}]}}