{"id":265863,"date":"2025-12-01T18:17:08","date_gmt":"2025-12-01T18:17:08","guid":{"rendered":"https:\/\/www.europesays.com\/es\/265863\/"},"modified":"2025-12-01T18:17:08","modified_gmt":"2025-12-01T18:17:08","slug":"cierre-parcial-de-la-grada-durante-tres-encuentros","status":"publish","type":"post","link":"https:\/\/www.europesays.com\/es\/265863\/","title":{"rendered":"cierre parcial de la grada durante tres encuentros"},"content":{"rendered":"<p data-mrf-recirculation=\"Links P\u00e1rrafos\" class=\"ue-c-article__paragraph paragraph ue-c-article--first-letter-highlighted\">Durante los minutos finales del \u00faltimo <strong>Gran Derbi<\/strong> entre <strong>Sevilla <\/strong>y <strong>Betis<\/strong>, en el <strong>Ram\u00f3n S\u00e1nchez-Pizju\u00e1n<\/strong> se vivi\u00f3 un incidente vergonzoso y susceptible de sanci\u00f3n. Desde el fondo norte del estadio empezaron a <strong>caer objetos<\/strong> en el \u00e1rea que defend\u00edan los visitantes, cuando los locales se dispon\u00edan a sacar un c\u00f3rner a favor. El \u00e1rbitro <strong>Jos\u00e9 Luis Munuera<\/strong> decidi\u00f3 <strong>interrumpir el encuentro<\/strong> para activar el protocolo de lanzamientos de objetos y suspendi\u00f3 temporalmente el partido minutos m\u00e1s tarde. Una vez se calmaron los \u00e1nimos y ces\u00f3 la lluvia de botellas, el juego se reanud\u00f3 y continu\u00f3 hasta el pitido final.<\/p>\n<p data-mrf-recirculation=\"Links P\u00e1rrafos\" class=\"ue-c-article__paragraph paragraph\">El <strong>art\u00edculo 15 del C\u00f3digo Disciplinario de la Real Federaci\u00f3n Espa\u00f1ola de F\u00fatbol<\/strong> responsabiliza al <strong>club organizador <\/strong>de un encuentro \u00abcuando con ocasi\u00f3n de un partido se altere el orden, se menoscabe o ponga en peligro la integridad f\u00edsica de los \u00e1rbitros\/as, jugadores\/as, t\u00e9cnicos\/as o personas en general, se causen da\u00f1os materiales o lesiones, se produzca invasi\u00f3n del terreno de juego, se exhiban s\u00edmbolos o se profieran c\u00e1nticos o insultos violentos, racistas, xen\u00f3fobos o intolerantes, o se perturbe notoriamente el normal desarrollo del encuentro\u00bb.<\/p>\n<p data-mrf-recirculation=\"Links P\u00e1rrafos\" class=\"ue-c-article__paragraph paragraph\">Entre los apartados que refieren al art\u00edculo 15, aparece tambi\u00e9n el <strong>107<\/strong>, relativo a la <strong>alteraci\u00f3n del orden del encuentro de car\u00e1cter grave<\/strong>, donde especifica que \u00abse considerar\u00e1 infracci\u00f3n de car\u00e1cter grave y ser\u00e1 sancionado con multa en cuant\u00eda de hasta <strong>3.000 euros y apercibimiento de clausura<\/strong>, el lanzamiento de varios balones, o de cualquier otro elemento al terreno de juego procedentes de la grada, con independencia de si el juego\u00a0est\u00e1 o no detenido\u00bb. Si estos hechos se califican como <strong>graves<\/strong>, \u00abel club responsable ser\u00e1 sancionado con multa en cuant\u00eda de hasta <strong>6.000 euros y clausura parcial de las instalaciones deportivas por un partido<\/strong>\u00ab.<\/p>\n<p data-mrf-recirculation=\"Links P\u00e1rrafos\" class=\"ue-c-article__paragraph paragraph\">En el <strong>art\u00edculo 76<\/strong>, sobre el correcto desarrollo de los espect\u00e1culos deportivos, el c\u00f3digo tambi\u00e9n habla de \u00abinfracciones muy graves, la omisi\u00f3n del deber de asegurar el correcto desarrollo de los espect\u00e1culos deportivos que impliquen riesgos para los\/as espectadores\/as o para los\/as participantes en los mismos, tanto en lo que se refiere al desarrollo de la propia actividad deportiva, como a la protecci\u00f3n de los derechos fundamentales y, espec\u00edficamente, los que impliquen comportamientos racistas, xen\u00f3fobos o intolerantes\u00bb. <strong>Parece muy improbable que se llegue a este punto<\/strong>.<\/p>\n<p>Precedente cercano<\/p>\n<p data-mrf-recirculation=\"Links P\u00e1rrafos\" class=\"ue-c-article__paragraph paragraph\">Si nos remitimos al precedente del <strong>derbi madrile\u00f1o<\/strong> entre <strong>Atl\u00e9tico de Madrid<\/strong> y <strong>Real Madrid <\/strong>de la pasada temporada pasada, cuando lanzaron objetos al \u00e1rea de <strong>Thibaut Courtois<\/strong>, <strong>los incidentes del S\u00e1nchez-Pizju\u00e1n podr\u00edan considerarse graves<\/strong>. En ese caso, la consecuencia ser\u00eda el <strong>cierre parcial de la grada del fondo norte durante tres encuentros y una multa de 45.000 euros para el Sevilla<\/strong>. Eso s\u00ed, <strong>Apelaci\u00f3n limit\u00f3 el cierre a un partido y dej\u00f3 la multa en 3.000 euros<\/strong>, algo a lo que podr\u00eda aferrarse la entidad nervionense.<\/p>\n<p data-mrf-recirculation=\"Links P\u00e1rrafos\" class=\"ue-c-article__paragraph paragraph\">En el mencionado art\u00edculo 76, se puede leer que cuando \u00abel hecho causante se produzca en un solo sector o grada, podr\u00e1 imponerse, valorando las circunstancias concurrentes y la gravedad de los hechos, la sanci\u00f3n de clausura parcial del recinto deportivo\u00bb. Por tanto, <strong>queda pr\u00e1cticamente descartado el cierre total del estadio<\/strong>. El pr\u00f3ximo <strong>mi\u00e9rcoles <\/strong>se conocer\u00e1 la <strong>resoluci\u00f3n<\/strong>.<\/p>\n<p>El acta arbitral<\/p>\n<p data-mrf-recirculation=\"Links P\u00e1rrafos\" class=\"ue-c-article__paragraph paragraph\">El colegiado Jos\u00e9 Luis Munuera Montero reflej\u00f3 el siguiente texto en el acta arbitral:<\/p>\n<p data-mrf-recirculation=\"Links P\u00e1rrafos\" class=\"ue-c-article__paragraph paragraph\">\u00abEn el minuto 79, desde el fondo norte, se lanzaron varios objetos al terreno de juego, espec\u00edficamente hacia la zona donde se encontraba el equipo visitante, sin que ninguno de ellos llegara a impactar a los jugadores. Entre los objetos lanzados, se pudieron identificar mecheros y varias botellas de agua, algunas de ellas llenas. Ante este incidente, se activ\u00f3 el protocolo de lanzamiento de objetos, solicitando al delegado de campo que procediera a comunicar, a trav\u00e9s de la megafon\u00eda del estadio, un mensaje para que cesaran dichos lanzamientos.<\/p>\n<p data-mrf-recirculation=\"Links P\u00e1rrafos\" class=\"ue-c-article__paragraph paragraph\">Posteriormente, en el minuto 86, y debido a la continua repetici\u00f3n de los lanzamientos de mecheros y varias botellas de agua, desde la misma zona, se procedi\u00f3 a suspender temporalmente el partido, ordenando la retirada de los equipos a los vestuarios.<\/p>\n<p data-mrf-recirculation=\"Links P\u00e1rrafos\" class=\"ue-c-article__paragraph paragraph\">En el vestuario arbitral se reuni\u00f3 a los delegados de ambos equipos, directores de LaLiga, al coordinador de seguridad y al delegado federativo, para informarles sobre la situaci\u00f3n y advertirles que, en caso de repetirse los lanzamientos, se suspender\u00eda definitivamente el partido.<\/p>\n<p data-mrf-recirculation=\"Links P\u00e1rrafos\" class=\"ue-c-article__paragraph paragraph\">Se solicit\u00f3 al coordinador de seguridad que garantizara la seguridad de los participantes para poder reanudar el partido. El coordinador, tras esperar un tiempo prudencial, inform\u00f3 que el\u00a0ambiente se hab\u00eda calmado y que se pod\u00eda proceder con la reanudaci\u00f3n.<\/p>\n<p data-mrf-recirculation=\"Links P\u00e1rrafos\" class=\"ue-c-article__paragraph paragraph\">Los equipos regresaron al terreno de juego aproximadamente 15 minutos despu\u00e9s y el partido se reanud\u00f3 alrededor de 18 minutos despu\u00e9s de la suspensi\u00f3n.\u00a0El partido continu\u00f3 sin nuevos incidentes.\u00bb<\/p>\n","protected":false},"excerpt":{"rendered":"Durante los minutos finales del \u00faltimo Gran Derbi entre Sevilla y Betis, en el Ram\u00f3n S\u00e1nchez-Pizju\u00e1n se vivi\u00f3&hellip;\n","protected":false},"author":2,"featured_media":265864,"comment_status":"","ping_status":"","sticky":false,"template":"","format":"standard","meta":{"footnotes":""},"categories":[268],"tags":[168,25,24,280,282,281,23,167],"class_list":{"0":"post-265863","1":"post","2":"type-post","3":"status-publish","4":"format-standard","5":"has-post-thumbnail","7":"category-futbol","8":"tag-deportes","9":"tag-es","10":"tag-espana","11":"tag-football","12":"tag-futbol","13":"tag-soccer","14":"tag-spain","15":"tag-sports"},"share_on_mastodon":{"url":"https:\/\/pubeurope.com\/@es\/115645687088143147","error":""},"_links":{"self":[{"href":"https:\/\/www.europesays.com\/es\/wp-json\/wp\/v2\/posts\/265863","targetHints":{"allow":["GET"]}}],"collection":[{"href":"https:\/\/www.europesays.com\/es\/wp-json\/wp\/v2\/posts"}],"about":[{"href":"https:\/\/www.europesays.com\/es\/wp-json\/wp\/v2\/types\/post"}],"author":[{"embeddable":true,"href":"https:\/\/www.europesays.com\/es\/wp-json\/wp\/v2\/users\/2"}],"replies":[{"embeddable":true,"href":"https:\/\/www.europesays.com\/es\/wp-json\/wp\/v2\/comments?post=265863"}],"version-history":[{"count":0,"href":"https:\/\/www.europesays.com\/es\/wp-json\/wp\/v2\/posts\/265863\/revisions"}],"wp:featuredmedia":[{"embeddable":true,"href":"https:\/\/www.europesays.com\/es\/wp-json\/wp\/v2\/media\/265864"}],"wp:attachment":[{"href":"https:\/\/www.europesays.com\/es\/wp-json\/wp\/v2\/media?parent=265863"}],"wp:term":[{"taxonomy":"category","embeddable":true,"href":"https:\/\/www.europesays.com\/es\/wp-json\/wp\/v2\/categories?post=265863"},{"taxonomy":"post_tag","embeddable":true,"href":"https:\/\/www.europesays.com\/es\/wp-json\/wp\/v2\/tags?post=265863"}],"curies":[{"name":"wp","href":"https:\/\/api.w.org\/{rel}","templated":true}]}}