{"id":265865,"date":"2025-12-01T18:18:11","date_gmt":"2025-12-01T18:18:11","guid":{"rendered":"https:\/\/www.europesays.com\/es\/265865\/"},"modified":"2025-12-01T18:18:11","modified_gmt":"2025-12-01T18:18:11","slug":"esto-es-lo-que-realmente-gana-tras-invertir-300-000-euros-en-cada-supermercado-la-sirena","status":"publish","type":"post","link":"https:\/\/www.europesays.com\/es\/265865\/","title":{"rendered":"esto es lo que realmente gana tras invertir 300.000 euros en cada supermercado La Sirena"},"content":{"rendered":"<p class=\"ft-text\"><strong>Jos\u00e9 El\u00edas<\/strong>\u00a0es un empresario multimillonario, presidente de Audax Renovables, de La Sirena, adem\u00e1s de accionista en otras compa\u00f1\u00edas. Gracias a sus negocios, el de Badalona\u00a0<strong>ha conseguido acumular un gran patrimonio<\/strong>\u00a0que lo sit\u00faa en el<strong>\u00a0puesto n\u00famero 79 de la lista Forbes,\u00a0<\/strong>con m\u00e1s de 600 millones de euros.<\/p>\n<p class=\"ft-text\">Son muchas las personas que intentan seguir sus pasos, ya que\u00a0<strong>aspiran a lograr el mismo \u00e9xito y reunir una gran fortuna<\/strong>. Es por ese motivo que\u00a0<strong>El\u00edas se ha convertido en &#8216;coach&#8217; empresarial,\u00a0<\/strong>participa en varias tertulias televisivas y publica v\u00eddeos en sus redes sociales.<\/p>\n<p class=\"ft-text\">Hace unos meses, el multimillonario confes\u00f3 que <strong>se arruin\u00f3 a los 23 a\u00f1os y, diez a\u00f1os m\u00e1s tarde, volvi\u00f3 a pasar por lo mismo: <\/strong>\u00abFue cuando muri\u00f3 mi padre y me di cuenta de que<strong> no ten\u00eda ni idea de dirigir una empresa. <\/strong>No sab\u00eda de lo que iba, y <strong>despu\u00e9s me resurg\u00ed y cuando me arruin\u00e9 con 33 a\u00f1os, <\/strong>que fue por la crisis del 2008, <strong>ah\u00ed s\u00ed que ten\u00eda conocimientos\u00bb.<\/strong><\/p>\n<p class=\"ft-text\">Jos\u00e9 El\u00edas public\u00f3 en la red social X (antes Twitter) <strong>datos de la cadena de congelados La Sirena, <\/strong>su negocio, y sorprendi\u00f3 a muchos:<strong> \u00abMontar un supermercado La Sirena cuesta 300.000 euros. Y solo me deja 30.000 euros de beneficio al a\u00f1o\u00bb.<\/strong><\/p>\n<p class=\"ft-text\">El empresario detall\u00f3 que <strong>por cada supermercado que abre invierte 300.000 euros, contrata a cuatro personas, <\/strong>y es consciente de que una de cada diez tiendas acabar\u00e1 cerrando. Adem\u00e1s, <strong>de media, el 7% de los empleados estar\u00e1 de baja,<\/strong> y aun as\u00ed deber\u00e1 seguir pagando sus sueldos.<\/p>\n<blockquote class=\"twitter-tweet\">\n<p lang=\"es\" dir=\"ltr\">Si t\u00fa tuvieras 300.000\u20ac ahorrados, \u00bflos invertir\u00edas en un negocio que gana 30.000\u20ac al a\u00f1o?<\/p>\n<p>Montar un supermercado La Sirena cuesta 300.000\u20ac. Y solo me deja 30.000\u20ac de beneficio al a\u00f1o.<\/p>\n<p>Cuando les hago esa pregunta, la mayor\u00eda dice que no.<br \/>Y lo entiendo.<\/p>\n<p>Con esos 300.000 \u20ac\u2026<\/p>\n<p>\u2014 Jose El\u00edas Navarro (@jose_elias_nvr) <a href=\"https:\/\/twitter.com\/jose_elias_nvr\/status\/1990353105930645805?ref_src=twsrc%5Etfw\" rel=\"nofollow noopener\" target=\"_blank\">November 17, 2025<\/a><\/p><\/blockquote>\n<p class=\"ft-text\">\u00abCuando lo explicas as\u00ed, muchos entienden el riesgo. Hasta que multiplican los n\u00fameros:<strong> 30.000 euros x 300 supermercados = 9 millones de euros.<\/strong> Entonces te sueltan: <strong>\u00bfPara qu\u00e9 necesitas ganar tanto dinero? Pues para poder asumir 300 inversiones de 300.000 euros, gestionar 1.200 personas<\/strong> y resolver 300 problemas distintos cada d\u00eda\u00bb, explic\u00f3.<\/p>\n<p class=\"ft-text\">El\u00edas tiene muy claro que <strong>\u00abdetr\u00e1s de cada euro de beneficio hay riesgo, estr\u00e9s y decisiones dif\u00edciles\u00bb<\/strong>, y que cuando alguien dice que los empresarios ganan demasiado, \u00e9l siempre piensa lo mismo: <strong>\u00abNo tienen ni idea de lo que cuesta mantener todo esto en pie\u00bb.<\/strong><\/p>\n<p><script async src=\"https:\/\/platform.twitter.com\/widgets.js\" charset=\"utf-8\"><\/script><\/p>\n","protected":false},"excerpt":{"rendered":"Jos\u00e9 El\u00edas\u00a0es un empresario multimillonario, presidente de Audax Renovables, de La Sirena, adem\u00e1s de accionista en otras compa\u00f1\u00edas.&hellip;\n","protected":false},"author":2,"featured_media":265866,"comment_status":"","ping_status":"","sticky":false,"template":"","format":"standard","meta":{"footnotes":""},"categories":[174],"tags":[255,95,15279,18393,146,147,25,24,256,2467,18787,9474,23],"class_list":{"0":"post-265865","1":"post","2":"type-post","3":"status-publish","4":"format-standard","5":"has-post-thumbnail","7":"category-famosos","8":"tag-celebrities","9":"tag-economia","10":"tag-elias","11":"tag-empresario","12":"tag-entertainment","13":"tag-entretenimiento","14":"tag-es","15":"tag-espana","16":"tag-famosos","17":"tag-jose","18":"tag-multimillonario","19":"tag-sincera","20":"tag-spain"},"share_on_mastodon":{"url":"https:\/\/pubeurope.com\/@es\/115645691183902144","error":""},"_links":{"self":[{"href":"https:\/\/www.europesays.com\/es\/wp-json\/wp\/v2\/posts\/265865","targetHints":{"allow":["GET"]}}],"collection":[{"href":"https:\/\/www.europesays.com\/es\/wp-json\/wp\/v2\/posts"}],"about":[{"href":"https:\/\/www.europesays.com\/es\/wp-json\/wp\/v2\/types\/post"}],"author":[{"embeddable":true,"href":"https:\/\/www.europesays.com\/es\/wp-json\/wp\/v2\/users\/2"}],"replies":[{"embeddable":true,"href":"https:\/\/www.europesays.com\/es\/wp-json\/wp\/v2\/comments?post=265865"}],"version-history":[{"count":0,"href":"https:\/\/www.europesays.com\/es\/wp-json\/wp\/v2\/posts\/265865\/revisions"}],"wp:featuredmedia":[{"embeddable":true,"href":"https:\/\/www.europesays.com\/es\/wp-json\/wp\/v2\/media\/265866"}],"wp:attachment":[{"href":"https:\/\/www.europesays.com\/es\/wp-json\/wp\/v2\/media?parent=265865"}],"wp:term":[{"taxonomy":"category","embeddable":true,"href":"https:\/\/www.europesays.com\/es\/wp-json\/wp\/v2\/categories?post=265865"},{"taxonomy":"post_tag","embeddable":true,"href":"https:\/\/www.europesays.com\/es\/wp-json\/wp\/v2\/tags?post=265865"}],"curies":[{"name":"wp","href":"https:\/\/api.w.org\/{rel}","templated":true}]}}