{"id":265879,"date":"2025-12-01T18:26:34","date_gmt":"2025-12-01T18:26:34","guid":{"rendered":"https:\/\/www.europesays.com\/es\/265879\/"},"modified":"2025-12-01T18:26:34","modified_gmt":"2025-12-01T18:26:34","slug":"el-lapsus-por-el-que-ursula-corbero-ha-confirmado-sin-querer-si-el-bebe-que-espera-es-nino-o-nina","status":"publish","type":"post","link":"https:\/\/www.europesays.com\/es\/265879\/","title":{"rendered":"El lapsus por el que \u00darsula Corber\u00f3 ha confirmado sin querer si el beb\u00e9 que espera es ni\u00f1o o ni\u00f1a"},"content":{"rendered":"<p style=\"\">Los seguidores de <a href=\"https:\/\/www.abc.es\/gente\/vida-personal-ursula-corbero-pasado-antes-actriz-relacion-chino-darin-anteriores-novios-20241203101010-nt.html\" target=\"_self\" data-voc-vtm-id=\"in-text-traffic\" title=\"\u00darsula Corber\u00f3\" data-mrf-link=\"www.abc.es\" rel=\"nofollow noopener\">\u00darsula Corber\u00f3<\/a> (36 a\u00f1os) se quedaban con la boca abierta al leer un comunicado emitido en redes sociales que <strong>est\u00e1 embaraza de su primer hijo<\/strong> con su pareja, el tambi\u00e9n actor <a href=\"https:\/\/www.abc.es\/gente\/ursula-corbero-anuncia-embarazada-20250909184602-nt.html\" target=\"_self\" data-voc-vtm-id=\"in-text-traffic\" title=\"Chino Dar\u00edn\" data-mrf-link=\"www.abc.es\" rel=\"nofollow noopener\">Chino Dar\u00edn<\/a> (36 a\u00f1os), con quien lleva saliendo  &#8230; varios a\u00f1os. Y muy felices. Ahora se ha podido conocer que <strong>la int\u00e9rprete ha viajado hasta Buenos Aires<\/strong>, en Argentina, pa\u00eds natal de \u00e9l, donde ha estado compartiendo diferentes instant\u00e1neas en redes sociales. Y alguna ha revelado <strong>m\u00e1s informaci\u00f3n de la cuenta<\/strong>.<\/p>\n<p class=\"voc-p\" style=\"\">Es lo que tienen las redes. Uno se viene muy arriba y cuando se quiere dar cuenta ha transmitido por todo del mundo <strong>m\u00e1s cosas de lo que le gustar\u00eda<\/strong>. En este caso, la int\u00e9rprete de &#8216;La Casa de Papel&#8217; ha querido hacer part\u00edcipes a todos sus seguidores de sus andanzas y actividades por la capital argentina y ha ido subiendo algunas fotograf\u00edas mostrando sus estivales looks\u2026 <strong>y presumiendo de tripita<\/strong>.<\/p>\n<p class=\"voc-p\" style=\"\">Lo que ocurre es que en estas se le ha colado a <a href=\"https:\/\/www.abc.es\/gente\/ursula-corbero-cumple-anos-mejores-momentos-20250811140619-vi.html\" target=\"_self\" data-voc-vtm-id=\"in-text-traffic\" title=\"\u00darsula Corber\u00f3\" data-mrf-link=\"www.abc.es\" rel=\"nofollow noopener\">\u00darsula Corber\u00f3<\/a> una imagen que ha conseguido que muchos utilizaran la herramienta de la lupa para <strong>empezar a atar cabos y cuadrar el c\u00edrculo de sus sospechas<\/strong>. Hasta que algunos han alzado la voz de alerta: sexo de beb\u00e9 descubierto.<\/p>\n<p>\nEl detalle de los patucos\n<\/p>\n<p class=\"voc-p\" style=\"\">A trav\u00e9s de las<strong> historias temporales<\/strong> de su cuenta oficial de Instagram, \u00darsula Corber\u00f3 public\u00f3 unas im\u00e1genes mostrando los imparables y visibles avances de su pr\u00f3xima maternidad mientras escrib\u00eda \u00ab<strong>Embarazo en Baires<\/strong>\u00bb en una primera fotograf\u00eda que acompa\u00f1\u00f3 a un selfi realizado en un ascensor y del que fueron testigos sus m\u00e1s de 19 millones de seguidores.<\/p>\n<p class=\"voc-p\" style=\"\">Y poco despu\u00e9s llegaba la fotograf\u00eda que ha originado tanto revuelo y comentario, pues todo el mundo sabe que el sexo del beb\u00e9 suele ser siempre <strong>uno de los secretos mejor guardados en cualquier embarazo<\/strong>. Y m\u00e1s en el caso de un personaje p\u00fablico, como es el de la actriz.<\/p>\n<p class=\"voc-p\" style=\"\">\u00bfQu\u00e9 es lo que se ve\u00eda? Muy sencillo: la catalana estaba en el interior de su coche y desde all\u00ed se pod\u00eda apreciar<strong> un precioso regalo<\/strong> que alguien cercano habr\u00eda hecho a la pareja para su futuro beb\u00e9. Y era ni m\u00e1s ni menos que unos patucos hechos a mano\u2026 de color azul.<\/p>\n<p>\nLa alegr\u00eda de los suegros\n<\/p>\n<p class=\"voc-p\" style=\"\">Puede ser que sea un poco anticuado ya eso del azul y el rosa, pero los millones de seguidores se han atrevido a afirmar que el misterio estaba resuelto y los m\u00e1s bromistas comenzaban a deslizar la siguiente cuesti\u00f3n: \u00bf<strong>se va a llamar como el padre<\/strong>?<\/p>\n<p class=\"voc-title\">Ricardo Dar\u00edn coment\u00f3 hace poco en un programa de radio que cre\u00eda que el parto estaba programado para que el beb\u00e9 nazca en Espa\u00f1a<\/p>\n<p class=\"voc-p\" style=\"\">Pero la vida sigue, con historias de Instagram o sin ellas, y \u00darsula Corber\u00f3 ha continuado su viaje por Buenos Aires y <strong>est\u00e1 disfrutando al m\u00e1ximo de su tiempo libre<\/strong> junto a su pareja y la familia del chico. A su lado se encuentran sus suegros, <a href=\"https:\/\/www.abc.es\/gente\/vivio-ricardo-darin-noticia-embarazo-chino-ursula-20250911170000-nt.html\" target=\"_self\" data-voc-vtm-id=\"in-text-traffic\" title=\"Ricardo Dar\u00edn\" data-mrf-link=\"www.abc.es\" rel=\"nofollow noopener\">Ricardo Dar\u00edn<\/a> y Florencia Bas, y su cu\u00f1ada, Clara Dar\u00edn.<\/p>\n<p class=\"voc-p\" style=\"\">Otra de las cuestiones que se preguntan los seguidores de la actriz es d\u00f3nde nacer\u00e1 el peque\u00f1o. De momento, todo apunta a que <strong>podr\u00edan quedarse en Buenos Aires<\/strong>, si bien Ricardo Dar\u00edn coment\u00f3 hace poco en un programa de radio que cre\u00eda que el parto estaba programado para que nazca en Espa\u00f1a, aunque agreg\u00f3. \u00abPero la naturaleza a veces es caprichosa\u00bb.<\/p>\n","protected":false},"excerpt":{"rendered":"Los seguidores de \u00darsula Corber\u00f3 (36 a\u00f1os) se quedaban con la boca abierta al leer un comunicado emitido&hellip;\n","protected":false},"author":2,"featured_media":265880,"comment_status":"","ping_status":"","sticky":false,"template":"","format":"standard","meta":{"footnotes":""},"categories":[91],"tags":[8680,8723,29353,146,147,25,24,4351,24178,1388,899,18170,23,29352],"class_list":{"0":"post-265879","1":"post","2":"type-post","3":"status-publish","4":"format-standard","5":"has-post-thumbnail","7":"category-entretenimiento","8":"tag-bebe","9":"tag-confirmado","10":"tag-corbero","11":"tag-entertainment","12":"tag-entretenimiento","13":"tag-es","14":"tag-espana","15":"tag-espera","16":"tag-lapsus","17":"tag-nina","18":"tag-nino","19":"tag-querer","20":"tag-spain","21":"tag-ursula"},"share_on_mastodon":{"url":"https:\/\/pubeurope.com\/@es\/115645722421594780","error":""},"_links":{"self":[{"href":"https:\/\/www.europesays.com\/es\/wp-json\/wp\/v2\/posts\/265879","targetHints":{"allow":["GET"]}}],"collection":[{"href":"https:\/\/www.europesays.com\/es\/wp-json\/wp\/v2\/posts"}],"about":[{"href":"https:\/\/www.europesays.com\/es\/wp-json\/wp\/v2\/types\/post"}],"author":[{"embeddable":true,"href":"https:\/\/www.europesays.com\/es\/wp-json\/wp\/v2\/users\/2"}],"replies":[{"embeddable":true,"href":"https:\/\/www.europesays.com\/es\/wp-json\/wp\/v2\/comments?post=265879"}],"version-history":[{"count":0,"href":"https:\/\/www.europesays.com\/es\/wp-json\/wp\/v2\/posts\/265879\/revisions"}],"wp:featuredmedia":[{"embeddable":true,"href":"https:\/\/www.europesays.com\/es\/wp-json\/wp\/v2\/media\/265880"}],"wp:attachment":[{"href":"https:\/\/www.europesays.com\/es\/wp-json\/wp\/v2\/media?parent=265879"}],"wp:term":[{"taxonomy":"category","embeddable":true,"href":"https:\/\/www.europesays.com\/es\/wp-json\/wp\/v2\/categories?post=265879"},{"taxonomy":"post_tag","embeddable":true,"href":"https:\/\/www.europesays.com\/es\/wp-json\/wp\/v2\/tags?post=265879"}],"curies":[{"name":"wp","href":"https:\/\/api.w.org\/{rel}","templated":true}]}}