{"id":265883,"date":"2025-12-01T18:29:09","date_gmt":"2025-12-01T18:29:09","guid":{"rendered":"https:\/\/www.europesays.com\/es\/265883\/"},"modified":"2025-12-01T18:29:09","modified_gmt":"2025-12-01T18:29:09","slug":"lideres-musulmanes-piden-ayuda-al-papa-para-que-el-libano-se-libere-de-sus-crisis-y-guerras","status":"publish","type":"post","link":"https:\/\/www.europesays.com\/es\/265883\/","title":{"rendered":"L\u00edderes musulmanes piden ayuda al Papa \u00abpara que el L\u00edbano se libere de sus crisis y guerras\u00bb"},"content":{"rendered":"<p style=\"\">En la imponente plaza de los M\u00e1rtires, en pleno centro de Beirut, y a la sombra de la mezquita de Mohammed Al-Amin, la m\u00e1s grande del pa\u00eds, y la catedral maronita de San Jorge, el <a href=\"https:\/\/www.abc.es\/sociedad\/papa-aterriza-beirut-semana-despues-israel-atacara-20251130181249-nt.html\" target=\"_self\" data-voc-vtm-id=\"in-text-traffic\" title=\"Papa Le\u00f3n XIV\" data-mrf-link=\"www.abc.es\" rel=\"nofollow noopener\">Papa Le\u00f3n XIV<\/a> ha tenido un encuentro \u00abinterreligioso\u00bb,  &#8230; un modo elegante de referirse a su discurso a los musulmanes de este pa\u00eds, aproximadamente el 60% de la poblaci\u00f3n. Pero m\u00e1s que lo que Le\u00f3n XIV ha dicho a ellos, ha impactado el tono y el contenido de lo que ellos han dicho a Le\u00f3n XIV. <\/p>\n<p class=\"voc-p\" style=\"\">\u00abPonemos la cuesti\u00f3n del L\u00edbano en sus manos, con todas sus capacidades a nivel internacional, para que pueda ayudar a nuestro pa\u00eds a liberarse de las crisis acumuladas\u00bb, le ha dicho Ali El-Khatib, del Consejo Isl\u00e1mico chi\u00ed, que ha denunciado la agresi\u00f3n de Israel. Un l\u00edder cristiano, Mar Ignazio Efraim II, patriarca de Antioqu\u00eda y l\u00edder de la Iglesia siro ortodoxa le ha asegurado que \u00aben los \u00faltimos a\u00f1os, en nuestros pa\u00edses, musulmanes y cristianos se han convertido en v\u00edctimas de acusaciones de apostas\u00eda por parte de terroristas, guerras sangrientas y un feroz enemigo israel\u00ed, lo que ha acelerado la migraci\u00f3n forzosa de muchos\u00bb.<\/p>\n<p class=\"voc-p\" style=\"\"> Otro participante, Mouhamad al Cheikh Saleh Akkar Abboudieh, del norte del L\u00edbano, en la frontera con Siria, ha explicado a ABC mientras llegaba el Papa que \u00abes un honor encontrarlo\u00bb, y ha pedido al Papa \u00abhumildemente que recuerde en sus oraciones a las comunidades alauitas, el grupo m\u00e1s cercano al exl\u00edder sirio al Assad, que tras su ca\u00edda es v\u00edctima de represi\u00f3n en Siria. <\/p>\n<p class=\"voc-p\" style=\"\">\u00abEl di\u00e1logo interreligioso aqu\u00ed est\u00e1 vivo y da buenos frutos en cuestiones cotidianas. Pero cuando se trata de diplomacia o de intereses que afectan a la pol\u00edtica, entonces es m\u00e1s dif\u00edcil\u00bb, ha explica a ABC C\u00e9sar Essayan, vicario apost\u00f3lico latino de Beirut. En este pa\u00eds, religi\u00f3n y pol\u00edtica est\u00e1n trenzadas, y existen partidos pol\u00edticos cristianos y musulmanes de todas las corrientes y con intereses tambi\u00e9n enfrentados. Algunos son ideol\u00f3gicamente cercanos a Mosc\u00fa, otros a Ir\u00e1n y otros a Occidente, pero en general los intereses de esos partidos sofocan el di\u00e1logo interreligioso. <\/p>\n<p>\n\u00abLos hombres de fe deben tomar las riendas\u00bb\n<\/p>\n<p class=\"voc-p\" style=\"\">\u00abCreo que los hombres de fe debemos tomar las riendas y no dejarnos llevar por los intereses de algunos partidos pol\u00edticos, que a menudo no coinciden con el bien com\u00fan y el bien de la naci\u00f3n\u00bb, dice Essayan. Por eso, es muy simb\u00f3lico que el Papa les haya se\u00f1alado una causa \u00abinterreligiosa\u00bb compartida diferente de las que menciona en otros lugares, como la ecolog\u00eda o la ayuda humanitaria. Aqu\u00ed les ha pedido que arrimen el hombro para sacar adelante su pa\u00eds.<\/p>\n<p class=\"voc-p\" style=\"\">\u00abLa paz es posible, la reconciliaci\u00f3n es posible\u00bb, les ha dicho suscitando aplausos. \u00abVosotros ten\u00e9is la misi\u00f3n de dar testimonio de la verdad imperecedera de que cristianos, musulmanes, drusos y muchos otros pueden vivir juntos y construir un pa\u00eds unido por el respeto y el di\u00e1logo\u00bb, ha a\u00f1adido. Pensando sobre todo en la regi\u00f3n, donde parece que s\u00f3lo hay espacio para creyentes de una religi\u00f3n, \u00aben una \u00e9poca en la que la coexistencia puede parecer un sue\u00f1o lejano, el pueblo liban\u00e9s, aun abrazando diferentes religiones, se erige como un poderoso recordatorio de que el miedo, la desconfianza y los prejuicios no tienen la \u00faltima palabra, y que la unidad, la reconciliaci\u00f3n y la paz son posibles\u00bb, ha continuado. Tambi\u00e9n les ha planteado que el di\u00e1logo que mantengan \u00abrechace los prejuicios, la discriminaci\u00f3n y la persecuci\u00f3n, y afirme la igual dignidad de todo ser humano\u00bb.<\/p>\n<p><img decoding=\"async\" loading=\"lazy\" src=\"https:\/\/www.europesays.com\/es\/wp-content\/uploads\/2025\/12\/jeque-U30572881615LfX-170x170@diario_abc.jpg\" class=\"voc-img\" width=\"170\" height=\"170\" alt=\"Imagen - \u00abCuando regreses a tu pa\u00eds cuenta lo que aqu\u00ed ocurre, que no estamos unos contra otros, aunque tengamos distintas opiniones\u00bb\"\/><\/p>\n<p class=\"voc-title\">\u00abCuando regreses a tu pa\u00eds cuenta lo que aqu\u00ed ocurre, que no estamos unos contra otros, aunque tengamos distintas opiniones\u00bb<\/p>\n<p class=\"voc-article-position__name\">Rabih Kobeissy<\/p>\n<p class=\"voc-article-position__employ\">Jeque chi\u00ed<\/p>\n<p class=\"voc-p\" style=\"\">Ha sido un encuentro largo, con muchos discursos, pues han intervenido los 18 representantes de las 18 religiones y confesiones que hay en el pa\u00eds. Pero el Papa lo ha seguido con atenci\u00f3n, y se ha puesto de pie para dirigirse a ellos, a pesar de que los organizadores le hab\u00edan puesto una silla. Antes de despedirse han plantado juntos un olivo, que como la paz, necesitar\u00e1 cuidados y tiempo para echar ra\u00edces.<\/p>\n<p class=\"voc-p\" style=\"\">Le miraba en una de las primeras filas visiblemente satisfecho el jeque chi\u00ed Rabih Kobeissy, del sur del L\u00edbano. \u00abCuando regreses a tu pa\u00eds, cuenta lo que aqu\u00ed ocurre, cuenta que no estamos unos contra otros, aunque tengamos opiniones diferentes\u00bb, ha solicitado al corresponsal de este peri\u00f3dico. \u00abAqu\u00ed podemos vivir juntos porque vemos al otro tal y como es, y no se trata de convencerlo de la propia religi\u00f3n sino de convivir con las diferencias. Occidente no refleja que colaboramos, y s\u00f3lo habla de nosotros cuando hay conflictos\u00bb, ha dicho antes de marcharse.<\/p>\n","protected":false},"excerpt":{"rendered":"En la imponente plaza de los M\u00e1rtires, en pleno centro de Beirut, y a la sombra de la&hellip;\n","protected":false},"author":2,"featured_media":265884,"comment_status":"","ping_status":"","sticky":false,"template":"","format":"standard","meta":{"footnotes":""},"categories":[42],"tags":[3229,17,18,4170,13,14,50521,11,61,62,63,64,19,20,13831,65819,19715,15656,9,10,15,16,12629,5747,12,21,22,65,66,67],"class_list":{"0":"post-265883","1":"post","2":"type-post","3":"status-publish","4":"format-standard","5":"has-post-thumbnail","7":"category-internacional","8":"tag-ayuda","9":"tag-breaking-news","10":"tag-breakingnews","11":"tag-crisis","12":"tag-featured-news","13":"tag-featurednews","14":"tag-guerras","15":"tag-headlines","16":"tag-internacional","17":"tag-international","18":"tag-international-news","19":"tag-internationalnews","20":"tag-latest-news","21":"tag-latestnews","22":"tag-libano","23":"tag-libere","24":"tag-lideres","25":"tag-musulmanes","26":"tag-news","27":"tag-noticias","28":"tag-noticias-destacadas","29":"tag-noticiasdestacadas","30":"tag-papa","31":"tag-piden","32":"tag-titulares","33":"tag-ultimas-noticias","34":"tag-ultimasnoticias","35":"tag-world","36":"tag-world-news","37":"tag-worldnews"},"share_on_mastodon":{"url":"https:\/\/pubeurope.com\/@es\/115645734602857565","error":""},"_links":{"self":[{"href":"https:\/\/www.europesays.com\/es\/wp-json\/wp\/v2\/posts\/265883","targetHints":{"allow":["GET"]}}],"collection":[{"href":"https:\/\/www.europesays.com\/es\/wp-json\/wp\/v2\/posts"}],"about":[{"href":"https:\/\/www.europesays.com\/es\/wp-json\/wp\/v2\/types\/post"}],"author":[{"embeddable":true,"href":"https:\/\/www.europesays.com\/es\/wp-json\/wp\/v2\/users\/2"}],"replies":[{"embeddable":true,"href":"https:\/\/www.europesays.com\/es\/wp-json\/wp\/v2\/comments?post=265883"}],"version-history":[{"count":0,"href":"https:\/\/www.europesays.com\/es\/wp-json\/wp\/v2\/posts\/265883\/revisions"}],"wp:featuredmedia":[{"embeddable":true,"href":"https:\/\/www.europesays.com\/es\/wp-json\/wp\/v2\/media\/265884"}],"wp:attachment":[{"href":"https:\/\/www.europesays.com\/es\/wp-json\/wp\/v2\/media?parent=265883"}],"wp:term":[{"taxonomy":"category","embeddable":true,"href":"https:\/\/www.europesays.com\/es\/wp-json\/wp\/v2\/categories?post=265883"},{"taxonomy":"post_tag","embeddable":true,"href":"https:\/\/www.europesays.com\/es\/wp-json\/wp\/v2\/tags?post=265883"}],"curies":[{"name":"wp","href":"https:\/\/api.w.org\/{rel}","templated":true}]}}