{"id":265885,"date":"2025-12-01T18:30:10","date_gmt":"2025-12-01T18:30:10","guid":{"rendered":"https:\/\/www.europesays.com\/es\/265885\/"},"modified":"2025-12-01T18:30:10","modified_gmt":"2025-12-01T18:30:10","slug":"el-coyote-cada-cuatro-domingos","status":"publish","type":"post","link":"https:\/\/www.europesays.com\/es\/265885\/","title":{"rendered":"El Coyote cada cuatro domingos"},"content":{"rendered":"<p>Como cada cuatro domingos, Espa\u00f1a ha vuelto a quedarse al borde del abismo. Como cada cuatro domingos, un pa\u00eds a punto de caer por el acantilado flota en el aire sin nada bajo los pies, como el Coyote tras el Correcaminos. Como cada cuatro domingos, la situaci\u00f3n es insostenible y esto no puede durar un solo d\u00eda m\u00e1s. Como cada cuatro domingos, el pueblo espa\u00f1ol se ech\u00f3 de nuevo a la calle este finde para decirle, ahora s\u00ed que s\u00ed, basta al sanchismo. Si no todo el pueblo, buena parte de \u00e9l. 80.000 asistentes se manifestaron en el madrile\u00f1o Templo de Debod seg\u00fan cifras aportadas por un Partido Popular que si nunca nos ha mentido no va a empezar a hacerlo a estas alturas. Si nos quedamos con estos datos \u2013obviando que en esa superficie, seg\u00fan la geometr\u00eda caben 20.000\u2013, cuando los l\u00edderes populares aseguraban que all\u00ed estaba presente toda Espa\u00f1a, se refer\u00edan, en realidad, al 0,17% de Espa\u00f1a. Un porcentaje similar al de presos de Soto del Real sin carnet del partido.<\/p>\n<p>Menos los presos \u2013PP presoak etxera\u2013 y las decenas de cargos a la espera de juicio, all\u00ed estaba todo el que ten\u00eda que estar clamando contra la corrupci\u00f3n. Un problema que no solo le duele al dirigente del PP, tambi\u00e9n al votante le duele de forma genuina, sincera. La estrella m\u00e1xima del bolo, la m\u00e1s aplaudida y jaleada, fue la Ayuso del hermano comisionista, el novio con Maserati y testaferro y los avales p\u00fablicos a familiares que se perdieron y nadie encuentra; clamando contra el esc\u00e1ndalo que supone la entrada en prisi\u00f3n de un exministro como \u00c1balos. Estuvo tambi\u00e9n Jos\u00e9 Mar\u00eda Aznar, r\u00e9cord en abdominales y ministros encarcelados e imputados. Por estar, estuvo incluso aquel tipo que se jodi\u00f3 la mu\u00f1eca reventando discos duros a martillazos. \u00bfC\u00f3mo est\u00e1s?, le preguntaban cari\u00f1osos los asistentes acarici\u00e1ndole el hombro y \u00e9l respond\u00eda que tirando, mejorcito. Gracias a la fisioterapia y mucho esfuerzo, ya puede ir agarrando cosas con esa mano. En la quedada contra la corrupci\u00f3n estuvieron todos los que ten\u00edan que estar, pero, sobre todo, estuvieron muchos ciudadanos an\u00f3nimos que no pueden m\u00e1s con tanto choriceo. De entre todos los personajes desconocidos que acudieron a la mani contra la corrupci\u00f3n, quiz\u00e1 el m\u00e1s pintoresco fuese un tipo gallego con barba y gafas llamado M Punto Rajoy. Como le pas\u00f3 a un se\u00f1or de Murcia de pelo blanco al que confundieron durante el encendido navide\u00f1o con Richard Gere, a este lo confundieron con un presi anterior y se pas\u00f3 la ma\u00f1ana dando la mano.<\/p>\n<p>En un ambiente que combinaba lo festivo con lo dram\u00e1tico, como sucede cada cuatro domingos, se record\u00f3 la urgencia hist\u00f3rica que estaba en juego pero tambi\u00e9n se alumbr\u00f3 un futuro repleto de esperanza. Tras saludar a los asistentes con un solemne \u201cAnotop At, terr\u00edcolas\u201d, Alberto N\u00fa\u00f1ez Feij\u00f3o, subordinado de Ayuso con el encargo de sacarnos de esta, desgran\u00f3 las que ser\u00e1n sus primeras medidas como presidente del Gobierno de Espa\u00f1a cuando, por fin, el hombre se anime a serlo. Con un tono grit\u00f3n que de moderado en lo ac\u00fastico tuvo poco, Feij\u00f3o prometi\u00f3 hacer una auditor\u00eda para sacar a la luz hasta el \u00faltimo caso de corrupci\u00f3n. Del Gobierno de S\u00e1nchez, puntualiz\u00f3 cuando su mirada se cruz\u00f3 con la de Ayuso y se le empez\u00f3 a poner cara de Pablo Casado. M\u00e1s all\u00e1 de chillidos antisanchistas, Feij\u00f3o prometi\u00f3 ante toda Espa\u00f1a, all\u00ed presente, una bajada de impuestos y un endurecimiento en las pol\u00edticas migratorias, medidas aplaudidas, pero no jaleadas como la ocasi\u00f3n merec\u00eda. Cuando has dibujado un panorama en el que una banda criminal tiene secuestrado un pa\u00eds que ha quedado arrasado, qu\u00e9 menos que un lanzamiento de sacos de arroz y medicinas o una buena intervenci\u00f3n militar de la OTAN.<\/p>\n<p>A 400 metros de all\u00ed, frente a la sede del PSOE en Ferraz, se contramanifestaba la escisi\u00f3n efusiva del PP, la derecha aut\u00e9ntica, la que de verdad piensa que en Espa\u00f1a las calles las ponen cada ma\u00f1ana Josu Ternera y un narcotraficante sobrino de Maduro. La escisi\u00f3n que act\u00faa en consecuencia cortando calles, la que ejerce su libertad llamando maricones a los ministros, putas a las ministras o pidiendo el pared\u00f3n contra el presidente democr\u00e1ticamente elegido. \u201cMe gusta la fruta\u201d versus \u201cPerro Sanxe hijo de puta\u201d o \u201cPedro S\u00e1nchez, tiro en la nuca\u201d. Gritos honestos, nada disfrazados, lanzados frente a una c\u00e1mara de TVE mientras llamas guarra a la periodista y le pasas por la cara una bandera de Espa\u00f1a a modo de agresi\u00f3n, que es para lo que sirven las banderas. Horas despu\u00e9s, Ayuso, encargada de recuperar votos perdidos en la escisi\u00f3n, afea que Vox se manifieste por su cuenta y no bajo el logo de la empresa matriz. Desde Vox responden que la pistola se saca para disparar, el que la saca para ense\u00f1arla es un parguela. Es teatro. Los modelos no se enfrentan, se complementan. En el templo de Debod y cortando las calles frente a la sede del PSOE se viene a lo mismo. Tras los discursos y los gritos en un lugar y en otro coincid\u00edan los espa\u00f1oles de bien en que el presidente del Gobierno tendr\u00eda que estar ya en la c\u00e1rcel. El delito a\u00fan no lo conocemos, pero eso no es problema. Podr\u00eda el Supremo meterlo en prisi\u00f3n y, ya con el ambiente m\u00e1s calmado, ir escribiendo la sentencia que explique lo que pas\u00f3. Ser\u00eda una forma de recuperar esta democracia que est\u00e1 en peligro cada d\u00eda. Lo seguir\u00e1 estando dentro de cuatro domingos. Siete a\u00f1os llevamos as\u00ed y nunca se acaba la dinamita ACME.<\/p>\n<p>Como cada cuatro domingos, Espa\u00f1a ha vuelto a quedarse al borde del abismo. Como cada cuatro domingos, un pa\u00eds a punto de caer por el acantilado flota en el aire sin nada bajo los pies, como el Coyote tras el Correcaminos. Como cada cuatro domingos, la situaci\u00f3n es insostenible y esto no puede durar un solo d\u00eda&#8230;<br \/>\n                                <\/p>\n<p>\t\t\t\t    Este art\u00edculo es exclusivo para las personas suscritas a CTXT. Puedes iniciar sesi\u00f3n <strong><a href=\"https:\/\/ctxt.es\/auth\" rel=\"nofollow noopener\" target=\"_blank\">aqu\u00ed<\/a><\/strong> o suscribirte <strong><a target=\"_blank\" href=\"https:\/\/agora.ctxt.es\/suscripciones\/\" rel=\"nofollow noopener\">aqu\u00ed<\/a><\/strong><\/p>\n","protected":false},"excerpt":{"rendered":"Como cada cuatro domingos, Espa\u00f1a ha vuelto a quedarse al borde del abismo. Como cada cuatro domingos, un&hellip;\n","protected":false},"author":2,"featured_media":265886,"comment_status":"","ping_status":"","sticky":false,"template":"","format":"standard","meta":{"footnotes":""},"categories":[8],"tags":[6984,17,18,1709,65821,1710,25,24,13,14,9860,6979,11,19,20,9,10,15,16,60770,23,65820,12,21,22,624],"class_list":{"0":"post-265885","1":"post","2":"type-post","3":"status-publish","4":"format-standard","5":"has-post-thumbnail","7":"category-espana","8":"tag-ayuso","9":"tag-breaking-news","10":"tag-breakingnews","11":"tag-ctxt-revista-contexto-politica","12":"tag-debod","13":"tag-economia-y-cultura-feminismos-cambio-climatico-noticias","14":"tag-es","15":"tag-espana","16":"tag-featured-news","17":"tag-featurednews","18":"tag-feijoo","19":"tag-gerardo-tece","20":"tag-headlines","21":"tag-latest-news","22":"tag-latestnews","23":"tag-news","24":"tag-noticias","25":"tag-noticias-destacadas","26":"tag-noticiasdestacadas","27":"tag-sanchismo","28":"tag-spain","29":"tag-tecetipo","30":"tag-titulares","31":"tag-ultimas-noticias","32":"tag-ultimasnoticias","33":"tag-vox"},"share_on_mastodon":{"url":"https:\/\/pubeurope.com\/@es\/115645738233457178","error":""},"_links":{"self":[{"href":"https:\/\/www.europesays.com\/es\/wp-json\/wp\/v2\/posts\/265885","targetHints":{"allow":["GET"]}}],"collection":[{"href":"https:\/\/www.europesays.com\/es\/wp-json\/wp\/v2\/posts"}],"about":[{"href":"https:\/\/www.europesays.com\/es\/wp-json\/wp\/v2\/types\/post"}],"author":[{"embeddable":true,"href":"https:\/\/www.europesays.com\/es\/wp-json\/wp\/v2\/users\/2"}],"replies":[{"embeddable":true,"href":"https:\/\/www.europesays.com\/es\/wp-json\/wp\/v2\/comments?post=265885"}],"version-history":[{"count":0,"href":"https:\/\/www.europesays.com\/es\/wp-json\/wp\/v2\/posts\/265885\/revisions"}],"wp:featuredmedia":[{"embeddable":true,"href":"https:\/\/www.europesays.com\/es\/wp-json\/wp\/v2\/media\/265886"}],"wp:attachment":[{"href":"https:\/\/www.europesays.com\/es\/wp-json\/wp\/v2\/media?parent=265885"}],"wp:term":[{"taxonomy":"category","embeddable":true,"href":"https:\/\/www.europesays.com\/es\/wp-json\/wp\/v2\/categories?post=265885"},{"taxonomy":"post_tag","embeddable":true,"href":"https:\/\/www.europesays.com\/es\/wp-json\/wp\/v2\/tags?post=265885"}],"curies":[{"name":"wp","href":"https:\/\/api.w.org\/{rel}","templated":true}]}}