{"id":265887,"date":"2025-12-01T18:31:12","date_gmt":"2025-12-01T18:31:12","guid":{"rendered":"https:\/\/www.europesays.com\/es\/265887\/"},"modified":"2025-12-01T18:31:12","modified_gmt":"2025-12-01T18:31:12","slug":"el-gobierno-asigna-a-las-comunidades-autonomas-2-934-millones-de-euros-para-atender-necesidades-pendientes-de-financiar-del-deficit-de-2024-ministerio-de-hacienda","status":"publish","type":"post","link":"https:\/\/www.europesays.com\/es\/265887\/","title":{"rendered":"El Gobierno asigna a las Comunidades Aut\u00f3nomas 2.934 millones de euros para atender necesidades pendientes de financiar del d\u00e9ficit de 2024: Ministerio de Hacienda"},"content":{"rendered":"<p>El Gobierno, a trav\u00e9s de la Comisi\u00f3n Delegada del Gobierno para Asuntos Econ\u00f3micos (CDGAE), ha acordado hoy asignar a varias Comunidades Aut\u00f3nomas un total de 2.934 millones de euros, con cargo al Fondo de Financiaci\u00f3n a Comunidades Aut\u00f3nomas para atender parte de las necesidades de d\u00e9ficit de ejercicios anteriores, en concreto de 2024, pendientes de financiar.<\/p>\n<p>La totalidad del citado importe corresponde al compartimento Fondo de Liquidez Auton\u00f3mico (FLA), que se distribuir\u00e1 a trav\u00e9s del Tramo III D\u00e9ficit, el llamado Extra FLA.\u00a0<\/p>\n<p>Las tres comunidades afectadas por esta medida son Comunitat Valenciana, que se ve especialmente beneficiada, con 1.693 millones de euros, adem\u00e1s de Catalu\u00f1a, con 878 millones, y Regi\u00f3n de Murcia, con 363 millones de euros.\u00a0<\/p>\n<p>El desglose por Comunidades Aut\u00f3nomas se recoge en este cuadro:<\/p>\n<p><img decoding=\"async\" src=\"https:\/\/www.europesays.com\/es\/wp-content\/uploads\/2025\/12\/imagen1.png\" alt=\"imagen desglose por Comunidades Aut\u00f3nomas\"\/><\/p>\n<p><strong>Apoyo a la Comunitat Valenciana<\/strong><\/p>\n<p>Los 1.693 millones de euros que recibir\u00e1 la Comunitat Valenciana del Extra FLA se suman a los 2.364 millones de euros del Fondo de Financiaci\u00f3n acordados a inicios de marzo de este a\u00f1o, y que se asignaron a la Comunitat Valenciana para cubrir los gastos extraordinarios no financieros que tendr\u00e1 dicho territorio este a\u00f1o para poder dar respuesta a la situaci\u00f3n de emergencia derivada de la DANA.<\/p>\n<p>De esta forma, esta comunidad es el territorio que m\u00e1s cantidad ha recibido de este Fondo, con m\u00e1s de 10.000 millones de euros en el conjunto del ejercicio.<\/p>\n<p><strong>Condiciones favorables<\/strong><\/p>\n<p>La financiaci\u00f3n otorgada por este acuerdo sobre el Extra FLA se realiza en unas condiciones financieras favorables que contribuyen a dotar de mayor liquidez y a reducir los costes de las Comunidades Aut\u00f3nomas beneficiadas, favoreciendo su sostenibilidad financiera.<\/p>\n<p>Este acuerdo se adopta para ayudar a la atenci\u00f3n de operaciones comerciales pendientes de pago de las Comunidades Aut\u00f3nomas afectadas, as\u00ed como para que cuenten con los recursos necesarios para cubrir sus necesidades de financiaci\u00f3n.<\/p>\n<p>Contando con lo aprobado hoy en la CDGAE, los recursos totales asignados hasta el momento por el Fondo de Financiaci\u00f3n a Comunidades Aut\u00f3nomas para 2025 ascienden a 26.575 millones de euros.<\/p>\n<p><img decoding=\"async\" src=\"https:\/\/www.europesays.com\/es\/wp-content\/uploads\/2025\/12\/imagen2.png\" alt=\"Fondo Financiaci\u00f3n Comunidades aut\u00f3nomas\"\/><\/p>\n<p><strong>Distribuci\u00f3n del primer trimestre de 2026<\/strong><\/p>\n<p>En la misma reuni\u00f3n de la Comisi\u00f3n Delegada, el Gobierno ha acordado asignar a las Comunidades Aut\u00f3nomas para el primer trimestre de 2026 un total de 3.465,2 millones de euros con cargo al Fondo de Financiaci\u00f3n a Comunidades Aut\u00f3nomas.\u00a0<\/p>\n<p>La totalidad de esa cantidad se vehicular\u00e1 a trav\u00e9s del compartimento Facilidad Financiera (FF).<\/p>\n<p>El importe total de 3.465,2 millones de euros se repartir\u00e1 entre las CCAA adheridas al Fondo de Financiaci\u00f3n del siguiente modo:<\/p>\n<p><img decoding=\"async\" src=\"https:\/\/www.europesays.com\/es\/wp-content\/uploads\/2025\/12\/imagen3.png\" alt=\"Importe repartido a las Comunidades Aut\u00f3nomas\"\/><\/p>\n<p>Las comunidades aut\u00f3nomas de Arag\u00f3n, Illes Balears, Cantabria, Castilla-La Mancha, Catalu\u00f1a, Extremadura, Regi\u00f3n de Murcia, La Rioja y Comunitat Valenciana solicitaron su adhesi\u00f3n al FFCCAA en 2026. Dichas solicitudes de adhesi\u00f3n se aceptaron por el Ministerio de Hacienda y han quedado adheridas al compartimento FF por reunir los requisitos previstos en la normativa vigente. Asimismo, no se han asignado recursos a La Rioja atendido a la solicitud de la propia comunidad aut\u00f3noma.<\/p>\n<p>En este acuerdo no se incluye asignaci\u00f3n para las comunidades de Andaluc\u00eda, Asturias, Canarias, Castilla y Le\u00f3n, Galicia, Madrid, Navarra y Pa\u00eds Vasco, dado que no han solicitado financiaci\u00f3n con cargo al Fondo de Financiaci\u00f3n a CCAA 2026.\u00a0<\/p>\n<p>La aprobaci\u00f3n de estos acuerdos reafirma el compromiso del Gobierno con las CCAA y refuerza el papel del Fondo de Financiaci\u00f3n a Comunidades Aut\u00f3nomas, que aporta liquidez a los territorios a bajo coste.<\/p>\n<p>Puede consultar los datos de los mecanismos extraordinarios de financiaci\u00f3n en:<\/p>\n<p><a href=\"https:\/\/www.hacienda.gob.es\/en-gb\/cdi\/paginas\/sistemasfinanciaciondeuda\/informacionccaas\/mecanismosdefinanciacion.aspx\" rel=\"nofollow noopener\" target=\"_blank\">https:\/\/www.hacienda.gob.es\/es-ES\/CDI\/Paginas\/SistemasFinanciacionDeuda\/InformacionCCAAs\/Mecanismosdefinanciacion.aspx<\/a>\u200b<\/p>\n","protected":false},"excerpt":{"rendered":"El Gobierno, a trav\u00e9s de la Comisi\u00f3n Delegada del Gobierno para Asuntos Econ\u00f3micos (CDGAE), ha acordado hoy asignar&hellip;\n","protected":false},"author":2,"featured_media":265888,"comment_status":"","ping_status":"","sticky":false,"template":"","format":"standard","meta":{"footnotes":""},"categories":[5],"tags":[1382,65823,65822,39936,3583,17,18,10699,3582,10702,5893,10697,25,24,1557,13,14,2746,49343,582,10700,11,19,20,4724,57923,9,10,15,16,13901,10701,10698,23,10704,12,21,22,10703],"class_list":{"0":"post-265887","1":"post","2":"type-post","3":"status-publish","4":"format-standard","5":"has-post-thumbnail","7":"category-titulares","8":"tag-1382","9":"tag-65823","10":"tag-asigna","11":"tag-atender","12":"tag-autonomas","13":"tag-breaking-news","14":"tag-breakingnews","15":"tag-companies","16":"tag-comunidades","17":"tag-confidence","18":"tag-deficit","19":"tag-employ","20":"tag-es","21":"tag-espana","22":"tag-euros","23":"tag-featured-news","24":"tag-featurednews","25":"tag-finance","26":"tag-financiar","27":"tag-gobierno","28":"tag-growth","29":"tag-headlines","30":"tag-latest-news","31":"tag-latestnews","32":"tag-millones","33":"tag-necesidades","34":"tag-news","35":"tag-noticias","36":"tag-noticias-destacadas","37":"tag-noticiasdestacadas","38":"tag-pendientes","39":"tag-public-administration","40":"tag-reforms","41":"tag-spain","42":"tag-stability","43":"tag-titulares","44":"tag-ultimas-noticias","45":"tag-ultimasnoticias","46":"tag-welfare"},"share_on_mastodon":{"url":"","error":"Validation failed: Text character limit of 500 exceeded"},"_links":{"self":[{"href":"https:\/\/www.europesays.com\/es\/wp-json\/wp\/v2\/posts\/265887","targetHints":{"allow":["GET"]}}],"collection":[{"href":"https:\/\/www.europesays.com\/es\/wp-json\/wp\/v2\/posts"}],"about":[{"href":"https:\/\/www.europesays.com\/es\/wp-json\/wp\/v2\/types\/post"}],"author":[{"embeddable":true,"href":"https:\/\/www.europesays.com\/es\/wp-json\/wp\/v2\/users\/2"}],"replies":[{"embeddable":true,"href":"https:\/\/www.europesays.com\/es\/wp-json\/wp\/v2\/comments?post=265887"}],"version-history":[{"count":0,"href":"https:\/\/www.europesays.com\/es\/wp-json\/wp\/v2\/posts\/265887\/revisions"}],"wp:featuredmedia":[{"embeddable":true,"href":"https:\/\/www.europesays.com\/es\/wp-json\/wp\/v2\/media\/265888"}],"wp:attachment":[{"href":"https:\/\/www.europesays.com\/es\/wp-json\/wp\/v2\/media?parent=265887"}],"wp:term":[{"taxonomy":"category","embeddable":true,"href":"https:\/\/www.europesays.com\/es\/wp-json\/wp\/v2\/categories?post=265887"},{"taxonomy":"post_tag","embeddable":true,"href":"https:\/\/www.europesays.com\/es\/wp-json\/wp\/v2\/tags?post=265887"}],"curies":[{"name":"wp","href":"https:\/\/api.w.org\/{rel}","templated":true}]}}