{"id":265893,"date":"2025-12-01T18:39:11","date_gmt":"2025-12-01T18:39:11","guid":{"rendered":"https:\/\/www.europesays.com\/es\/265893\/"},"modified":"2025-12-01T18:39:11","modified_gmt":"2025-12-01T18:39:11","slug":"una-jugadora-del-valencia-basket-mvp-de-la-primera-fase-de-la-euroliga","status":"publish","type":"post","link":"https:\/\/www.europesays.com\/es\/265893\/","title":{"rendered":"Una jugadora del Valencia Basket \u00a1MVP de la primera fase de la Euroliga!"},"content":{"rendered":"<p class=\"ft-text\"><strong>El Valencia Basket camina con paso firme en la <\/strong><a class=\"ft-link ft-link--decoration\" href=\"https:\/\/www.fiba.basketball\/en\/events\/euroleague-women-25-26\" rel=\"nofollow noopener\" target=\"_blank\">Euroleague Women<\/a> en la que lograba sin problemas la clasificaci\u00f3n para la segunda fase tras completar una brillante primera ronda<strong>. Una de las art\u00edfices de los buenos n\u00fameros de las taronja sin duda es<\/strong><a class=\"ft-link ft-link--decoration\" href=\"https:\/\/www.superdeporte.es\/tags\/kayla-alexander\/\" rel=\"nofollow noopener\" target=\"_blank\"> Kayla Alexander <\/a>que se ha consagrado como una de las grandes figuras de la m\u00e1xima competici\u00f3n continental esta temporada. Sus n\u00fameros as\u00ed lo demuestran. De hecho, l<strong>a taronja ha sido designada mejor jugadora de la semana y lo que es m\u00e1s importante, mejor jugadora de toda la primera fase. <\/strong><\/p>\n<p>Un arranque de temporada espectacular<\/p>\n<p class=\"ft-text\"><strong>Alexander ha empezado de dulce la temporada en EuroLeague Women con unos n\u00fameros que le permiten ser la mejor jugadora de esta primera fase<\/strong> de la m\u00e1xima competici\u00f3n continental. En seis partidos la canadiense promedia<strong> 16,5 puntos, 6,5 rebotes, 2 robos y 22,3 cr\u00e9ditos de valoraci\u00f3n<\/strong>. Una regularidad que le ha llevado a liderar muchos de los trinunfos taronja.<\/p>\n<p><img decoding=\"async\" src=\"https:\/\/www.europesays.com\/es\/wp-content\/uploads\/2025\/12\/250e5459-d897-467c-8ca6-675e1162f1d0_alta-libre-aspect-ratio_default_0.jpg\" width=\"1200\" height=\"800\" alt=\"Kayla Alexander\" class=\"ft-helper-img-rd\" loading=\"lazy\"\/><\/p>\n<p class=\"ft-helper-fontColor-quaternary ft-helper-fontSize-body-S ft-helper-spacer-t-xxs\">Kayla Alexander  \/ Eduardo Ripoll<\/p>\n<p>Entre las mejores en las principales estad\u00edsticas<\/p>\n<p class=\"ft-text\">Sus actuaciones le han permitido ser elegida parte del <strong>mejor quinteto de octubre y tambi\u00e9n del de noviembre.<\/strong> En el ranking global<strong> Alexander es la jugadora m\u00e1s valorada de la EuroLeague Women y la segunda en anotaci\u00f3n. <\/strong>La p\u00edvot, adem\u00e1s, comete muy pocos errores. Prueba de ello es su porcentaje de tiros libres, que le permiten ser la segunda mejor en este apartado en toda la competici\u00f3n con un 94,7% de acierto, y tambi\u00e9n es la segunda en porcentaje de tiro de dos con un 73,6%.<\/p>\n<p class=\"ft-text\">Esos n\u00fameros tambi\u00e9n h<strong>an metido de lleno a Alexander en la carrera por el MVP en la cuarta posici\u00f3n<\/strong>, donde la<a class=\"ft-link ft-link--decoration\" href=\"https:\/\/www.superdeporte.es\/tags\/fiba\/\" rel=\"nofollow noopener\" target=\"_blank\"> FIBA <\/a>destaca especialmente sus porcentajes de tiro y su presencia en la pintura.<\/p>\n<p>Ya fue MVP de la Liga F Endesa<\/p>\n<p class=\"ft-text ft-helper-align-justify\"><strong>Kayla Alexander (34 a\u00f1os, Canad\u00e1, 1.93m) <\/strong>cumple su segunda campa\u00f1a vistiendo la camiseta taronja. La pasada campa\u00f1a fue clave para que el Valencia Basket conquistase su tercera<a class=\"ft-link ft-link--decoration\" href=\"https:\/\/www.superdeporte.es\/tags\/liga-f-endesa\/\" rel=\"nofollow noopener\" target=\"_blank\"> Liga F Endesa<\/a>. De hecho, fu elegida MVP de la final de LF Endesa en la temporada 24-25.<\/p>\n<p>Mejores n\u00fameros que el a\u00f1o pasado<\/p>\n<p class=\"ft-text ft-helper-align-justify\"><strong>En esta primera fase de la Euroliga, Kayla Alexander ha mejorado de momento sus estad\u00edsticas de la pasada temporada<\/strong> en la que fue la jugadora m\u00e1s valorada de la plantilla en esta competici\u00f3n con una media de<strong> 10 puntos, 7,6 rebotes y 13,6 de valoraci\u00f3n<\/strong> por partido.<\/p>\n","protected":false},"excerpt":{"rendered":"El Valencia Basket camina con paso firme en la Euroleague Women en la que lograba sin problemas la&hellip;\n","protected":false},"author":2,"featured_media":265894,"comment_status":"","ping_status":"","sticky":false,"template":"","format":"standard","meta":{"footnotes":""},"categories":[269],"tags":[299,1918,298,168,2917,25,24,10797,833,1713,37962,24242,23,167,235,2916],"class_list":{"0":"post-265893","1":"post","2":"type-post","3":"status-publish","4":"format-standard","5":"has-post-thumbnail","7":"category-baloncesto","8":"tag-baloncesto","9":"tag-basket","10":"tag-basketball","11":"tag-deportes","12":"tag-endesa","13":"tag-es","14":"tag-espana","15":"tag-euroleague-women","16":"tag-euroliga","17":"tag-jugadora","18":"tag-kayla-alexander","19":"tag-mvp","20":"tag-spain","21":"tag-sports","22":"tag-valencia","23":"tag-valencia-basket"},"share_on_mastodon":{"url":"https:\/\/pubeurope.com\/@es\/115645773884581499","error":""},"_links":{"self":[{"href":"https:\/\/www.europesays.com\/es\/wp-json\/wp\/v2\/posts\/265893","targetHints":{"allow":["GET"]}}],"collection":[{"href":"https:\/\/www.europesays.com\/es\/wp-json\/wp\/v2\/posts"}],"about":[{"href":"https:\/\/www.europesays.com\/es\/wp-json\/wp\/v2\/types\/post"}],"author":[{"embeddable":true,"href":"https:\/\/www.europesays.com\/es\/wp-json\/wp\/v2\/users\/2"}],"replies":[{"embeddable":true,"href":"https:\/\/www.europesays.com\/es\/wp-json\/wp\/v2\/comments?post=265893"}],"version-history":[{"count":0,"href":"https:\/\/www.europesays.com\/es\/wp-json\/wp\/v2\/posts\/265893\/revisions"}],"wp:featuredmedia":[{"embeddable":true,"href":"https:\/\/www.europesays.com\/es\/wp-json\/wp\/v2\/media\/265894"}],"wp:attachment":[{"href":"https:\/\/www.europesays.com\/es\/wp-json\/wp\/v2\/media?parent=265893"}],"wp:term":[{"taxonomy":"category","embeddable":true,"href":"https:\/\/www.europesays.com\/es\/wp-json\/wp\/v2\/categories?post=265893"},{"taxonomy":"post_tag","embeddable":true,"href":"https:\/\/www.europesays.com\/es\/wp-json\/wp\/v2\/tags?post=265893"}],"curies":[{"name":"wp","href":"https:\/\/api.w.org\/{rel}","templated":true}]}}