{"id":265895,"date":"2025-12-01T18:40:09","date_gmt":"2025-12-01T18:40:09","guid":{"rendered":"https:\/\/www.europesays.com\/es\/265895\/"},"modified":"2025-12-01T18:40:09","modified_gmt":"2025-12-01T18:40:09","slug":"ya-hay-fecha-para-el-espanyol-barca-la-vuelta-de-joan-garcia-al-coliseo-perico","status":"publish","type":"post","link":"https:\/\/www.europesays.com\/es\/265895\/","title":{"rendered":"Ya hay fecha para el Espanyol-Bar\u00e7a, la vuelta de Joan Garcia al coliseo perico"},"content":{"rendered":"<p data-gtm-element-container=\"modulo-texto-link\" class=\"paragraph\">Ya se conoce la fecha de uno de los partidos m\u00e1s esperados por las aficiones de Espanyol y FC Barcelona. LaLiga ha hecho oficial este lunes que<strong> el derbi barcelon\u00e9s se jugar\u00e1 el s\u00e1bado d\u00eda 3 de enero,<\/strong> a partir de las 21 horas, en el RCDE Stadium.<\/p>\n<p data-gtm-element-container=\"modulo-texto-link\" class=\"paragraph\">Ser\u00e1 el primer partido tras el par\u00f3n navide\u00f1o y un derbi con morbo a\u00f1adido si un partido de semejante \u00edndole no viene ya cargado de suficientes alicientes por la rivalidad latente e hist\u00f3rica. El Espanyol-Bar\u00e7a del 3 de enero ser\u00e1 el <strong>regreso de Joan Garcia a Cornell\u00e0-El Prat<\/strong>, la primera vez que el ahora portero azulgrana se mida a su ex exquipo y lo haga adem\u00e1s, ante la que hace apenas 7 meses era su afici\u00f3n.\u00a0<\/p>\n<p>    Lee tambi\u00e9n<\/p>\n<p data-gtm-element-container=\"modulo-texto-link\" class=\"paragraph\">\u201cTengo ganas de volver. Ser\u00e1 diferente. Soy consciente de lo que puede pasar, pero ir\u00e9 tranquilo, como a cualquier otro estadio. Intentar\u00e9 hacerlo lo mejor posible y ganar\u201d, <strong>dijo Joan Garcia en una entrevista al Tu dir\u00e0s de &#8216;RAC1<\/strong>&#8216; hace un par de semanas.<\/p>\n<blockquote class=\"twitter-tweet\" data-lang=\"es\"><p>\n<a href=\"https:\/\/twitter.com\/RCDEspanyol\/status\/1995516009407811698\" rel=\"nofollow noopener\" target=\"_blank\">\n<\/p><\/blockquote>\n<p data-gtm-element-container=\"modulo-texto-link\" class=\"paragraph\">Sobre el beso que le dio al escudo de la entidad blanquiazul tras confirmarse la salvaci\u00f3n del Espanyol ante el Las Palmas, el portero cul\u00e9 asegur\u00f3 que \u201cson cosas normales y que te salen. El afecto que le tengo al Espanyol es compatible con buscar lo mejor para mi carrera\u201d, puntualiz\u00f3 el portero del Bar\u00e7a que sin duda, vivir\u00e1 un partido especial el s\u00e1bado 3 de enero.<\/p>\n<p><script async src=\"https:\/\/platform.twitter.com\/widgets.js\" charset=\"utf-8\"><\/script><\/p>\n","protected":false},"excerpt":{"rendered":"Ya se conoce la fecha de uno de los partidos m\u00e1s esperados por las aficiones de Espanyol y&hellip;\n","protected":false},"author":2,"featured_media":265896,"comment_status":"","ping_status":"","sticky":false,"template":"","format":"standard","meta":{"footnotes":""},"categories":[268],"tags":[168,25,24,280,282,281,23,167],"class_list":{"0":"post-265895","1":"post","2":"type-post","3":"status-publish","4":"format-standard","5":"has-post-thumbnail","7":"category-futbol","8":"tag-deportes","9":"tag-es","10":"tag-espana","11":"tag-football","12":"tag-futbol","13":"tag-soccer","14":"tag-spain","15":"tag-sports"},"share_on_mastodon":{"url":"https:\/\/pubeurope.com\/@es\/115645777620925009","error":""},"_links":{"self":[{"href":"https:\/\/www.europesays.com\/es\/wp-json\/wp\/v2\/posts\/265895","targetHints":{"allow":["GET"]}}],"collection":[{"href":"https:\/\/www.europesays.com\/es\/wp-json\/wp\/v2\/posts"}],"about":[{"href":"https:\/\/www.europesays.com\/es\/wp-json\/wp\/v2\/types\/post"}],"author":[{"embeddable":true,"href":"https:\/\/www.europesays.com\/es\/wp-json\/wp\/v2\/users\/2"}],"replies":[{"embeddable":true,"href":"https:\/\/www.europesays.com\/es\/wp-json\/wp\/v2\/comments?post=265895"}],"version-history":[{"count":0,"href":"https:\/\/www.europesays.com\/es\/wp-json\/wp\/v2\/posts\/265895\/revisions"}],"wp:featuredmedia":[{"embeddable":true,"href":"https:\/\/www.europesays.com\/es\/wp-json\/wp\/v2\/media\/265896"}],"wp:attachment":[{"href":"https:\/\/www.europesays.com\/es\/wp-json\/wp\/v2\/media?parent=265895"}],"wp:term":[{"taxonomy":"category","embeddable":true,"href":"https:\/\/www.europesays.com\/es\/wp-json\/wp\/v2\/categories?post=265895"},{"taxonomy":"post_tag","embeddable":true,"href":"https:\/\/www.europesays.com\/es\/wp-json\/wp\/v2\/tags?post=265895"}],"curies":[{"name":"wp","href":"https:\/\/api.w.org\/{rel}","templated":true}]}}