{"id":265898,"date":"2025-12-01T18:42:14","date_gmt":"2025-12-01T18:42:14","guid":{"rendered":"https:\/\/www.europesays.com\/es\/265898\/"},"modified":"2025-12-01T18:42:14","modified_gmt":"2025-12-01T18:42:14","slug":"la-imagen-tiene-su-club-de-los-cinco-estos-son-los-finalistas-del-certamen-de-nuevos-talentos-de-los-xxii-encuentros-fotograficos-de-gijon","status":"publish","type":"post","link":"https:\/\/www.europesays.com\/es\/265898\/","title":{"rendered":"La imagen tiene su club de los cinco, estos son los finalistas del certamen de Nuevos Talentos de los XXII Encuentros Fotogr\u00e1ficos de Gij\u00f3n"},"content":{"rendered":"<p class=\"ft-text ft-helper-closenews\">Gij\u00f3n ha elegido a su club de los cinco. No tiene nada que ver con la pel\u00edcula ochentera, sino con los cinco artistas de la imagen que han quedado finalistas en el certamen para optar a la beca Nuevos Talentos que se ofrece anualmente en los Encuentros Fotogr\u00e1ficos de Gij\u00f3n. La 22.\u00aa edici\u00f3n del festival se clausur\u00f3 ayer en la Universidad Laboral con este certamen, en el que cinco propuestas llegadas desde Galicia, Mallorca, Tarragona, \u00c1vila y Alicante se impusieron entre cuarenta porfolios para optar al galard\u00f3n. De estos finalistas saldr\u00e1 un ganador, que se conocer\u00e1 en enero y cuya obra ser\u00e1 comisariada durante un a\u00f1o, adem\u00e1s de recibir una dotaci\u00f3n econ\u00f3mica de 2.000 euros por parte de Fuji y disponer de espacio expositivo en las jornadas gijonesas del a\u00f1o pr\u00f3ximo.<\/p>\n<p class=\"ft-text\">Ver\u00f3nica Risalde lleg\u00f3 a Gij\u00f3n desde Reus (Tarragona) para presentar un proyecto llamado \u00abSomni\u00bb, sue\u00f1o en espa\u00f1ol. Se trata de un <a class=\"ft-link ft-link--decoration\" href=\"https:\/\/www.lne.es\/tags\/ofertas-de-empleo\/\" rel=\"nofollow noopener\" target=\"_blank\">trabajo<\/a> en el que utiliza el fotomontaje anal\u00f3gico, en el que juega con recortes de papel para construir \u00abmicromundos\u00bb en el que el tema central es la mujer. \u00abCada imagen habla de problem\u00e1ticas propias y ajenas que vivimos las mujeres, en t\u00e9rminos generales\u00bb, explica la autora de unas im\u00e1genes \u00abon\u00edricas\u00bb en las que se habla desde la violencia, los miedos o el peso de la casa.<\/p>\n<p class=\"ft-text\">\u00abDesde que se acabe el d\u00eda\u00bb es la propuesta de la mallorquina Beatriz Polo, que aborda el episodio de \u00abLa desbandada\u00bb, una masacre perpetrada por el bando sublevado en la carretera M\u00e1laga-Almer\u00eda durante la guerra civil. La abuela de Polo vivi\u00f3 aquel suceso y \u00absiempre lo contaba llorando\u00bb. El porfolio consta de im\u00e1genes de espacios, que persiguen entender \u00abc\u00f3mo convivimos con los sitios donde han ocurrido con espacios que vivieron <a class=\"ft-link ft-link--decoration\" href=\"https:\/\/www.lne.es\/tags\/sucesos\/\" rel=\"nofollow noopener\" target=\"_blank\">sucesos<\/a> tan graves\u00bb. A su vez, incluye retratos y entrevistas a supervivientes y familiares en un proyecto que entra en lo audiovisual.<\/p>\n<p class=\"ft-text\">El gallego Carlos Folgoso, de Ver\u00edn (Orense) present\u00f3 \u00abAl\u00e9n do lago\u00bb, \u00abM\u00e1s all\u00e1 del lago\u00bb. Tras labrarse una carrera como fot\u00f3grafo de agencias en el extranjero, sufri\u00f3 unos reveses vitales, entre ellos una lesi\u00f3n que le tuvo varios a\u00f1os en cama. Esa etapa le hizo cambiar el prisma y encontr\u00f3 \u00abtiempo para s\u00ed mismo\u00bb y para dar rienda suelta a una fotograf\u00eda m\u00e1s \u00abintrospectiva y po\u00e9tica\u00bb. La base de su porfolio es la \u00abmelancol\u00eda\u00bb con la naturaleza, retratos y con \u00abproblem\u00e1ticas\u00bb de su entorno natal, como el alcoholismo, se\u00f1ala.<\/p>\n<p class=\"ft-text\">Rosa Ripoll, de Alicante, entrega \u00abV\u00ednculo\u00bb, que surge de su necesidad personal de \u00abentender\u00bb por qu\u00e9 le duele tanto \u00abdejar ir\u00bb a sus hijos ahora que han crecido, ese \u00abduelo\u00bb. Decidi\u00f3 meterse durante un a\u00f1o en el Hospital Universitario de San Juan, en el \u00e1rea de maternidad, donde promueven el parto activo, m\u00e1s \u00abrespetuoso\u00bb con la mujer y la naturaleza. \u00abGracias a la experiencia de otras progenitoras pude reconstruir de una manera simb\u00f3lica la m\u00eda\u00bb, manifiesta.<\/p>\n<p class=\"ft-text\">Por \u00faltimo, pero no menos importante, el abulense Samuel Reales trajo bajo el brazo \u00abExilio\u00bb, que habla de personas que tienen que abandonar su lugar de origen \u00abrechazados por su expresi\u00f3n gen\u00e9rico y orientaci\u00f3n sexual\u00bb. Consta en su mayor\u00eda de retratos, aunque tambi\u00e9n incluye im\u00e1genes de lugares que permiten \u00abasociar la dureza que viven esas personas con el entorno castellano y leon\u00e9s\u00bb. La suerte est\u00e1 echada.<\/p>\n<p data-close=\"closedContent\" class=\"subscribeHideForDisplay\">Suscr\u00edbete para seguir leyendo<\/p>\n","protected":false},"excerpt":{"rendered":"Gij\u00f3n ha elegido a su club de los cinco. No tiene nada que ver con la pel\u00edcula ochentera,&hellip;\n","protected":false},"author":2,"featured_media":265899,"comment_status":"","ping_status":"","sticky":false,"template":"","format":"standard","meta":{"footnotes":""},"categories":[173],"tags":[2206,229,233,231,230,5810,1798,232,234,146,147,25,24,2880,1157,2877,23,1665],"class_list":{"0":"post-265898","1":"post","2":"type-post","3":"status-publish","4":"format-standard","5":"has-post-thumbnail","7":"category-arte-y-diseno","8":"tag-alicante","9":"tag-arte","10":"tag-arte-y-diseno","11":"tag-arts","12":"tag-arts-and-design","13":"tag-cinco","14":"tag-club","15":"tag-design","16":"tag-diseno","17":"tag-entertainment","18":"tag-entretenimiento","19":"tag-es","20":"tag-espana","21":"tag-finalistas","22":"tag-imagen","23":"tag-son","24":"tag-spain","25":"tag-tarragona"},"share_on_mastodon":{"url":"https:\/\/pubeurope.com\/@es\/115645785199770750","error":""},"_links":{"self":[{"href":"https:\/\/www.europesays.com\/es\/wp-json\/wp\/v2\/posts\/265898","targetHints":{"allow":["GET"]}}],"collection":[{"href":"https:\/\/www.europesays.com\/es\/wp-json\/wp\/v2\/posts"}],"about":[{"href":"https:\/\/www.europesays.com\/es\/wp-json\/wp\/v2\/types\/post"}],"author":[{"embeddable":true,"href":"https:\/\/www.europesays.com\/es\/wp-json\/wp\/v2\/users\/2"}],"replies":[{"embeddable":true,"href":"https:\/\/www.europesays.com\/es\/wp-json\/wp\/v2\/comments?post=265898"}],"version-history":[{"count":0,"href":"https:\/\/www.europesays.com\/es\/wp-json\/wp\/v2\/posts\/265898\/revisions"}],"wp:featuredmedia":[{"embeddable":true,"href":"https:\/\/www.europesays.com\/es\/wp-json\/wp\/v2\/media\/265899"}],"wp:attachment":[{"href":"https:\/\/www.europesays.com\/es\/wp-json\/wp\/v2\/media?parent=265898"}],"wp:term":[{"taxonomy":"category","embeddable":true,"href":"https:\/\/www.europesays.com\/es\/wp-json\/wp\/v2\/categories?post=265898"},{"taxonomy":"post_tag","embeddable":true,"href":"https:\/\/www.europesays.com\/es\/wp-json\/wp\/v2\/tags?post=265898"}],"curies":[{"name":"wp","href":"https:\/\/api.w.org\/{rel}","templated":true}]}}