{"id":265900,"date":"2025-12-01T18:44:08","date_gmt":"2025-12-01T18:44:08","guid":{"rendered":"https:\/\/www.europesays.com\/es\/265900\/"},"modified":"2025-12-01T18:44:08","modified_gmt":"2025-12-01T18:44:08","slug":"no-es-un-escenario-para-agendas-extremistas","status":"publish","type":"post","link":"https:\/\/www.europesays.com\/es\/265900\/","title":{"rendered":"No es un escenario para agendas extremistas"},"content":{"rendered":"<p class=\"article-text\">\n        <strong>Israel <\/strong>tensa la cuerda antes de la Asamblea General de la <strong>Uni\u00f3n Europea de Radiodifusi\u00f3n<\/strong> de esta semana, cuando los pa\u00edses miembros se reunir\u00e1n los d\u00edas 4 y 5 de diciembre en Ginebra (Suiza) para debatir sobre la participaci\u00f3n del pa\u00eds hebreo en <strong>Eurovisi\u00f3n 2026<\/strong>. <strong>Danny Danon<\/strong>, embajador israel\u00ed en la <strong>ONU<\/strong>, ha atacado a <strong>Espa\u00f1a <\/strong>a trav\u00e9s de sus redes sociales por la posici\u00f3n que <strong>RTVE <\/strong>ha tomado en este conflicto, calificando de<a href=\"https:\/\/www.eldiario.es\/vertele\/noticias\/presidente-rtve-lamenta-medidas-uer-no-son-suficientes-mantiene-postura-participar-eurovision-israel_1_12802566.html\" target=\"_blank\" data-mrf-recirculation=\"links-noticia\" class=\"link\" rel=\"nofollow noopener\"> \u201cinsostenible\u201d la permanencia de Israel<\/a> en el certamen tras el genocidio en Gaza y el uso que han hecho del festival como instrumento de propaganda pol\u00edtica.\n    <\/p>\n<p>    <a href=\"https:\/\/www.eldiario.es\/vertele\/noticias\/presidente-rtve-lamenta-medidas-uer-no-son-suficientes-mantiene-postura-participar-eurovision-israel_1_12802566.html\" data-mrf-recirculation=\"saber-mas\" data-dl-event=\"saber-mas\" rel=\"nofollow noopener\" target=\"_blank\"><\/p>\n<p class=\"know-more__title\">RTVE reitera que la participaci\u00f3n de Israel en Eurovisi\u00f3n es \u00abinsostenible\u00bb: \u00abLos derechos humanos no son un concurso\u00bb<\/p>\n<p>            <img decoding=\"async\" class=\"lazy\" loading=\"lazy\" data-src=\"https:\/\/static.eldiario.es\/clip\/14a116f1-a450-459f-8990-8ab81b365c56_16-9-aspect-ratio_default_0.jpg\" src=\"data:image\/svg+xml,%3Csvg xmlns=\" http:=\"\" viewbox=\"0 0 880 495\" alt=\"RTVE reitera que la participaci\u00f3n de Israel en Eurovisi\u00f3n es &quot;insostenible&quot;: &quot;Los derechos humanos no son un concurso&quot;\"\/><\/p>\n<p>                        <\/a><\/p>\n<p class=\"article-text\">\n        \u201cEspa\u00f1a necesita que le recuerden que Eurovisi\u00f3n es una celebraci\u00f3n de la cultura, la m\u00fasica y la unidad,<strong> no un escenario para difundir agendas extremistas<\/strong>\u201d, empieza diciendo Dannon en un post publicado en su cuenta personal en X -antes conocido como Twitter-.\n    <\/p>\n<p>    El embajador de Israel carga contra Espa\u00f1a<\/p>\n<p class=\"article-text\">\n        Es entonces cuando el embajador alude con desd\u00e9n a la racha temporal que Espa\u00f1a acumula sin llevarse la victoria en Eurovisi\u00f3n: \u201cEn lugar de<strong> intentar dar lecciones al mundo<\/strong>, quiz\u00e1 Espa\u00f1a deber\u00eda centrarse primero en la m\u00fasica. Despu\u00e9s de todo, <strong>han pasado 56 a\u00f1os desde la \u00faltima vez que ganaron<\/strong>\u201d, recuerda el pol\u00edtico, reivindicando los triunfos de Israel en el certamen, donde ha acariciado la gloria en los dos \u00faltimos a\u00f1os, aupado por <a href=\"https:\/\/www.eldiario.es\/vertele\/noticias\/eurovision-2025-gesto-gobierno-israel-victoria-televoto-escaparate-mundial-propaganda_1_12310389.html\" target=\"_blank\" data-mrf-recirculation=\"links-noticia\" class=\"link\" rel=\"nofollow noopener\">campa\u00f1as gubernamentales<\/a>\u00a0para comprar el televoto que casi alcanzan su objetivo.\n    <\/p>\n<p class=\"article-text\">\n        \u201cIsrael ha enviado a lo largo de los a\u00f1os artistas brillantes que trajeron orgullo internacional, incluidos cuatro ganadores del primer lugar: <strong>Netta Barzilai, Dana International, Gali Atari e Izhar Cohen<\/strong>\u201d, enumera Dannon, que comparte una foto de los cuatro representantes de Israel que han ganado Eurovisi\u00f3n a lo largo de la historia.\n    <\/p>\n<p class=\"article-text\">\n        \u201cMientras algunos<strong> buscan difundir el odio a nivel global<\/strong>, Israel seguir\u00e1 promoviendo nuestra cultura\u201d, se atreve a decir el representante de Israel, cuya masacre indiscriminada sobre Palestina<strong> roza los 70.000 muertos<\/strong>, cifra que no deja de aumentar por los ataques que se siguen ejerciendo sobre Gaza a pesar del anunciado alto el fuego.\n    <\/p>\n<p>    <a href=\"https:\/\/www.eldiario.es\/vertele\/entrevistas\/chicote-alaba-buenafuente-campanadas-rtve-saludo-broncano-elegante_1_12808784.html\" data-mrf-recirculation=\"saber-mas-abajo\" data-dl-event=\"saber-mas-abajo\" rel=\"nofollow noopener\" target=\"_blank\"><\/p>\n<p class=\"know-more__title\">Chicote alaba a Buenafuente para las Campanadas de RTVE y no espera saludo como Broncano: \u201cEs un t\u00edo elegante\u201d\n<\/p>\n<p>            <img decoding=\"async\" class=\"lazy\" loading=\"lazy\" data-src=\"https:\/\/static.eldiario.es\/clip\/795496d8-8796-40e4-b508-beac184adc9b_16-9-aspect-ratio_default_0.jpg\" src=\"data:image\/svg+xml,%3Csvg xmlns=\" http:=\"\" viewbox=\"0 0 880 495\" alt=\"Chicote alaba a Buenafuente para las Campanadas de RTVE y no espera saludo como Broncano: &quot;Es un t\u00edo elegante&quot;\"\/><\/p>\n<p>                        <\/a><\/p>\n<blockquote class=\"twitter-tweet\" data-lang=\"es\"><p><a href=\"https:\/\/twitter.com\/X\/status\/1995141222466257205?ref_src=twsrc%5Etfw\" rel=\"nofollow noopener\" target=\"_blank\"><\/p><\/blockquote>\n<p class=\"article-text\">\n        Esta semana,<strong> Eurovisi\u00f3n se juega su futuro<\/strong> en la cumbre de Ginebra en la que se llevar\u00e1 a cabo un debate entre los pa\u00edses que forman parte de la UER sobre la participaci\u00f3n de Israel. All\u00ed, el organismo tratar\u00e1 de convencer a los pa\u00edses que amenazaron con abandonar el festival si Israel contin\u00faa, alegando haber tomado medidas con el cambio en el sistema de votaci\u00f3n. Espa\u00f1a, que calific\u00f3 las medidas de \u201cinsuficientes\u201d, reiteraba hace unos d\u00edas su postura con el certamen, asegurando que es \u201cinsostenible\u201d que Israel permanezca despu\u00e9s de todo lo ocurrido en los dos \u00faltimos a\u00f1os: <strong>\u201cLos derechos humanos no son un concurso\u201d<\/strong>, defend\u00eda Jos\u00e9 Pablo L\u00f3pez, presidente de RTVE.\n    <\/p>\n<p>                                    <script async src=\"https:\/\/platform.twitter.com\/widgets.js\" charset=\"utf-8\"><\/script><\/p>\n","protected":false},"excerpt":{"rendered":"Israel tensa la cuerda antes de la Asamblea General de la Uni\u00f3n Europea de Radiodifusi\u00f3n de esta semana,&hellip;\n","protected":false},"author":2,"featured_media":265901,"comment_status":"","ping_status":"","sticky":false,"template":"","format":"standard","meta":{"footnotes":""},"categories":[171],"tags":[6630,4115,65824,8418,146,147,25,5605,24,24121,65825,74,689,4653,732,23,214],"class_list":{"0":"post-265900","1":"post","2":"type-post","3":"status-publish","4":"format-standard","5":"has-post-thumbnail","7":"category-tv","8":"tag-acusa","9":"tag-agendas","10":"tag-difundir","11":"tag-embajador","12":"tag-entertainment","13":"tag-entretenimiento","14":"tag-es","15":"tag-escenario","16":"tag-espana","17":"tag-eurovision","18":"tag-extremistas","19":"tag-israel","20":"tag-no","21":"tag-odio","22":"tag-onu","23":"tag-spain","24":"tag-tv"},"share_on_mastodon":{"url":"https:\/\/pubeurope.com\/@es\/115645793173111079","error":""},"_links":{"self":[{"href":"https:\/\/www.europesays.com\/es\/wp-json\/wp\/v2\/posts\/265900","targetHints":{"allow":["GET"]}}],"collection":[{"href":"https:\/\/www.europesays.com\/es\/wp-json\/wp\/v2\/posts"}],"about":[{"href":"https:\/\/www.europesays.com\/es\/wp-json\/wp\/v2\/types\/post"}],"author":[{"embeddable":true,"href":"https:\/\/www.europesays.com\/es\/wp-json\/wp\/v2\/users\/2"}],"replies":[{"embeddable":true,"href":"https:\/\/www.europesays.com\/es\/wp-json\/wp\/v2\/comments?post=265900"}],"version-history":[{"count":0,"href":"https:\/\/www.europesays.com\/es\/wp-json\/wp\/v2\/posts\/265900\/revisions"}],"wp:featuredmedia":[{"embeddable":true,"href":"https:\/\/www.europesays.com\/es\/wp-json\/wp\/v2\/media\/265901"}],"wp:attachment":[{"href":"https:\/\/www.europesays.com\/es\/wp-json\/wp\/v2\/media?parent=265900"}],"wp:term":[{"taxonomy":"category","embeddable":true,"href":"https:\/\/www.europesays.com\/es\/wp-json\/wp\/v2\/categories?post=265900"},{"taxonomy":"post_tag","embeddable":true,"href":"https:\/\/www.europesays.com\/es\/wp-json\/wp\/v2\/tags?post=265900"}],"curies":[{"name":"wp","href":"https:\/\/api.w.org\/{rel}","templated":true}]}}