{"id":265906,"date":"2025-12-01T18:47:11","date_gmt":"2025-12-01T18:47:11","guid":{"rendered":"https:\/\/www.europesays.com\/es\/265906\/"},"modified":"2025-12-01T18:47:11","modified_gmt":"2025-12-01T18:47:11","slug":"tenemos-la-ocasion-en-bilbado","status":"publish","type":"post","link":"https:\/\/www.europesays.com\/es\/265906\/","title":{"rendered":"Tenemos la ocasi\u00f3n en Bilbado"},"content":{"rendered":"<p>\n        <strong>El <\/strong><a href=\"https:\/\/www.deia.eus\/athletic\/\" title=\"Athletic\" class=\"link copy\" rel=\"nofollow noopener\" target=\"_blank\"><strong>Athletic <\/strong><\/a><strong>jugar\u00e1 este mi\u00e9rcoles en San Mam\u00e9s el encuentro correspondiente a la jornada 19 de LaLiga<\/strong>. Un partido que se adelanta para ambos clubes<strong> ya que son dos de los cuatro<\/strong>, junto a Barcelona y Atl\u00e9tico de Madrid<strong>, que disputar\u00e1n la Supercopa en Arabia Saud\u00ed.<\/strong>\n<\/p>\n<p class=\"article-body__text \">\n        El conjunto madrile\u00f1o, que el mi\u00e9rcoles visitar\u00e1 San Mam\u00e9s <strong>en busca de una victoria que les pueda devolver a la primera plaza de la clasificaci\u00f3n <\/strong>\u2013a falta del resultado del encuentro entre Barcelona y Atl\u00e9tico de Madrid\u2013, perdi\u00f3 dos puntos ayer ante el Girona despu\u00e9s de un empate a uno.\n<\/p>\n<p class=\"article-body__text \">\n        En la rueda de prensa posterior al encuentro, el m\u00edster guipuzcoano, Xabi Alonso, respondi\u00f3 a las preguntas de los periodistas all\u00ed presentes. El t\u00e9cnico blanco explic\u00f3<strong> sensaciones, decisiones t\u00e1cticas, estado f\u00edsico de la plantilla y valoraci\u00f3n global del partido.  <\/strong>\n<\/p>\n<p class=\"article-body__text \">\n        No obstante, Alonso tuvo un lapsus en una de las preguntas que le hicieron desde la cadena COPE. \u00abSon tres empates consecutivos en liga. No s\u00e9 si crees que el equipo puede estar atravesando un bache\u00bb, formul\u00f3 el periodista. En su respuesta, <strong>el entrenador guipuzcoano se\u00f1al\u00f3 que hay que seguir con \u00abla autocr\u00edtica necesaria\u00bb y con \u00ablas ganas de ganar fuera de casa\u00bb <\/strong>haciendo referencia al calendario que ha afrontado el Real Madrid.\n<\/p>\n<p class=\"article-body__text \">\n        Continuando con la respuesta, el entrenador de la entidad madrile\u00f1a tuvo un lapsus al referirse al encuentro de este mi\u00e9rcoles contra el Athletic. <strong>\u00abTenemos el mi\u00e9rcoles la ocasi\u00f3n en Bilbado\u00bb, indic\u00f3 el m\u00edster blanco. La rectificaci\u00f3n lleg\u00f3 al instante: \u00abEn Bilbo, perd\u00f3n\u00bb.<\/strong> En el resto de la rueda de prensa, volviendo a ser preguntado por el encuentro del mi\u00e9rcoles, ya pas\u00f3 a referirse a la capital vizcaina como \u00abBilbo\u00bb.<\/p>\n","protected":false},"excerpt":{"rendered":"El Athletic jugar\u00e1 este mi\u00e9rcoles en San Mam\u00e9s el encuentro correspondiente a la jornada 19 de LaLiga. Un&hellip;\n","protected":false},"author":2,"featured_media":265907,"comment_status":"","ping_status":"","sticky":false,"template":"","format":"standard","meta":{"footnotes":""},"categories":[93],"tags":[3732,2182,65828,168,25,24,1147,24178,2330,7667,23,167,1781],"class_list":{"0":"post-265906","1":"post","2":"type-post","3":"status-publish","4":"format-standard","5":"has-post-thumbnail","7":"category-deportes","8":"tag-alonso","9":"tag-athletic","10":"tag-bilbado","11":"tag-deportes","12":"tag-es","13":"tag-espana","14":"tag-girona","15":"tag-lapsus","16":"tag-prensa","17":"tag-rueda","18":"tag-spain","19":"tag-sports","20":"tag-xabi"},"share_on_mastodon":{"url":"https:\/\/pubeurope.com\/@es\/115645805665288224","error":""},"_links":{"self":[{"href":"https:\/\/www.europesays.com\/es\/wp-json\/wp\/v2\/posts\/265906","targetHints":{"allow":["GET"]}}],"collection":[{"href":"https:\/\/www.europesays.com\/es\/wp-json\/wp\/v2\/posts"}],"about":[{"href":"https:\/\/www.europesays.com\/es\/wp-json\/wp\/v2\/types\/post"}],"author":[{"embeddable":true,"href":"https:\/\/www.europesays.com\/es\/wp-json\/wp\/v2\/users\/2"}],"replies":[{"embeddable":true,"href":"https:\/\/www.europesays.com\/es\/wp-json\/wp\/v2\/comments?post=265906"}],"version-history":[{"count":0,"href":"https:\/\/www.europesays.com\/es\/wp-json\/wp\/v2\/posts\/265906\/revisions"}],"wp:featuredmedia":[{"embeddable":true,"href":"https:\/\/www.europesays.com\/es\/wp-json\/wp\/v2\/media\/265907"}],"wp:attachment":[{"href":"https:\/\/www.europesays.com\/es\/wp-json\/wp\/v2\/media?parent=265906"}],"wp:term":[{"taxonomy":"category","embeddable":true,"href":"https:\/\/www.europesays.com\/es\/wp-json\/wp\/v2\/categories?post=265906"},{"taxonomy":"post_tag","embeddable":true,"href":"https:\/\/www.europesays.com\/es\/wp-json\/wp\/v2\/tags?post=265906"}],"curies":[{"name":"wp","href":"https:\/\/api.w.org\/{rel}","templated":true}]}}