{"id":265912,"date":"2025-12-01T18:50:19","date_gmt":"2025-12-01T18:50:19","guid":{"rendered":"https:\/\/www.europesays.com\/es\/265912\/"},"modified":"2025-12-01T18:50:19","modified_gmt":"2025-12-01T18:50:19","slug":"quiero-un-movil-bueno-bonito-y-barato-este-samsung-galaxy-tiene-512-gb-y-cuatro-anos-de-garantia","status":"publish","type":"post","link":"https:\/\/www.europesays.com\/es\/265912\/","title":{"rendered":"Quiero un m\u00f3vil bueno, bonito y barato. Este Samsung Galaxy tiene 512 GB y cuatro a\u00f1os de garant\u00eda"},"content":{"rendered":"<p>Quedan tan s\u00f3lo unas horas para que finalice el Black Friday de Amazon, por lo que si buscabas un buen m\u00f3vil que estuviese muy rebajado, mucho ojo con el precio que tiene el <strong>Samsung Galaxy S25 FE<\/strong>. Ahora se puede comprar por <a rel=\"nofollow, sponsored, noopener, noreferrer\" target=\"_blank\" class=\"js-ecommerce\" id=\"link-ecommerce-1\" href=\"https:\/\/www.xataka.com\/redirect?url=https%3A%2F%2Fwww.amazon.es%2Fdp%2FB0FLDLZ7MR&amp;category=seleccion&amp;ecomPostExpiration=perish&amp;postId=328140\" data-vars-affiliate-url=\"https:\/\/www.amazon.es\/dp\/B0FLDLZ7MR\">693,39 euros<\/a>, y no es precisamente en su configuraci\u00f3n de almacenamiento m\u00e1s baja. Adem\u00e1s, viene con <strong>cuatro a\u00f1os de garant\u00eda<\/strong> (tres del fabricante y uno adicional).<\/p>\n<p> <a rel=\"nofollow, sponsored, noopener, noreferrer\" target=\"_blank\" href=\"https:\/\/www.xataka.com\/redirect?site=xataka&amp;url=https%3A%2F%2Fwww.amazon.es%2Fdp%2FB0FLDLZ7MR%3Ftag%3Dxataka-21%26linkCode%3Dogi%26th%3D1%26psc%3D1&amp;affiliate_id=&amp;ecomPostExpiration=perish&amp;postId=328140\"><br \/>\n     <img loading=\"lazy\" decoding=\"async\" src=\"https:\/\/www.europesays.com\/es\/wp-content\/uploads\/2025\/12\/1764615012_688_original.jpeg\" alt=\"Samsung Galaxy S25 FE (512 GB)\" width=\"500\" height=\"500\"\/><br \/>\n   <\/a><\/p>\n<p class=\"pivot-ecommerce-desc\">Samsung Galaxy S25 FE (512 GB)<\/p>\n<p>El precio podr\u00eda variar. Obtenemos comisi\u00f3n por estos enlaces<\/p>\n<p>Un Samsung Galaxy con 512 GB<\/p>\n<p>                    <a rel=\"nofollow, sponsored, noopener, noreferrer\" target=\"_blank\" class=\"js-ecommerce\" id=\"link-ecommerce-2\" href=\"https:\/\/www.xataka.com\/redirect?url=https%3A%2F%2Fwww.amazon.es%2Fdp%2FB0FLDLZ7MR&amp;category=seleccion&amp;ecomPostExpiration=perish&amp;postId=328140\" data-vars-affiliate-url=\"https:\/\/www.amazon.es\/dp\/B0FLDLZ7MR\"><br \/>\n         <img class=\"centro_sinmarco\" height=\"900\" width=\"1600\" loading=\"lazy\" decoding=\"async\"  fetchpriority=\"high\"  src=\"https:\/\/www.europesays.com\/es\/wp-content\/uploads\/2025\/12\/1764615013_784_450_1000.jpeg\" alt=\"Amazon\"\/><\/p>\n<p>     <\/a><\/p>\n<p>El <a class=\"text-outboundlink\" href=\"https:\/\/www.xataka.com\/analisis\/samsung-galaxy-s25-fe-analisis-caracteristicas-precio-especificaciones\" data-vars-post-title=\"Samsung Galaxy S25 FE, an\u00e1lisis: cuando la versatilidad pesa m\u00e1s que el rendimiento extremo\" data-vars-post-url=\"https:\/\/www.xataka.com\/analisis\/samsung-galaxy-s25-fe-analisis-caracteristicas-precio-especificaciones\" rel=\"nofollow noopener\" target=\"_blank\">Samsung Galaxy S25 FE<\/a> se lanz\u00f3 hace muy poco tiempo y durante el Black Friday lo podemos encontrar con un precio bastante m\u00e1s ajustado. En este caso, Amazon lo tiene de oferta en su <strong>configuraci\u00f3n de 512 GB<\/strong>, lo que puede ser bastante interesante si queremos tener mucho almacenamiento para guardar fotos y v\u00eddeos.<\/p>\n<p>Entre sus especificaciones, el m\u00f3vil de Samsung viene con una <strong>pantalla AMOLED de 6,7 pulgadas<\/strong> que ofrece una resoluci\u00f3n Full HD+ y una tasa de refresco de 120 Hz. Incorpora el procesador Exynos 2400 junto con 8 GB de RAM y, en este caso, los ya mencionados 512 GB de almacenamiento interno.<\/p>\n<p>Su bater\u00eda soporta carga r\u00e1pida de 45W y carga inal\u00e1mbrica de 25W y en su apartado fotogr\u00e1fico nos encontramos con un m\u00f3dulo de c\u00e1maras que se compone de un <strong>sensor principal de 50 MP<\/strong>, un telefoto de 12 MP y un gran angular de 8 MP.<\/p>\n<p>    <a href=\"https:\/\/www.compradiccion.com\/moda-mujer\/manana-llega-a-lidl-camiseta-termica-para-combatir-frio-a-precio-economico\" class=\"pivot-outboundlink\" target=\"_blank\" data-vars-post-title=\"Hoy llega a Lidl la camiseta t\u00e9rmica para combatir el fr\u00edo a un precio de lo m\u00e1s econ\u00f3mico\" rel=\"nofollow noopener\"><br \/>\n     <img loading=\"lazy\" decoding=\"async\" alt=\"Hoy llega a Lidl la camiseta t\u00e9rmica para combatir el fr\u00edo a un precio de lo m\u00e1s econ\u00f3mico\" width=\"375\" height=\"142\" src=\"https:\/\/www.europesays.com\/es\/wp-content\/uploads\/2025\/12\/1764615016_719_375_142.jpeg\"\/><br \/>\n    <\/a><\/p>\n<p>Tambi\u00e9n te puede interesar<\/p>\n<p> <a rel=\"nofollow, sponsored, noopener, noreferrer\" target=\"_blank\" href=\"https:\/\/www.xataka.com\/redirect?site=xataka&amp;url=https%3A%2F%2Fwww.amazon.es%2Fdp%2FB0D4QVNFWV%3Ftag%3Dxataka-21%26linkCode%3Dogi%26th%3D1%26psc%3D1&amp;affiliate_id=&amp;ecomPostExpiration=perish&amp;postId=328140\"><br \/>\n     <img loading=\"lazy\" decoding=\"async\" src=\"https:\/\/www.europesays.com\/es\/wp-content\/uploads\/2025\/12\/1764615016_427_original.jpeg\" alt=\"Samsung Galaxy Buds3 + Cargador - Auriculares Inal\u00e1mbricos, Cancelaci\u00f3n de Ruido, Bluetooth, Audio 360, Gris (Versi\u00f3n Espa\u00f1ola)\" width=\"500\" height=\"500\"\/><br \/>\n   <\/a><\/p>\n<p class=\"pivot-ecommerce-desc\">Samsung Galaxy Buds3 + Cargador &#8211; Auriculares Inal\u00e1mbricos, Cancelaci\u00f3n de Ruido, Bluetooth, Audio 360, Gris (Versi\u00f3n Espa\u00f1ola)<\/p>\n<p>El precio podr\u00eda variar. Obtenemos comisi\u00f3n por estos enlaces<\/p>\n<p> <a rel=\"nofollow, sponsored, noopener, noreferrer\" target=\"_blank\" href=\"https:\/\/www.xataka.com\/redirect?site=xataka&amp;url=https%3A%2F%2Fwww.amazon.es%2Fdp%2FB0D4VYHK6Y%3Ftag%3Dxataka-21%26linkCode%3Dogi%26th%3D1%26psc%3D1&amp;affiliate_id=&amp;ecomPostExpiration=perish&amp;postId=328140\"><br \/>\n     <img loading=\"lazy\" decoding=\"async\" src=\"https:\/\/www.europesays.com\/es\/wp-content\/uploads\/2025\/12\/1764615018_283_original.jpeg\" alt=\"Samsung Galaxy Watch7 Bluetooth + Correa - Smartwatch 40mm, Control de Salud, Seguimiento Deportivo, Beige (Versi\u00f3n Espa\u00f1ola)\" width=\"500\" height=\"500\"\/><br \/>\n   <\/a><\/p>\n<p class=\"pivot-ecommerce-desc\">Samsung Galaxy Watch7 Bluetooth + Correa &#8211; Smartwatch 40mm, Control de Salud, Seguimiento Deportivo, Beige (Versi\u00f3n Espa\u00f1ola)<\/p>\n<p>El precio podr\u00eda variar. Obtenemos comisi\u00f3n por estos enlaces<\/p>\n<p>Algunos de los enlaces de este art\u00edculo son afiliados y pueden reportar un beneficio a Xataka. En caso de no disponibilidad, las ofertas pueden variar.<\/p>\n<p>Im\u00e1genes |\u00a0<a href=\"https:\/\/www.xataka.com\/autor\/alvaro-garcia\" rel=\"nofollow noopener\" target=\"_blank\">\u00c1lvaro Garc\u00eda M.<\/a>, Samsung<\/p>\n<p>En Xataka |\u00a0<a class=\"text-outboundlink\" href=\"https:\/\/www.xataka.com\/seleccion\/busca-mejores-moviles-samsung-2020-guia-compra-funcion-presupuesto-gustos-calidad-precio\" data-vars-post-title=\"Mejores m\u00f3viles Samsung: cu\u00e1l comprar y modelos recomendados en funci\u00f3n de presupuesto, gustos y calidad precio\" data-vars-post-url=\"https:\/\/www.xataka.com\/seleccion\/busca-mejores-moviles-samsung-2020-guia-compra-funcion-presupuesto-gustos-calidad-precio\" rel=\"nofollow noopener\" target=\"_blank\">Mejores m\u00f3viles Samsung: cu\u00e1l comprar y modelos recomendados en funci\u00f3n de presupuesto, gustos y calidad precio<\/a><\/p>\n<p>En Xataka |\u00a0<a class=\"text-outboundlink\" href=\"https:\/\/www.xataka.com\/analisis\/mejores-moviles-2022-analisis-videos\" data-vars-post-title=\"Los mejores m\u00f3viles (2025), los hemos probado y aqu\u00ed est\u00e1n sus an\u00e1lisis\" data-vars-post-url=\"https:\/\/www.xataka.com\/analisis\/mejores-moviles-2022-analisis-videos\" rel=\"nofollow noopener\" target=\"_blank\">Los mejores m\u00f3viles (2025), los hemos probado y aqu\u00ed est\u00e1n sus an\u00e1lisis<\/a><\/p>\n","protected":false},"excerpt":{"rendered":"Quedan tan s\u00f3lo unas horas para que finalice el Black Friday de Amazon, por lo que si buscabas&hellip;\n","protected":false},"author":2,"featured_media":265913,"comment_status":"","ping_status":"","sticky":false,"template":"","format":"standard","meta":{"footnotes":""},"categories":[81],"tags":[119,123,124,25,24,117,121,122,23,118,120],"class_list":{"0":"post-265912","1":"post","2":"type-post","3":"status-publish","4":"format-standard","5":"has-post-thumbnail","7":"category-ciencia-y-tecnologia","8":"tag-ciencia","9":"tag-ciencia-y-tecnologia","10":"tag-cienciaytecnologia","11":"tag-es","12":"tag-espana","13":"tag-science","14":"tag-science-and-technology","15":"tag-scienceandtechnology","16":"tag-spain","17":"tag-technology","18":"tag-tecnologia"},"share_on_mastodon":{"url":"https:\/\/pubeurope.com\/@es\/115645817838240052","error":""},"_links":{"self":[{"href":"https:\/\/www.europesays.com\/es\/wp-json\/wp\/v2\/posts\/265912","targetHints":{"allow":["GET"]}}],"collection":[{"href":"https:\/\/www.europesays.com\/es\/wp-json\/wp\/v2\/posts"}],"about":[{"href":"https:\/\/www.europesays.com\/es\/wp-json\/wp\/v2\/types\/post"}],"author":[{"embeddable":true,"href":"https:\/\/www.europesays.com\/es\/wp-json\/wp\/v2\/users\/2"}],"replies":[{"embeddable":true,"href":"https:\/\/www.europesays.com\/es\/wp-json\/wp\/v2\/comments?post=265912"}],"version-history":[{"count":0,"href":"https:\/\/www.europesays.com\/es\/wp-json\/wp\/v2\/posts\/265912\/revisions"}],"wp:featuredmedia":[{"embeddable":true,"href":"https:\/\/www.europesays.com\/es\/wp-json\/wp\/v2\/media\/265913"}],"wp:attachment":[{"href":"https:\/\/www.europesays.com\/es\/wp-json\/wp\/v2\/media?parent=265912"}],"wp:term":[{"taxonomy":"category","embeddable":true,"href":"https:\/\/www.europesays.com\/es\/wp-json\/wp\/v2\/categories?post=265912"},{"taxonomy":"post_tag","embeddable":true,"href":"https:\/\/www.europesays.com\/es\/wp-json\/wp\/v2\/tags?post=265912"}],"curies":[{"name":"wp","href":"https:\/\/api.w.org\/{rel}","templated":true}]}}