{"id":265916,"date":"2025-12-01T18:52:10","date_gmt":"2025-12-01T18:52:10","guid":{"rendered":"https:\/\/www.europesays.com\/es\/265916\/"},"modified":"2025-12-01T18:52:10","modified_gmt":"2025-12-01T18:52:10","slug":"trump-invita-a-netanyahu-a-washington-tras-hablar-sobre-la-ampliacion-de-los-acuerdos-de-paz-en-gaza","status":"publish","type":"post","link":"https:\/\/www.europesays.com\/es\/265916\/","title":{"rendered":"Trump invita a Netanyahu a Washington tras hablar sobre la ampliaci\u00f3n de los acuerdos de paz en Gaza"},"content":{"rendered":"\n<p> El presidente de Estados Unidos, <strong>Donald Trump<\/strong>, ha hablado este lunes por tel\u00e9fono con el primer ministro israel\u00ed,<strong> Benjam\u00edn Netanyahu,<\/strong> con quien abord\u00f3 \u00abla ampliaci\u00f3n de los acuerdos de paz\u00bb y a quien<strong> ha invitado a Washington<\/strong> para mantener <a href=\"https:\/\/www.elconfidencial.com\/mundo\/2025-10-01\/casa-blanca-difunde-fotos-disculpa-netanyahu-qatar_4220028\/\" target=\"_self\" rel=\"nofollow noopener\">una reuni\u00f3n en la Casa Blanca<\/a> pr\u00f3ximamente. <\/p>\n<p> As\u00ed lo ha trasladado la oficina de Netanyahu en un comunicado sobre esta llamada telef\u00f3nica, que se produjo poco despu\u00e9s de que el mandatario estadounidense instara al primer ministro israel\u00ed, a trav\u00e9s de una publicaci\u00f3n en redes, a mantener <strong>un \u00abdi\u00e1logo firme y de verdad\u00bb con Siria.<\/strong> <\/p>\n<p> \u00abEn su conversaci\u00f3n, ambos l\u00edderes destacaron la importancia y el compromiso con<strong> el desarme de Ham\u00e1s y la desmilitarizaci\u00f3n<\/strong> de la Franja de Gaza y abordaron la ampliaci\u00f3n de <a href=\"https:\/\/www.elconfidencial.com\/mundo\/2025-11-13\/trump-gaza-segunda-fase-plan-paz_4246107\/\" target=\"_self\" rel=\"nofollow noopener\">los acuerdos de paz<\/a>\u00ab, indic\u00f3 el comunicado. <\/p>\n<p> El presidente de Estados Unidos, <strong>Donald Trump<\/strong>, ha hablado este lunes por tel\u00e9fono con el primer ministro israel\u00ed,<strong> Benjam\u00edn Netanyahu,<\/strong> con quien abord\u00f3 \u00abla ampliaci\u00f3n de los acuerdos de paz\u00bb y a quien<strong> ha invitado a Washington<\/strong> para mantener <a href=\"https:\/\/www.elconfidencial.com\/mundo\/2025-10-01\/casa-blanca-difunde-fotos-disculpa-netanyahu-qatar_4220028\/\" target=\"_self\" rel=\"nofollow noopener\">una reuni\u00f3n en la Casa Blanca<\/a> pr\u00f3ximamente. <\/p>\n","protected":false},"excerpt":{"rendered":"El presidente de Estados Unidos, Donald Trump, ha hablado este lunes por tel\u00e9fono con el primer ministro israel\u00ed,&hellip;\n","protected":false},"author":2,"featured_media":265917,"comment_status":"","ping_status":"","sticky":false,"template":"","format":"standard","meta":{"footnotes":""},"categories":[42],"tags":[17,18,13,14,11,61,62,63,64,19,20,9,10,15,16,12,21,22,65,66,67],"class_list":{"0":"post-265916","1":"post","2":"type-post","3":"status-publish","4":"format-standard","5":"has-post-thumbnail","7":"category-internacional","8":"tag-breaking-news","9":"tag-breakingnews","10":"tag-featured-news","11":"tag-featurednews","12":"tag-headlines","13":"tag-internacional","14":"tag-international","15":"tag-international-news","16":"tag-internationalnews","17":"tag-latest-news","18":"tag-latestnews","19":"tag-news","20":"tag-noticias","21":"tag-noticias-destacadas","22":"tag-noticiasdestacadas","23":"tag-titulares","24":"tag-ultimas-noticias","25":"tag-ultimasnoticias","26":"tag-world","27":"tag-world-news","28":"tag-worldnews"},"share_on_mastodon":{"url":"https:\/\/pubeurope.com\/@es\/115645824739547511","error":""},"_links":{"self":[{"href":"https:\/\/www.europesays.com\/es\/wp-json\/wp\/v2\/posts\/265916","targetHints":{"allow":["GET"]}}],"collection":[{"href":"https:\/\/www.europesays.com\/es\/wp-json\/wp\/v2\/posts"}],"about":[{"href":"https:\/\/www.europesays.com\/es\/wp-json\/wp\/v2\/types\/post"}],"author":[{"embeddable":true,"href":"https:\/\/www.europesays.com\/es\/wp-json\/wp\/v2\/users\/2"}],"replies":[{"embeddable":true,"href":"https:\/\/www.europesays.com\/es\/wp-json\/wp\/v2\/comments?post=265916"}],"version-history":[{"count":0,"href":"https:\/\/www.europesays.com\/es\/wp-json\/wp\/v2\/posts\/265916\/revisions"}],"wp:featuredmedia":[{"embeddable":true,"href":"https:\/\/www.europesays.com\/es\/wp-json\/wp\/v2\/media\/265917"}],"wp:attachment":[{"href":"https:\/\/www.europesays.com\/es\/wp-json\/wp\/v2\/media?parent=265916"}],"wp:term":[{"taxonomy":"category","embeddable":true,"href":"https:\/\/www.europesays.com\/es\/wp-json\/wp\/v2\/categories?post=265916"},{"taxonomy":"post_tag","embeddable":true,"href":"https:\/\/www.europesays.com\/es\/wp-json\/wp\/v2\/tags?post=265916"}],"curies":[{"name":"wp","href":"https:\/\/api.w.org\/{rel}","templated":true}]}}