{"id":265918,"date":"2025-12-01T18:53:11","date_gmt":"2025-12-01T18:53:11","guid":{"rendered":"https:\/\/www.europesays.com\/es\/265918\/"},"modified":"2025-12-01T18:53:11","modified_gmt":"2025-12-01T18:53:11","slug":"el-jefe-de-gabinete-de-mazon-dice-que-el-president-conocia-la-situacion-y-nunca-estuvo-ilocalizable-el-dia-de-la-dana-politica","status":"publish","type":"post","link":"https:\/\/www.europesays.com\/es\/265918\/","title":{"rendered":"El jefe de Gabinete de Maz\u00f3n dice que el president \u00abconoc\u00eda la situaci\u00f3n y nunca estuvo ilocalizable\u00bb el d\u00eda de la DANA | Pol\u00edtica"},"content":{"rendered":"<p class=\"loc\">Valencia<\/p>\n<p>os\u00e9 Manuel Cuenca, jefe de Gabinete de Carlos Maz\u00f3n en la Generalitat Valenciana, ha asegurado este lunes en el Congreso que el d\u00eda de la dana que cost\u00f3 la vida a 229 personas solo en la provincia de Valencia, el entonces presidente auton\u00f3mico \u00abconoc\u00eda la situaci\u00f3n y nunca estuvo ilocalizable\u00bb el 29 de octubre de 2024.<\/p>\n<p>As\u00ed lo ha dicho durante su comparecencia en la comisi\u00f3n del Congreso que investiga la gesti\u00f3n de la riada en respuesta a la diputada de Comprom\u00eds, \u00c1gueda Mic\u00f3, quien tambi\u00e9n le ha preguntado sobre las afirmaciones realizadas por la entonces consellera de Emergencias Salom\u00e9 Pradas este domingo en el programa &#8216;Salvados&#8217; de La Sexta.<\/p>\n<p>En concreto, le ha preguntado si, como dijo Pradas, pidi\u00f3 a la consellera que le informara a \u00e9l de la evoluci\u00f3n de la jornada y no molestara al &#8216;president&#8217;. Cuenca ha comentado que no recuerda \u00aben absoluto\u00bb esa conversaci\u00f3n, pero ha admitido que podr\u00eda haberle dicho eso a Pradas porque Maz\u00f3n ten\u00eda varios actos programados aquella ma\u00f1ana.<\/p>\n<p>Seg\u00fan ha explicado, habl\u00f3 con Pradas porque la llam\u00f3 a las 13.20 y, como Maz\u00f3n ten\u00eda actos previstos, habr\u00eda sido \u00abnormal\u00bb que le dijera a la consellera que le llamara a \u00e9l. En todo caso, el compareciente se ha remitido a su declaraci\u00f3n ante la jueza de la dana la semana pasada y ha rehusado dar m\u00e1s detalles.<\/p>\n<p>\u00abNo es objeto de esta comisi\u00f3n que yo me ponga a comentar declaraciones o programas de televisi\u00f3n\u00bb, ha dicho despu\u00e9s en respuesta a la diputada del PNV Bego\u00f1a Sagastizabal, ante la que tambi\u00e9n ha se\u00f1alado que le dijo a Pradas &#8211;que entonces se iba a desplazar a Utiel&#8211; que si ten\u00eda alguna novedad se la dijera a \u00e9l.<\/p>\n<p>Comunicaci\u00f3n permanente<\/p>\n<p>\u00abA partir de ese momento, la comunicaci\u00f3n del presidente y de la consellera fue permanente, aparte de que yo estuve contactando con el presidente, incluso con la consellera, en algunas ocasiones tambi\u00e9n, de la tarde. Pero a m\u00ed nunca me reclam\u00f3 la consellera la presencia del presidente, la consellera jam\u00e1s me dijo que no pudiera localizar al presidente. Ellos tuvieron, y son p\u00fablicas, numerosas conversaciones\u00bb, ha asegurado.<\/p>\n<p>En este contexto, ha insistido en que Maz\u00f3n \u00abnunca estuvo ilocalizado\u00bb, sino que estaba \u00aba la espera de una propuesta\u00bb que hab\u00eda hecho \u00e9l, como jefe de Gabinete, de que ambos pudieran ir a Utiel esa misma tarde o al d\u00eda siguiente, porque, seg\u00fan ha dicho, estaban convencidos de que esa reuni\u00f3n del Cecopi iba a durar poco.<\/p>\n<p>El c\u00f3digo iframe se ha copiado en el portapapeles<\/p>\n<p class=\"tit\">Jos\u00e9 Manuel Cuenca asegura que inform\u00f3 a Maz\u00f3n<\/p>\n<p>00:00:0000:16<\/p>\n<p>FacebookTwitterLinkedinWhatsAppCerrar<\/p>\n<p>El compareciente, que ha dicho mantener una \u00abrelaci\u00f3n profesional\u00bb con el expresidente con el que ven\u00eda compartiendo piso en Valencia, ha reconocido que el 29 de octubre estuvo en el Palau de la Generalitat hasta las 14.30 horas y despu\u00e9s se desplaz\u00f3 a X\u00e0tiva y Benig\u00e0nim para tratar unos \u00abasuntos personales\u00bb.<\/p>\n<p>El jefe de Gabinete ha confirmado que \u00e9l agend\u00f3 la comida de Maz\u00f3n con la periodista Maribel Vilaplana en El Ventorro y que, por tanto sab\u00eda que el president estaba all\u00ed. Tambi\u00e9n ha confirmado que el almuerzo lo abon\u00f3 el PP valenciano.<\/p>\n<p>Normal que despidiera a los escoltas <\/p>\n<p>Y, por otra parte, ha restado importancia al hecho de que Maz\u00f3n despidiera a los escoltas al llegar a El Ventorro. \u00abCuando el president llega a un lugar para un almuerzo o una reuni\u00f3n normal es habitual que les diga a los escoltas luego nos vemos en el Palau\u00bb, ha comentado, resaltando que Maz\u00f3n pensaba volver a la sede de la Generalitat.<\/p>\n<p>Pero no ha contestado d\u00f3nde estuvo Maz\u00f3n entre las 19.00 y las 20.00 horas de aquel d\u00eda y a la pregunta de cu\u00e1l es la versi\u00f3n buena de todas las que ha dado Maz\u00f3n ha respondido: \u00abTodas estas cuestiones yo las he resuelto ya en el juzgado\u00bb.<\/p>\n<p>Sigue toda la \u00faltima hora en el canal de Whatsapp de Radio Valencia:<a href=\"https:\/\/eur01.safelinks.protection.outlook.com\/?url=https%3A%2F%2Fwhatsapp.com%2Fchannel%2F0029VaHjyqSFHWq2Q3iHB33R&amp;data=05%7C02%7Cjfores%40prisaradio.com%7C9cf93b8bc68040c162ea08dca66399b3%7Cc4fd49f3e15a44d882e2c909735d2e45%7C0%7C0%7C638568193933277239%7CUnknown%7CTWFpbGZsb3d8eyJWIjoiMC4wLjAwMDAiLCJQIjoiV2luMzIiLCJBTiI6Ik1haWwiLCJXVCI6Mn0%3D%7C0%7C%7C%7C&amp;sdata=wXicRJgfTg5wCWBTdUk%2FIrtJAULqiLUxrhnLmtwSKf0%3D&amp;reserved=0\" target=\"_blank\" rel=\"nofollow noopener\" title=\"Direcci\u00f3n URL original: https:\/\/whatsapp.com\/channel\/0029VaHjyqSFHWq2Q3iHB33R. Haga clic o pulse si conf\u00eda en este v\u00ednculo.\">haz clic aqu\u00ed y suscr\u00edbete<\/a> para recibir toda la informaci\u00f3n y la actualidad del d\u00eda en tu m\u00f3vil.<\/p>\n","protected":false},"excerpt":{"rendered":"Valencia os\u00e9 Manuel Cuenca, jefe de Gabinete de Carlos Maz\u00f3n en la Generalitat Valenciana, ha asegurado este lunes&hellip;\n","protected":false},"author":2,"featured_media":265919,"comment_status":"","ping_status":"","sticky":false,"template":"","format":"standard","meta":{"footnotes":""},"categories":[8],"tags":[17,18,25,24,13,14,11,19,20,9,10,15,16,23,12,21,22],"class_list":{"0":"post-265918","1":"post","2":"type-post","3":"status-publish","4":"format-standard","5":"has-post-thumbnail","7":"category-espana","8":"tag-breaking-news","9":"tag-breakingnews","10":"tag-es","11":"tag-espana","12":"tag-featured-news","13":"tag-featurednews","14":"tag-headlines","15":"tag-latest-news","16":"tag-latestnews","17":"tag-news","18":"tag-noticias","19":"tag-noticias-destacadas","20":"tag-noticiasdestacadas","21":"tag-spain","22":"tag-titulares","23":"tag-ultimas-noticias","24":"tag-ultimasnoticias"},"share_on_mastodon":{"url":"https:\/\/pubeurope.com\/@es\/115645828713709469","error":""},"_links":{"self":[{"href":"https:\/\/www.europesays.com\/es\/wp-json\/wp\/v2\/posts\/265918","targetHints":{"allow":["GET"]}}],"collection":[{"href":"https:\/\/www.europesays.com\/es\/wp-json\/wp\/v2\/posts"}],"about":[{"href":"https:\/\/www.europesays.com\/es\/wp-json\/wp\/v2\/types\/post"}],"author":[{"embeddable":true,"href":"https:\/\/www.europesays.com\/es\/wp-json\/wp\/v2\/users\/2"}],"replies":[{"embeddable":true,"href":"https:\/\/www.europesays.com\/es\/wp-json\/wp\/v2\/comments?post=265918"}],"version-history":[{"count":0,"href":"https:\/\/www.europesays.com\/es\/wp-json\/wp\/v2\/posts\/265918\/revisions"}],"wp:featuredmedia":[{"embeddable":true,"href":"https:\/\/www.europesays.com\/es\/wp-json\/wp\/v2\/media\/265919"}],"wp:attachment":[{"href":"https:\/\/www.europesays.com\/es\/wp-json\/wp\/v2\/media?parent=265918"}],"wp:term":[{"taxonomy":"category","embeddable":true,"href":"https:\/\/www.europesays.com\/es\/wp-json\/wp\/v2\/categories?post=265918"},{"taxonomy":"post_tag","embeddable":true,"href":"https:\/\/www.europesays.com\/es\/wp-json\/wp\/v2\/tags?post=265918"}],"curies":[{"name":"wp","href":"https:\/\/api.w.org\/{rel}","templated":true}]}}