{"id":265920,"date":"2025-12-01T18:54:34","date_gmt":"2025-12-01T18:54:34","guid":{"rendered":"https:\/\/www.europesays.com\/es\/265920\/"},"modified":"2025-12-01T18:54:34","modified_gmt":"2025-12-01T18:54:34","slug":"el-pp-premia-a-mazon-con-una-portavocia-en-las-corts-que-supone-600-euros-extra-al-mes","status":"publish","type":"post","link":"https:\/\/www.europesays.com\/es\/265920\/","title":{"rendered":"El PP premia a Maz\u00f3n con una portavoc\u00eda en las Corts que supone 600 euros extra al mes"},"content":{"rendered":"<p class=\"article-text\">\n        Movimientos en el PP de las Corts para compensar a Carlos Maz\u00f3n tras su dimisi\u00f3n como presidente del Gobierno valenciano. El grupo parlamentario ha registrado este lunes en la mesa del parlamento valenciano una propuesta de modificaci\u00f3n de los integrantes de diferentes comisiones (documento al final de la informaci\u00f3n). El formar parte de ellas como portavoz report\u00f3 en el a\u00f1o 2024 a los diputados un suplemento de 634,77 euros brutos mensuales en 14 pagas, es decir, 8.879 euros brutos al a\u00f1o, seg\u00fan el portal de transparencia. Una cuant\u00eda que podr\u00eda ser algo superior en la actualidad.\n    <\/p>\n<p>    <a href=\"https:\/\/www.eldiario.es\/comunitat-valenciana\/mazon-anuncia-dimision-diferido-presidente-generalitat-cerrar-sucesor-valide-vox_1_12133992.html\" data-mrf-recirculation=\"saber-mas\" data-dl-event=\"saber-mas\" rel=\"nofollow noopener\" target=\"_blank\"><\/p>\n<p class=\"know-more__title\">Maz\u00f3n dimite, pero seguir\u00e1 en el puesto hasta pactar sucesor con Vox<\/p>\n<p>            <img decoding=\"async\" class=\"lazy\" loading=\"lazy\" data-src=\"https:\/\/static.eldiario.es\/clip\/6a261d0f-101f-4efc-a65a-e4e882c86eba_16-9-aspect-ratio_default_0.jpg\" src=\"data:image\/svg+xml,%3Csvg xmlns=\" http:=\"\" viewbox=\"0 0 880 495\" alt=\"Maz\u00f3n dimite, pero seguir\u00e1 en el puesto hasta pactar sucesor con Vox\"\/><\/p>\n<p>                        <\/a><\/p>\n<p class=\"article-text\">\n        Seg\u00fan la propuesta del grupo popular a la que ha tenido acceso elDiario.es, se propone a Maz\u00f3n como miembro de la Comisi\u00f3n de Reglamento de las Corts en sustituci\u00f3n de Eduardo Dol\u00f3n, al tiempo que pide la baja de la Comisi\u00f3n de Gobierno Interior del virtual presidente Juan Francisco P\u00e9rez Llorca, cuyo lugar ser\u00e1 ocupado por el nuevo s\u00edndic Fernando Pastor.\n    <\/p>\n<p>            <img decoding=\"async\" class=\"lazy\" loading=\"lazy\" data-src=\"https:\/\/static.eldiario.es\/clip\/63b8e1f7-98eb-4573-b4f1-715526aae637_source-aspect-ratio_default_0.jpg\" src=\"data:image\/svg+xml,%3Csvg xmlns=\" http:=\"\" viewbox=\"0 0 1308 759\" alt=\"Complemento de los portavoces de comisi\u00f3n en 2024, seg\u00fan el portal de transparencia.\"\/><\/p>\n<p class=\"article-text\">\n        Este martes est\u00e1 prevista la toma de posesi\u00f3n de P\u00e9rez Llorca como nuevo presidente del Gobierno valenciano, por lo que Maz\u00f3n pasar\u00e9 a ser diputado raso, con unas retribuciones menores de las que percib\u00eda como jefe del Consell. Una merma que en parte se le compensar\u00e1 con su inclusi\u00f3n como portavoz en la mencionada comisi\u00f3n, casi sin actividad puesto que solo se re\u00fane cuando se proponen modificaciones de reglamento de las Corts. As\u00ed, pasar\u00e1 de los 91.000 euros brutos al a\u00f1o que cobraba como presidente (81.000 euros m\u00e1s el plus de vivienda del 14%), a unos 62.000 euros brutos al a\u00f1o, complementos incluidos, que cobrar\u00e1 como diputado raso. A esa cuant\u00eda se podr\u00eda sumar una asignaci\u00f3n por responsabilidad por parte del grupo parlamentario.\n    <\/p>\n<p>    <a href=\"https:\/\/www.eldiario.es\/comunitat-valenciana\/perez-llorca-sera-presidente-generalitat-valenciana-apoyo-extrema-derecha_1_12775224.html\" data-mrf-recirculation=\"saber-mas-abajo\" data-dl-event=\"saber-mas-abajo\" rel=\"nofollow noopener\" target=\"_blank\"><\/p>\n<p class=\"know-more__title\">P\u00e9rez Llorca, elegido presidente de la Generalitat Valenciana con el apoyo de la extrema derecha de Vox<\/p>\n<p>            <img decoding=\"async\" class=\"lazy\" loading=\"lazy\" data-src=\"https:\/\/static.eldiario.es\/clip\/1bc9a9ba-9792-4b77-a9fd-c2944a12a043_16-9-aspect-ratio_default_0.jpg\" src=\"data:image\/svg+xml,%3Csvg xmlns=\" http:=\"\" viewbox=\"0 0 880 495\" alt=\"P\u00e9rez Llorca, elegido presidente de la Generalitat Valenciana con el apoyo de la extrema derecha de Vox\"\/><\/p>\n<p>                        <\/a><\/p>\n<p class=\"article-text\">\n        El portavoz del PSPV en el parlamento valenciano, Jos\u00e9 Mu\u00f1oz, ha criticado este movimiento en sus redes sociales: \u201cP\u00e9rez Llorca, en lugar de exigirle el acta de diputado a Maz\u00f3n, le premia haci\u00e9ndole Portavoz de la Comisi\u00f3n de Reglamento. Todo para que pueda cobrar un plus salarial (634 euros al mes). Curiosa forma de pedir perd\u00f3n a las v\u00edctimas de la dana\u201d.\n    <\/p>\n<blockquote class=\"twitter-tweet\" data-lang=\"es\"><p><a href=\"https:\/\/twitter.com\/X\/status\/1995479977903448152?ref_src=twsrc%5Etfw\" rel=\"nofollow noopener\" target=\"_blank\"><\/p><\/blockquote>\n<p>                                <script async src=\"https:\/\/platform.twitter.com\/widgets.js\" charset=\"utf-8\"><\/script><\/p>\n","protected":false},"excerpt":{"rendered":"Movimientos en el PP de las Corts para compensar a Carlos Maz\u00f3n tras su dimisi\u00f3n como presidente del&hellip;\n","protected":false},"author":2,"featured_media":265921,"comment_status":"","ping_status":"","sticky":false,"template":"","format":"standard","meta":{"footnotes":""},"categories":[5],"tags":[517,2206,1705,17,18,3965,242,25,24,13,14,11,1667,19,20,9,10,15,16,1925,23,12,21,22,235],"class_list":{"0":"post-265920","1":"post","2":"type-post","3":"status-publish","4":"format-standard","5":"has-post-thumbnail","7":"category-titulares","8":"tag-actualidad","9":"tag-alicante","10":"tag-analisis","11":"tag-breaking-news","12":"tag-breakingnews","13":"tag-castellon","14":"tag-comunidad-valenciana","15":"tag-es","16":"tag-espana","17":"tag-featured-news","18":"tag-featurednews","19":"tag-headlines","20":"tag-informacion","21":"tag-latest-news","22":"tag-latestnews","23":"tag-news","24":"tag-noticias","25":"tag-noticias-destacadas","26":"tag-noticiasdestacadas","27":"tag-opinion","28":"tag-spain","29":"tag-titulares","30":"tag-ultimas-noticias","31":"tag-ultimasnoticias","32":"tag-valencia"},"share_on_mastodon":{"url":"https:\/\/pubeurope.com\/@es\/115645832440395950","error":""},"_links":{"self":[{"href":"https:\/\/www.europesays.com\/es\/wp-json\/wp\/v2\/posts\/265920","targetHints":{"allow":["GET"]}}],"collection":[{"href":"https:\/\/www.europesays.com\/es\/wp-json\/wp\/v2\/posts"}],"about":[{"href":"https:\/\/www.europesays.com\/es\/wp-json\/wp\/v2\/types\/post"}],"author":[{"embeddable":true,"href":"https:\/\/www.europesays.com\/es\/wp-json\/wp\/v2\/users\/2"}],"replies":[{"embeddable":true,"href":"https:\/\/www.europesays.com\/es\/wp-json\/wp\/v2\/comments?post=265920"}],"version-history":[{"count":0,"href":"https:\/\/www.europesays.com\/es\/wp-json\/wp\/v2\/posts\/265920\/revisions"}],"wp:featuredmedia":[{"embeddable":true,"href":"https:\/\/www.europesays.com\/es\/wp-json\/wp\/v2\/media\/265921"}],"wp:attachment":[{"href":"https:\/\/www.europesays.com\/es\/wp-json\/wp\/v2\/media?parent=265920"}],"wp:term":[{"taxonomy":"category","embeddable":true,"href":"https:\/\/www.europesays.com\/es\/wp-json\/wp\/v2\/categories?post=265920"},{"taxonomy":"post_tag","embeddable":true,"href":"https:\/\/www.europesays.com\/es\/wp-json\/wp\/v2\/tags?post=265920"}],"curies":[{"name":"wp","href":"https:\/\/api.w.org\/{rel}","templated":true}]}}