{"id":265928,"date":"2025-12-01T19:03:08","date_gmt":"2025-12-01T19:03:08","guid":{"rendered":"https:\/\/www.europesays.com\/es\/265928\/"},"modified":"2025-12-01T19:03:08","modified_gmt":"2025-12-01T19:03:08","slug":"el-futuro-del-psg-no-se-comprara-sera-made-in-paris","status":"publish","type":"post","link":"https:\/\/www.europesays.com\/es\/265928\/","title":{"rendered":"El futuro del PSG no se comprar\u00e1, ser\u00e1 &#8216;made in Paris&#8217;"},"content":{"rendered":"<p data-mrf-recirculation=\"Links P\u00e1rrafos\" class=\"ue-c-article__paragraph paragraph ue-c-article--first-letter-highlighted\">Nasser <strong>al Khelaifi<\/strong> ha repasado las claves del \u00e9xito del <strong>PSG <\/strong>de la campa\u00f1a pasada en <strong>Tuttosport<\/strong> tras ser elegido mejor presidente de 2025 en los premios <strong>Golden Boy. <\/strong>El m\u00e1ximo dirigente del club franc\u00e9s destaca la figura de<strong> Luis Enrique, <\/strong>pero tambi\u00e9n el trabajo que se lleva haciendo desde la base para cambiar la tendencia hacia el objetivo de fabricar desde Par\u00eds a los mejores jugadores del mundo.\u00a0<\/p>\n<p data-mrf-recirculation=\"Links P\u00e1rrafos\" class=\"ue-c-article__paragraph paragraph\">\u00abLa filosof\u00eda debe ser ganar colectivamente, con el grupo, valorando a nuestros j\u00f3venes jugadores, gracias tambi\u00e9n al mejor entrenador del mundo, que es Luis Enrique. <strong>Queremos contar con los mejores jugadores del mundo, nuestros j\u00f3venes, desarrollar el sector juvenil y garantizar as\u00ed el futuro del club, no solo los resultados actuales, que sin duda son importantes, sino tambi\u00e9n y sobre todo el futuro del club<\/strong>. Y por eso agradezco mucho este reconocimiento, que premia mi trabajo y el de todo el club\u00bb, comenta el dirigente.<\/p>\n<p data-mrf-recirculation=\"Links P\u00e1rrafos\" class=\"ue-c-article__paragraph paragraph\">Para Al Khelaifi la nueva ciudad deportiva de Poissy donde crecen y estudian los canteranos es uno de los mayores logros del club sino que m\u00e1s importante: \u00ab<strong>El futuro del Par\u00eds Saint-Germain nacer\u00e1 y se construir\u00e1 aqu\u00ed; no se comprar\u00e1, sino que ser\u00e1 \u00abMade in Paris\u00bb para Par\u00eds. <\/strong>Dije que la superestrella del PSG es el equipo, y me refer\u00eda tanto dentro como fuera del campo. Cuando trabajamos juntos, este es el resultado\u00bb.<\/p>\n<p data-mrf-recirculation=\"Links P\u00e1rrafos\" class=\"ue-c-article__paragraph paragraph\">Sobre la gran temporada pasada que culmin\u00f3 con la primera Champions League, <strong>Nasser al Khelaifi valora sobre todo el estilo que imprimi\u00f3 el equipo: <\/strong>\u00abEstamos muy orgullosos de c\u00f3mo hicimos las cosas y tambi\u00e9n de c\u00f3mo ganamos. <strong>Creo que eso fue lo m\u00e1s importante para nosotros: c\u00f3mo ganamos y c\u00f3mo cambiamos las cosas en el club. <\/strong>Estamos muy orgullosos de estar donde estamos ahora porque fue dif\u00edcil, pero seguimos adelante, exactamente de la misma manera, sin cambiar\u00bb.<\/p>\n","protected":false},"excerpt":{"rendered":"Nasser al Khelaifi ha repasado las claves del \u00e9xito del PSG de la campa\u00f1a pasada en Tuttosport tras&hellip;\n","protected":false},"author":2,"featured_media":265929,"comment_status":"","ping_status":"","sticky":false,"template":"","format":"standard","meta":{"footnotes":""},"categories":[268],"tags":[168,25,24,280,282,281,23,167],"class_list":{"0":"post-265928","1":"post","2":"type-post","3":"status-publish","4":"format-standard","5":"has-post-thumbnail","7":"category-futbol","8":"tag-deportes","9":"tag-es","10":"tag-espana","11":"tag-football","12":"tag-futbol","13":"tag-soccer","14":"tag-spain","15":"tag-sports"},"share_on_mastodon":{"url":"https:\/\/pubeurope.com\/@es\/115645868187929486","error":""},"_links":{"self":[{"href":"https:\/\/www.europesays.com\/es\/wp-json\/wp\/v2\/posts\/265928","targetHints":{"allow":["GET"]}}],"collection":[{"href":"https:\/\/www.europesays.com\/es\/wp-json\/wp\/v2\/posts"}],"about":[{"href":"https:\/\/www.europesays.com\/es\/wp-json\/wp\/v2\/types\/post"}],"author":[{"embeddable":true,"href":"https:\/\/www.europesays.com\/es\/wp-json\/wp\/v2\/users\/2"}],"replies":[{"embeddable":true,"href":"https:\/\/www.europesays.com\/es\/wp-json\/wp\/v2\/comments?post=265928"}],"version-history":[{"count":0,"href":"https:\/\/www.europesays.com\/es\/wp-json\/wp\/v2\/posts\/265928\/revisions"}],"wp:featuredmedia":[{"embeddable":true,"href":"https:\/\/www.europesays.com\/es\/wp-json\/wp\/v2\/media\/265929"}],"wp:attachment":[{"href":"https:\/\/www.europesays.com\/es\/wp-json\/wp\/v2\/media?parent=265928"}],"wp:term":[{"taxonomy":"category","embeddable":true,"href":"https:\/\/www.europesays.com\/es\/wp-json\/wp\/v2\/categories?post=265928"},{"taxonomy":"post_tag","embeddable":true,"href":"https:\/\/www.europesays.com\/es\/wp-json\/wp\/v2\/tags?post=265928"}],"curies":[{"name":"wp","href":"https:\/\/api.w.org\/{rel}","templated":true}]}}