{"id":265934,"date":"2025-12-01T19:07:11","date_gmt":"2025-12-01T19:07:11","guid":{"rendered":"https:\/\/www.europesays.com\/es\/265934\/"},"modified":"2025-12-01T19:07:11","modified_gmt":"2025-12-01T19:07:11","slug":"me-lo-he-callado-muchos-anos","status":"publish","type":"post","link":"https:\/\/www.europesays.com\/es\/265934\/","title":{"rendered":"Me lo he callado muchos a\u00f1os"},"content":{"rendered":"\n<p> <strong>Un d\u00eda m\u00e1s han hablado en <\/strong><strong>No somos nadie<\/strong><strong> de Paz Padilla<\/strong>, la enemiga declarada de Mar\u00eda Pati\u00f1o, Kiko Matamoros, Carlota Corredera y compa\u00f1\u00eda. Comentando c\u00f3mo ha afrontado un vuelo complejo y lo ha explicado en sus redes sociales, han cargado contra ella al no comulgar con su humor. <\/p>\n<p> Pero la cuesti\u00f3n ha explotado cuando Pati\u00f1o ha dicho lo siguiente: \u00abEstaba indignada por la entrevista que ha dado en la que <strong>dice que hay personas que trabajan en televisi\u00f3n que van de buenas personas y no lo son. <\/strong>Y como intuyo por donde va, me causa estr\u00e9s\u00bb. <\/p>\n<p> <a href=\"https:\/\/www.elconfidencial.com\/television\/programas-tv\/2025-09-26\/no-somos-nadie-kiko-matamoros-lagrimas-mar-flores_4216650\/\" target=\"_blank\" rel=\"nofollow noopener\">Matamoros<\/a> tomaba entonces el turno de palabra y recordaba la \u00e9poca del Covid-19: <strong>\u00abMe parece de mala persona hacer campa\u00f1a contra las vacunas cuando salvaron millones de vidas. <\/strong>Es de ser muy ignorante y golfo\u00bb. <\/p>\n<p> El colaborador se iba calentando hasta que soltaba la bomba: \u00abMe he callado muchos a\u00f1os y ya no me sale de los huevos. <strong>Viniste a m\u00ed a pedirme que te consiguiera un certificado falso de que estabas vacunada.<\/strong> Me parece de mala persona porque pod\u00edas haber contagiado a much\u00edsima gente que pod\u00eda haber perdido la vida. Eso s\u00ed es ser un ser execrable, una p*** mierda&#8230;\u00bb. <\/p>\n<p> \u00abVa de santa y era una \u00e9poca en la que los hospitales estaban colapsados, hab\u00eda un cribado y gente mayor a la que se no se le atend\u00eda y se le dejaba morir por intentar salvar la vida de gente con m\u00e1s expectativas de futuro. Y en esa situaci\u00f3n, <strong>fuiste tan sinverg\u00fcenza de intentar conseguir un certificado falso de que estabas vacunada para viajar. Vete a tomar por&#8230; de una vez\u00bb<\/strong>, son sus palabras textuales. <\/p>\n<blockquote class=\"twitter-tweet\">\n<p lang=\"es\" dir=\"ltr\">??? \u00a1\u00a1MUY FUERTE!! Kiko Matamoros suelta lo que los colaboradores de S\u00e1lvame NUNCA se atrevieron a decir sobre Paz Padilla tras su salida de S\u00e1lvame en 2022<\/p>\n<p>\u201cViniste a pedirme que te consiguiera un certificado falso de que estabas vacunada\u201d <a href=\"https:\/\/twitter.com\/hashtag\/NoSomos1D?src=hash&amp;ref_src=twsrc%5Etfw\" rel=\"nofollow noopener\" target=\"_blank\">#NoSomos1D<\/a> HEAVY. <a href=\"https:\/\/t.co\/TRUdG11b5X\" rel=\"nofollow\">pic.twitter.com\/TRUdG11b5X<\/a><\/p>\n<p>\u2014 Salvamista \u2728 (@elfrikidelatv_) <a href=\"https:\/\/twitter.com\/elfrikidelatv_\/status\/1995532141556609221?ref_src=twsrc%5Etfw\" rel=\"nofollow noopener\" target=\"_blank\">December 1, 2025<\/a><\/p><\/blockquote>\n<p> Muy alterado y diciendo que necesitaba calmarse porque le iba a dar un infarto, sal\u00eda del plat\u00f3 mientras Mar\u00eda le echaba un capote: <strong>\u00abTe da rabia saber y callar. <\/strong>Por eso Paz no debe apretar&#8230; no s\u00e9 si es un delito, pero en su momento estaba perseguido\u00bb. <\/p>\n<p> Corredera tambi\u00e9n apoyaba a su compa\u00f1ero de trabajo y le dec\u00eda a la audiencia que <strong>seguramente ahora se entender\u00eda todo lo que pas\u00f3 el <\/strong><a href=\"https:\/\/www.elconfidencial.com\/television\/programas-tv\/2022-01-20\/belen-esteban-paz-padilla-salvame-vacunas-covid_3361793\/\" target=\"_blank\" rel=\"nofollow noopener\"><strong>\u00faltimo d\u00eda de Paz en S\u00e1lvame<\/strong><\/a><strong>, aquel episodio por el que fue despedida de Mediaset. <\/strong>Cabe recordar que la humorista dijo en directo que estaba vacunada contra el coronavirus, mientras Bel\u00e9n Esteban lo pon\u00eda en duda y el resto callaba. <\/p>\n<blockquote class=\"twitter-tweet\">\n<p lang=\"es\" dir=\"ltr\">Acaba de salir la bomba tres a\u00f1os despu\u00e9s aqu\u00ed el contexto: <a href=\"https:\/\/twitter.com\/hashtag\/NoSomos1D?src=hash&amp;ref_src=twsrc%5Etfw\" rel=\"nofollow noopener\" target=\"_blank\">#NoSomos1D<\/a> <a href=\"https:\/\/t.co\/Kdq8yjOEZl\" rel=\"nofollow\">pic.twitter.com\/Kdq8yjOEZl<\/a><\/p>\n<p>\u2014 EliamSweet (@eliamsweet) <a href=\"https:\/\/twitter.com\/eliamsweet\/status\/1995530364371042762?ref_src=twsrc%5Etfw\" rel=\"nofollow noopener\" target=\"_blank\">December 1, 2025<\/a><\/p><\/blockquote>\n<p> <strong>Con los \u00e1nimos alterados<\/strong>, al sentir que todos han estado encubriendo a la que fuera presentadora del formato donde todos trabajaron, han seguido con otras cuestiones. <\/p>\n<p> <strong>Un d\u00eda m\u00e1s han hablado en <\/strong><strong>No somos nadie<\/strong><strong> de Paz Padilla<\/strong>, la enemiga declarada de Mar\u00eda Pati\u00f1o, Kiko Matamoros, Carlota Corredera y compa\u00f1\u00eda. Comentando c\u00f3mo ha afrontado un vuelo complejo y lo ha explicado en sus redes sociales, han cargado contra ella al no comulgar con su humor. <\/p>\n<p>              <script async src=\"https:\/\/platform.twitter.com\/widgets.js\" charset=\"utf-8\"><\/script><\/p>\n","protected":false},"excerpt":{"rendered":"Un d\u00eda m\u00e1s han hablado en No somos nadie de Paz Padilla, la enemiga declarada de Mar\u00eda Pati\u00f1o,&hellip;\n","protected":false},"author":2,"featured_media":265935,"comment_status":"","ping_status":"","sticky":false,"template":"","format":"standard","meta":{"footnotes":""},"categories":[171],"tags":[146,147,25,24,23,214],"class_list":{"0":"post-265934","1":"post","2":"type-post","3":"status-publish","4":"format-standard","5":"has-post-thumbnail","7":"category-tv","8":"tag-entertainment","9":"tag-entretenimiento","10":"tag-es","11":"tag-espana","12":"tag-spain","13":"tag-tv"},"share_on_mastodon":{"url":"https:\/\/pubeurope.com\/@es\/115645883868001574","error":""},"_links":{"self":[{"href":"https:\/\/www.europesays.com\/es\/wp-json\/wp\/v2\/posts\/265934","targetHints":{"allow":["GET"]}}],"collection":[{"href":"https:\/\/www.europesays.com\/es\/wp-json\/wp\/v2\/posts"}],"about":[{"href":"https:\/\/www.europesays.com\/es\/wp-json\/wp\/v2\/types\/post"}],"author":[{"embeddable":true,"href":"https:\/\/www.europesays.com\/es\/wp-json\/wp\/v2\/users\/2"}],"replies":[{"embeddable":true,"href":"https:\/\/www.europesays.com\/es\/wp-json\/wp\/v2\/comments?post=265934"}],"version-history":[{"count":0,"href":"https:\/\/www.europesays.com\/es\/wp-json\/wp\/v2\/posts\/265934\/revisions"}],"wp:featuredmedia":[{"embeddable":true,"href":"https:\/\/www.europesays.com\/es\/wp-json\/wp\/v2\/media\/265935"}],"wp:attachment":[{"href":"https:\/\/www.europesays.com\/es\/wp-json\/wp\/v2\/media?parent=265934"}],"wp:term":[{"taxonomy":"category","embeddable":true,"href":"https:\/\/www.europesays.com\/es\/wp-json\/wp\/v2\/categories?post=265934"},{"taxonomy":"post_tag","embeddable":true,"href":"https:\/\/www.europesays.com\/es\/wp-json\/wp\/v2\/tags?post=265934"}],"curies":[{"name":"wp","href":"https:\/\/api.w.org\/{rel}","templated":true}]}}