{"id":265936,"date":"2025-12-01T19:08:13","date_gmt":"2025-12-01T19:08:13","guid":{"rendered":"https:\/\/www.europesays.com\/es\/265936\/"},"modified":"2025-12-01T19:08:13","modified_gmt":"2025-12-01T19:08:13","slug":"el-regreso-de-bon-jovi-a-wembley-promete-una-reconciliacion-largamente-esperada-no-fue-justo-asi-que-no-toque-alli-durante-anos","status":"publish","type":"post","link":"https:\/\/www.europesays.com\/es\/265936\/","title":{"rendered":"El regreso de Bon Jovi a Wembley promete una reconciliaci\u00f3n largamente esperada: \u201cNo fue justo, as\u00ed que no toqu\u00e9 all\u00ed durante a\u00f1os\u201d"},"content":{"rendered":"<p>\u00abIt&#8217;s My Life\u00bb es un himno generacional que relanz\u00f3 a Bon Jovi en el cambio de milenio, fusionando energ\u00eda rockera y mensaje de autoafirmaci\u00f3n (Bon Jovi v\u00eda YouTube)<\/p>\n<p class=\"paragraph\"><a href=\"https:\/\/www.infobae.com\/tag\/jon-bon-jovi\/\" target=\"_blank\" rel=\"noreferrer nofollow noopener\" title=\"https:\/\/www.infobae.com\/tag\/jon-bon-jovi\/\"><b>Jon Bon Jovi<\/b><\/a>, una de las figuras <b>m\u00e1s reconocidas del <\/b><a href=\"https:\/\/www.infobae.com\/tag\/rock\/\" target=\"_blank\" rel=\"noreferrer nofollow noopener\" title=\"https:\/\/www.infobae.com\/tag\/rock\/\"><b>rock<\/b><\/a>, sigue hallando en <a rel=\"noopener noreferrer nofollow\" href=\"https:\/\/www.infobae.com\/tag\/londres\/\" target=\"_blank\" title=\"https:\/\/www.infobae.com\/tag\/londres\/\"><b>Londres<\/b><\/a> nuevas fuentes de inspiraci\u00f3n, incluso despu\u00e9s de <b>cuatro d\u00e9cadas de visitas<\/b>. <\/p>\n<p class=\"paragraph\">Comparti\u00f3 en una entrevista con Rolling Stone UK c\u00f3mo la ciudad <b>contin\u00faa sorprendi\u00e9ndolo<\/b>: \u201cEn 40 a\u00f1os de venir a Londres, cosas tan simples como descubrir nuevos restaurantes y bares. Me encanta\u201d, afirm\u00f3. Esta metr\u00f3poli <b>le sigue ofreciendo momentos<\/b> <b>inesperados y placenteros<\/b> que mantienen su fascinaci\u00f3n intacta.<\/p>\n<p><img alt=\"La historia de Bon Jovi\" class=\"global-image\" decoding=\"async\" fetchpriority=\"low\" height=\"2387\" loading=\"lazy\" src=\"https:\/\/www.europesays.com\/es\/wp-content\/uploads\/2025\/12\/RVML5TRLQZF4XNGVTBHNDDCXTA.JPG\" width=\"3587\"\/>La historia de Bon Jovi y el estadio Wembley resume encuentros memorables, desaf\u00edos imprevistos y una reconciliaci\u00f3n personal, convirtiendo al legendario recinto londinense en un s\u00edmbolo clave dentro de la trayectoria del artista (REUTERS\/Isabel Infantes)<\/p>\n<p class=\"paragraph\">El <b>estadio de Wembley<\/b> representa una <b>historia intensa<\/b> para Bon Jovi. Relat\u00f3 que <b>fue la \u00faltima banda <\/b>en tocar en el<b> <\/b>antiguo recinto<b> en los a\u00f1os 90<\/b>. <\/p>\n<p class=\"paragraph\">Intentaron inaugurar el nuevo estadio, pero problemas log\u00edsticos obligaron a <b>trasladar el concierto a Milton Keynes<\/b>, situaci\u00f3n que lo alej\u00f3 durante a\u00f1os: \u201cNo toqu\u00e9 all\u00ed durante varios a\u00f1os porque estaba molesto con ellos\u201d, afirm\u00f3. \u201cEso no fue justo, as\u00ed que no toqu\u00e9 all\u00ed durante varios a\u00f1os\u201d. <\/p>\n<p class=\"paragraph\">El regreso en 2019 <b>marc\u00f3 una reconciliaci\u00f3n<\/b>, profundizada este a\u00f1o cuando visit\u00f3 el estadio en soledad: \u201cFui el otro d\u00eda solo, cuando no hab\u00eda nada en el campo, y pude apreciar su tama\u00f1o y pensar: \u2018He tenido mucha alegr\u00eda en este edificio y muchos recuerdos geniales aqu\u00ed\u2019. Quiero volver solo por eso, para estar en paz con ello\u201d, se\u00f1al\u00f3.<\/p>\n<p>\u00abLivin&#8217; On A Prayer\u00bb fue una interpretaci\u00f3n ic\u00f3nica que transform\u00f3 el estadio londinense en un coro un\u00edsono de miles de voces (Bon Jovi Subs v\u00eda Youtube)<\/p>\n<p class=\"paragraph\">El cantante tambi\u00e9n enfrent\u00f3 <b>serias dificultades vocales<\/b> tras la gira de 2022. Las lesiones en las cuerdas vocales <b>amenazaron su futuro art\u00edstico<\/b>. \u201cAl final de nuestra gira en 2022, pens\u00e9 que podr\u00eda recuperar las cuerdas vocales, sin saber realmente qu\u00e9 les pasaba. Al final del 15\u00b0 y \u00faltimo show, mir\u00e9 a mi esposa y le dije: \u2018Eso estuvo bastante bien\u2019. Ella solo respondi\u00f3: \u2018No, no lo estuvo\u2019\u201d. <\/p>\n<p class=\"paragraph\">Con una estricta disciplina y apoyo m\u00e9dico, <b>el cantante mantuvo la esperanza<\/b>: realiz\u00f3 cambios en su estilo de vida y sigui\u00f3 todas las indicaciones profesionales. <\/p>\n<p class=\"paragraph\">\u201cMi cirujano me dijo: \u2018No te prometo nada m\u00e1s que podr\u00e1s cantar mejor de lo que lo haces ahora. No s\u00e9 el plazo ni los resultados\u2019. \u00bfQu\u00e9 ten\u00eda que perder?\u201d, relat\u00f3. Su mayor deseo era <b>recuperar la alegr\u00eda de cantar<\/b>, m\u00e1s all\u00e1 del \u00e9xito en las giras.<\/p>\n<p><img alt=\"En 1995 Bon Jovi tuvo\" class=\"global-image\" decoding=\"async\" fetchpriority=\"low\" height=\"1079\" loading=\"lazy\" src=\"https:\/\/www.europesays.com\/es\/wp-content\/uploads\/2025\/12\/MVIM63LW3ZHKLAEYCMCRWVWQ7Y.png\" width=\"1711\"\/>En 1995 Bon Jovi tuvo un recital hist\u00f3rico que sell\u00f3 el v\u00ednculo de la banda con el p\u00fablico brit\u00e1nico y marc\u00f3 el cierre de una era en el estadio original (Captura de pantalla\/Youtube)<\/p>\n<p class=\"paragraph\">En esta etapa, Bon Jovi <b>destaca la importancia de las amistades<\/b>. Su relaci\u00f3n con <b>Bruce Springsteen<\/b> se consolid\u00f3 durante viajes en carretera alejados de la atenci\u00f3n p\u00fablica: \u201cEs una oportunidad para que dos viejos amigos se re\u00fanan sin tel\u00e9fonos, sin radio, sin distracciones&#8230; pero cuando se acaban los temas de conversaci\u00f3n, simplemente das la vuelta, y eso es lo que se ha convertido\u201d. <\/p>\n<p class=\"paragraph\"><b>Desmitific\u00f3 estos encuentros<\/b> asegurando que solo se trataba de compartir con un amigo: \u201cTodo el mundo tiene tanta curiosidad, como si fuera el Illuminati reuni\u00e9ndose en la Batcueva para discutir el orden mundial. Pero en realidad, es solo una oportunidad para conducir con un viejo amigo y hablar\u201d.<\/p>\n<p class=\"paragraph\">El v\u00ednculo con <b>Robbie Williams<\/b> cobr\u00f3 fuerza recientemente. Bon Jovi eligi\u00f3 a Williams para interpretar \u201cWe Made It Look Easy\u201d, convencido de que <b>pod\u00eda identificarse con la canci\u00f3n<\/b>: \u201cEra el tipo adecuado para cantar \u2018We Made It Look Easy\u2019. Nuestras carreras no son similares, pero ha habido muchos altibajos en la carrera de Robbie, y \u00e9l puede identificarse con esa letra\u201d. <\/p>\n<p class=\"paragraph\">Relat\u00f3 tambi\u00e9n <b>c\u00f3mo la amistad se profundiz\u00f3 tras la mudanza de Williams a Florida<\/b>, transform\u00e1ndose en un apoyo clave: \u201cAntes de que saliera su pel\u00edcula, pas\u00e1bamos las noches juntos y se convirti\u00f3 en ese hombro en el que apoyarme cuando lo necesitaba\u201d.<\/p>\n<p>La colaboraci\u00f3n entre Bon Jovi y Robbie Williams en \u201cWe Made It Look Easy\u201d une sus experiencias y emociones, reflejando c\u00f3mo dos trayectorias distintas pueden encontrarse en una canci\u00f3n cargada de significado personal (Bon Jovi)<\/p>\n<p class=\"paragraph\">Entre sus an\u00e9cdotas m\u00e1s curiosas, narr\u00f3 una <b>vivencia en el<\/b> <b>Gran Ca\u00f1\u00f3n<\/b>: \u201cEstaba en el fondo, echando gasolina a mi moto, y el tipo estaba sirviendo mientras sonaba nuestra m\u00fasica. Yo llevaba casco y dije: \u2018\u00a1Ese soy yo!\u2019. \u00c9l ni se inmut\u00f3. Tuve que quitarme el casco y decir: \u2018\u00a1No, de verdad, ese soy yo!\u2019\u201d.<\/p>\n<p class=\"paragraph\">Pese a los desaf\u00edos y el paso de los a\u00f1os, Bon Jovi dej\u00f3 claro que <b>la m\u00fasica y la conexi\u00f3n con el p\u00fablico<\/b> <b>se mantienen como su motor vital<\/b>, impulsando el deseo de seguir sobre los escenarios.<\/p>\n","protected":false},"excerpt":{"rendered":"\u00abIt&#8217;s My Life\u00bb es un himno generacional que relanz\u00f3 a Bon Jovi en el cambio de milenio, fusionando&hellip;\n","protected":false},"author":2,"featured_media":265937,"comment_status":"","ping_status":"","sticky":false,"template":"","format":"standard","meta":{"footnotes":""},"categories":[170],"tags":[231,3118,5797,146,147,25,24,406,184,185,23],"class_list":{"0":"post-265936","1":"post","2":"type-post","3":"status-publish","4":"format-standard","5":"has-post-thumbnail","7":"category-musica","8":"tag-arts","9":"tag-arts-culture-entertainment","10":"tag-culture","11":"tag-entertainment","12":"tag-entretenimiento","13":"tag-es","14":"tag-espana","15":"tag-europe","16":"tag-music","17":"tag-musica","18":"tag-spain"},"share_on_mastodon":{"url":"https:\/\/pubeurope.com\/@es\/115645888248527564","error":""},"_links":{"self":[{"href":"https:\/\/www.europesays.com\/es\/wp-json\/wp\/v2\/posts\/265936","targetHints":{"allow":["GET"]}}],"collection":[{"href":"https:\/\/www.europesays.com\/es\/wp-json\/wp\/v2\/posts"}],"about":[{"href":"https:\/\/www.europesays.com\/es\/wp-json\/wp\/v2\/types\/post"}],"author":[{"embeddable":true,"href":"https:\/\/www.europesays.com\/es\/wp-json\/wp\/v2\/users\/2"}],"replies":[{"embeddable":true,"href":"https:\/\/www.europesays.com\/es\/wp-json\/wp\/v2\/comments?post=265936"}],"version-history":[{"count":0,"href":"https:\/\/www.europesays.com\/es\/wp-json\/wp\/v2\/posts\/265936\/revisions"}],"wp:featuredmedia":[{"embeddable":true,"href":"https:\/\/www.europesays.com\/es\/wp-json\/wp\/v2\/media\/265937"}],"wp:attachment":[{"href":"https:\/\/www.europesays.com\/es\/wp-json\/wp\/v2\/media?parent=265936"}],"wp:term":[{"taxonomy":"category","embeddable":true,"href":"https:\/\/www.europesays.com\/es\/wp-json\/wp\/v2\/categories?post=265936"},{"taxonomy":"post_tag","embeddable":true,"href":"https:\/\/www.europesays.com\/es\/wp-json\/wp\/v2\/tags?post=265936"}],"curies":[{"name":"wp","href":"https:\/\/api.w.org\/{rel}","templated":true}]}}