{"id":265940,"date":"2025-12-01T19:10:14","date_gmt":"2025-12-01T19:10:14","guid":{"rendered":"https:\/\/www.europesays.com\/es\/265940\/"},"modified":"2025-12-01T19:10:14","modified_gmt":"2025-12-01T19:10:14","slug":"flick-de-momento-no-estamos-a-nuestro-mejor-nivel","status":"publish","type":"post","link":"https:\/\/www.europesays.com\/es\/265940\/","title":{"rendered":"Flick: \u00abDe momento, no estamos a nuestro mejor nivel\u00bb"},"content":{"rendered":"<p class=\"mb-4 text-lg md:leading-8 break-words\">Sant Joan Desp\u00ed (Barcelona), 01 dic (EFE).- El entrenador del Barcelona, Hansi Flick, ha reconocido que, \u00abde momento\u00bb, su equipo no est\u00e1 a su \u00abmejor nivel\u00bb, una situaci\u00f3n que conf\u00eda en revertir a medida que vaya recuperando efectivos para poder encadenar partidos con la misma base de jugadores.<\/p>\n<p class=\"mb-4 text-lg md:leading-8 break-words\">El t\u00e9cnico alem\u00e1n ha aprovechado la rueda de prensa previa al duelo liguero contra el Atl\u00e9tico de Madrid para explicar los motivos por los que, despu\u00e9s del partido contra el Alav\u00e9s, mantuvo una conversaci\u00f3n en el banquillo con Raphael Dias &#8216;Raphinha&#8217; con una pose algo triste.<\/p>\n<p class=\"mb-4 text-lg md:leading-8 break-words\">\u00abEstaba decepcionado, porque perdimos muchos balones, vimos dos tarjetas rojas en el banquillo&#8230; cuando marcamos el tercer gol, le mostraron la roja a Marcus Sorg (segundo entrenador). Yo hab\u00eda hablado con \u00e9l, es mi amigo, es la persona m\u00e1s importante que tengo aqu\u00ed, y ten\u00eda en mi cabeza la conversaci\u00f3n que hab\u00eda tenido con \u00e9l. Quise tomar un poco el aire, no quer\u00eda discutir\u00bb, ha revelado.<\/p>\n<p class=\"mb-4 text-lg md:leading-8 break-words\">En este sentido, ha insistido en que \u00abno estaba pensando en otras cosas ni estaba triste\u00bb y ha puntualizado que est\u00e1 \u00abcontento\u00bb con su equipo, a pesar de que sus jugadores \u00abno est\u00e1n jugando al mismo nivel\u00bb que la temporada pasada.<\/p>\n<p class=\"mb-4 text-lg md:leading-8 break-words\">\u00abYa dijimos que este a\u00f1o iba a ser m\u00e1s dif\u00edcil porque todo el mundo quiere batir al campe\u00f3n. No estamos a nuestro mejor nivel de momento y tenemos que dar los pasos necesarios para jugar a nuestro mejor f\u00fatbol\u00bb, ha agregado.<\/p>\n<p><img alt=\"\" loading=\"lazy\" width=\"960\" height=\"640\" decoding=\"async\" data-nimg=\"1\" class=\"rounded-lg\" style=\"color:transparent\" src=\"https:\/\/www.europesays.com\/es\/wp-content\/uploads\/2025\/12\/872bb1a1cafe5f2675617eb619639868.jpeg\"\/><\/p>\n<p class=\"mb-4 text-lg md:leading-8 break-words\">Pese a ello, el Bar\u00e7a es l\u00edder de LaLiga EA Sports, con un punto m\u00e1s que el Real Madrid, algo que no obsesiona a Flick, que est\u00e1 centrado en que el nivel de su equipo crezca a medida que recupere efectivos.<\/p>\n<p class=\"mb-4 text-lg md:leading-8 break-words\">\u00abHemos tenido muchas lesiones y hemos ido recuperando jugadores, pero nunca nos hemos escudado en esas excusas, estamos en lo m\u00e1s alto de la tabla y eso es bueno. Necesitamos m\u00e1s minutos con el once titular porque la segunda parte de temporada de la pasada fue ideal tener un once tipo\u00bb, ha reflexionado.<\/p>\n<p class=\"mb-4 text-lg md:leading-8 break-words\">Con todo, el t\u00e9cnico de Heidelberg conf\u00eda en que Pedro Gonz\u00e1lez &#8216;Pedri&#8217; y Raphinha sean titulares ante el Atl\u00e9tico de Madrid, a pesar de que en el \u00faltimo entrenamiento el brasile\u00f1o solo ha participado en el rondo inicial.<\/p>\n<p class=\"mb-4 text-lg md:leading-8 break-words\">Flick ha admitido que \u00abser\u00eda un buen momento para ganar a uno de los grandes\u00bb por primera vez en la presente temporada, si bien ha avisado de que no ser\u00e1 f\u00e1cil, porque el Atl\u00e9tico es un equipo \u00abfant\u00e1stico\u00bb dirigido por \u00abuno de los mejores entrenadores\u00bb del mundo, Diego Pablo Simeone.<\/p>\n<p class=\"mb-4 text-lg md:leading-8 break-words\">\u00abEl Atl\u00e9tico es uno de los mejores equipos de Europa, con una gran calidad. Es un equipo fant\u00e1stico. Me gusta verlos jugar en ataque y ser\u00e1 duro. Nosotros tambi\u00e9n tenemos calidad y tenemos que demostrarlo\u00bb, ha finalizado.<\/p>\n<p><img alt=\"\" loading=\"lazy\" width=\"960\" height=\"640\" decoding=\"async\" data-nimg=\"1\" class=\"rounded-lg\" style=\"color:transparent\" src=\"https:\/\/www.europesays.com\/es\/wp-content\/uploads\/2025\/12\/83a8dc9db8d8ceab1984a39e9046c57d.jpeg\"\/><\/p>\n<p class=\"mb-4 text-lg md:leading-8 break-words\">(c) Agencia EFE<\/p>\n","protected":false},"excerpt":{"rendered":"Sant Joan Desp\u00ed (Barcelona), 01 dic (EFE).- El entrenador del Barcelona, Hansi Flick, ha reconocido que, \u00abde momento\u00bb,&hellip;\n","protected":false},"author":2,"featured_media":265941,"comment_status":"","ping_status":"","sticky":false,"template":"","format":"standard","meta":{"footnotes":""},"categories":[93],"tags":[3409,210,168,995,25,24,13342,65829,19309,23,167],"class_list":{"0":"post-265940","1":"post","2":"type-post","3":"status-publish","4":"format-standard","5":"has-post-thumbnail","7":"category-deportes","8":"tag-atletico-de-madrid","9":"tag-barcelona","10":"tag-deportes","11":"tag-efe","12":"tag-es","13":"tag-espana","14":"tag-hansi-flick","15":"tag-marcus-sorg","16":"tag-sant-joan-despi","17":"tag-spain","18":"tag-sports"},"share_on_mastodon":{"url":"https:\/\/pubeurope.com\/@es\/115645896140783321","error":""},"_links":{"self":[{"href":"https:\/\/www.europesays.com\/es\/wp-json\/wp\/v2\/posts\/265940","targetHints":{"allow":["GET"]}}],"collection":[{"href":"https:\/\/www.europesays.com\/es\/wp-json\/wp\/v2\/posts"}],"about":[{"href":"https:\/\/www.europesays.com\/es\/wp-json\/wp\/v2\/types\/post"}],"author":[{"embeddable":true,"href":"https:\/\/www.europesays.com\/es\/wp-json\/wp\/v2\/users\/2"}],"replies":[{"embeddable":true,"href":"https:\/\/www.europesays.com\/es\/wp-json\/wp\/v2\/comments?post=265940"}],"version-history":[{"count":0,"href":"https:\/\/www.europesays.com\/es\/wp-json\/wp\/v2\/posts\/265940\/revisions"}],"wp:featuredmedia":[{"embeddable":true,"href":"https:\/\/www.europesays.com\/es\/wp-json\/wp\/v2\/media\/265941"}],"wp:attachment":[{"href":"https:\/\/www.europesays.com\/es\/wp-json\/wp\/v2\/media?parent=265940"}],"wp:term":[{"taxonomy":"category","embeddable":true,"href":"https:\/\/www.europesays.com\/es\/wp-json\/wp\/v2\/categories?post=265940"},{"taxonomy":"post_tag","embeddable":true,"href":"https:\/\/www.europesays.com\/es\/wp-json\/wp\/v2\/tags?post=265940"}],"curies":[{"name":"wp","href":"https:\/\/api.w.org\/{rel}","templated":true}]}}