{"id":265942,"date":"2025-12-01T19:11:09","date_gmt":"2025-12-01T19:11:09","guid":{"rendered":"https:\/\/www.europesays.com\/es\/265942\/"},"modified":"2025-12-01T19:11:09","modified_gmt":"2025-12-01T19:11:09","slug":"espana-notifica-3-340-nuevos-diagnosticos-de-vih-en-2024-y-mas-de-la-mitad-son-tardios","status":"publish","type":"post","link":"https:\/\/www.europesays.com\/es\/265942\/","title":{"rendered":"Espa\u00f1a notifica 3.340 nuevos diagn\u00f3sticos de VIH en 2024 y m\u00e1s de la mitad son tard\u00edos"},"content":{"rendered":"<p><strong>Redacci\u00f3n<br \/><\/strong>Espa\u00f1a registr\u00f3 <strong>3.340 nuevos diagn\u00f3sticos<\/strong> de VIH en 2024, de los que el <strong>51,1% han sido detectados de forma tard\u00eda<\/strong>, seg\u00fan los datos oficiales presentados este lunes. En paralelo, el <strong>Ministerio de Sanidad<\/strong> estudia <strong>incorporar a la cartera de servicios<\/strong> del Sistema Nacional de Salud los <strong>f\u00e1rmacos inyectables de larga duraci\u00f3n para prevenir el virus de la inmunodeficiencia humana<\/strong> (VIH) en personas que no pueden beneficiarse de la profilaxis preexposici\u00f3n (PrEP) oral. As\u00ed lo ha anunciado la ministra de Sanidad, <strong>M\u00f3nica Garc\u00eda<\/strong>, durante la presentaci\u00f3n de la campa\u00f1a Viva la VIHda 2025, con motivo del <strong>D\u00eda Mundial del Sida.<\/strong><\/p>\n<p>\u00abEstamos trabajando para seguir mejorando el acceso y seguir impulsando todos esos cambios necesarios para que la PrEP pueda estar tambi\u00e9n disponible en las farmacias comunitarias\u00bb, ha se\u00f1alado Garc\u00eda.<\/p>\n<p>\u00abAlgo que nos preocupa es que, m\u00e1s o menos, la mitad de ellos han sido diagn\u00f3sticos tard\u00edos. Es verdad que la tendencia general ha sido descendente, especialmente desde el a\u00f1o 2019, pero este ritmo de descenso no es todo lo r\u00e1pido que quisi\u00e9ramos\u00bb, ha se\u00f1alado Garc\u00eda.<\/p>\n<p>Sanidad trabaja para mejorar el acceso a la profilaxis preexposici\u00f3n mediante su llegada a las oficinas de farmacia<\/p>\n<p>Con estas cifras, Garc\u00eda ha asegurado que es necesario seguir reforzando la prevenci\u00f3n, el diagn\u00f3stico precoz y el acceso al tratamiento. \u00abY, por supuesto, seguir garantizando la mejor herramienta que tenemos, que es esa sanidad p\u00fablica universal, gratuita, accesible para todas las personas, vengan de donde vengan\u00ab, ha apuntado.<\/p>\n<p><strong>M\u00e1s de 40.000 personas ya participan en programas de PrEP<\/strong><\/p>\n<p>En cuanto a la prevenci\u00f3n primaria, Garc\u00eda ha subrayado que desde la incorporaci\u00f3n de la profilaxis preExposici\u00f3n (PrEP) a la cartera de servicios del Sistema Nacional de Salud en noviembre de 2019, <strong>m\u00e1s de 40.000 personas participan en programas de PrEP.<\/strong><\/p>\n<p>Garc\u00eda ha asegurado el compromiso del Ministerio de Sanidad frente a un mundo global en un momento geopol\u00edtico \u00abcontrovertido, tenso y t\u00f3xico\u00bb. As\u00ed, ha acusado a algunos mandatarios como Javier Milei que \u00abrecortan la respuesta al VIH en una ofensiva contra la salud global\u00bb. \u00abAdem\u00e1s la Administraci\u00f3n Trump est\u00e1 recortando proyectos que llevaban encima de nuestra salud y encima de la mesa de la salud global desde hace a\u00f1os\u00bb, ha a\u00f1adido.<\/p>\n<p>Desde su inclusi\u00f3n en la cartera del SNS en 2019, la PrEP se ha consolidado como una herramienta clave de prevenci\u00f3n del VIH<\/p>\n<p>\u00abCreo que necesitamos reforzar nuestra respuesta frente al VIH y mantener esa lucha contra ese estigma y contra esa discriminaci\u00f3n. Queremos decir que desde el Ministerio de Sanidad, desde el Gobierno de Espa\u00f1a, no vamos a dar ni un solo paso atr\u00e1s y por supuesto vamos a estar siempre del lado del multilateralismo, del lado de la salud global y del lado de todas aquellas personas a las que les podemos prevenir y evitar el VIH\u00bb, ha defendido.<\/p>\n<p>Tras ello, la ministra ha destacado que el a\u00f1o 2025 es un a\u00f1o \u00abclave\u00bb porque marca la evaluaci\u00f3n intermedia de la estrategia mundial liderada por Onusida de poner fin a la epidemia como amenaza para la salud p\u00fablica para 2030.<\/p>\n<p>\u00abLlegamos a ella en un momento en el que los avances cient\u00edficos son absolutamente extraordinarios tanto en prevenci\u00f3n como en tratamiento. Pero, sin embargo, llegamos en un contexto pol\u00edtico complicado donde estamos viendo retrocesos importantes y significativos en la financiaci\u00f3n, en la gobernanza sanitaria global y tambi\u00e9n en los derechos humanos\u00bb, ha criticado, al tiempo que ha garantizado el apoyo del Ministerio para cumplir el objetivo.<\/p>\n<p><strong>Diagn\u00f3sticos de forma tard\u00eda<\/strong><\/p>\n<p>Durante la jornada tambi\u00e9n se han presentado los datos del informe de vigilancia epidemiol\u00f3gica del VIH y sida elaborado por el <strong>Centro Nacional de Epidemiolog\u00eda del Instituto de Salud Carlos III<\/strong> (CNE-ISCIII).<\/p>\n<p>As\u00ed,<strong> Asunci\u00f3n D\u00edaz<\/strong>, responsable de la unidad de vigilancia de VIH del <strong>Centro Nacional de Epidemiolog\u00eda del Instituto de Salud Carlos III,<\/strong> ha indicado que los nuevos diagn\u00f3sticos de VIH en Espa\u00f1a han registrado un leve descenso, con 3.340 nuevos casos en 2024, 10 menos que el a\u00f1o anterior (3.350), y el 51,1% de estos fueron identificados de forma tard\u00eda.<\/p>\n<p>La transmisi\u00f3n entre hombres que tienen sexo con hombres contin\u00faa siendo mayoritaria, seg\u00fan los datos de vigilancia epidemiol\u00f3gica<\/p>\n<p>La v\u00eda sexual contin\u00faa siendo el principal modo de transmisi\u00f3n. La transmisi\u00f3n entre hombres que tienen sexo con otros hombres es la mayoritaria y, por primera vez, el n\u00famero de personas de otros pa\u00edses de origen supera, en cifras absolutas, al de personas nacidas en Espa\u00f1a.<\/p>\n<p>Tras ello, la presidenta del <strong>Grupo de Estudio del Sida<\/strong> (GeSIDA) de la <strong>Sociedad Espa\u00f1ola de Enfermedades Infecciosas y Microbiolog\u00eda Cl\u00ednica<\/strong> (Seimc), Mar\u00eda Velasco, ha recordado que en 2025 se ha permitido en Espa\u00f1a que las personas con VIH puedan donar \u00f3rganos a otras con la misma infecci\u00f3n, derogando una norma de 1987.<\/p>\n<p>\u00abLa derogaci\u00f3n de esta normativa es algo necesario y muy acertado, es algo que ven\u00eda de un momento en el que ten\u00edamos mucha incertidumbre, el pron\u00f3stico de la infecci\u00f3n por VIH era infausto y ten\u00edamos un escenario completamente distinto y gracias al tratamiento antirretroviral la supervivencia es similar a la poblaci\u00f3n general\u00bb, ha apuntado Velasco.<\/p>\n<p><strong>Cesida reclama \u00abestigma cero\u00bb y una respuesta inmediata<\/strong><\/p>\n<p>Por \u00faltimo, se ha le\u00eddo un manifiesto de la <strong>Coordinadora Estatal de VIH y Sida<\/strong> (Cesida) en la explanada del Ministerio de Sanidad en el que han reivindicado un <strong>\u00abestigma cero\u00bb <\/strong>para las personas con VIH en centros penitenciarios, centros sanitarios, aulas, trabajos y medios de comunicaci\u00f3n.<\/p>\n<p>\u00abEl \u00e9xito no se mide solo en una carga viral suprimida; tambi\u00e9n se mide en <strong>calidad de vida, bienestar emocional y posibilidad real de proyecto vital.<\/strong> Para ello, para el acceso a derechos y vida digna, estigma cero\u00bb, han destacado.<\/p>\n<p>La derogaci\u00f3n de la norma de 1987 permitir\u00e1 trasplantes entre personas con VIH gracias a la eficacia del tratamiento antirretroviral<\/p>\n<p>Asimismo, han exigido un acceso universal a la sanidad para todas las personas. Tambi\u00e9n han reclamado una prevenci\u00f3n combinada real: PrEP sin barreras, PEP disponible sin obst\u00e1culos, <strong>autotest y cribado en Primaria y en dispositivos comunitarios<\/strong>, campa\u00f1as basadas en evidencia y liderazgo de los centros comunitarios.<\/p>\n<p>\u00abPara que todo esto pueda propiciar un cambio y tener un impacto, y para evitar las posibles nuevas infecciones de 2026, as\u00ed como disminuir el n\u00famero de diagn\u00f3sticos tard\u00edos y las brechas en la atenci\u00f3n, no podemos esperar hasta 2030 y necesitamos una respuesta inmediata\u00bb, han finalizado.<\/p>\n","protected":false},"excerpt":{"rendered":"Redacci\u00f3nEspa\u00f1a registr\u00f3 3.340 nuevos diagn\u00f3sticos de VIH en 2024, de los que el 51,1% han sido detectados de&hellip;\n","protected":false},"author":2,"featured_media":265943,"comment_status":"","ping_status":"","sticky":false,"template":"","format":"standard","meta":{"footnotes":""},"categories":[92],"tags":[6090,25,24,165,8509,15735,166,23,6877],"class_list":{"0":"post-265942","1":"post","2":"type-post","3":"status-publish","4":"format-standard","5":"has-post-thumbnail","7":"category-salud","8":"tag-b1","9":"tag-es","10":"tag-espana","11":"tag-health","12":"tag-ministerio-de-sanidad","13":"tag-politica-sanitaria","14":"tag-salud","15":"tag-spain","16":"tag-vih"},"share_on_mastodon":{"url":"https:\/\/pubeurope.com\/@es\/115645899481323445","error":""},"_links":{"self":[{"href":"https:\/\/www.europesays.com\/es\/wp-json\/wp\/v2\/posts\/265942","targetHints":{"allow":["GET"]}}],"collection":[{"href":"https:\/\/www.europesays.com\/es\/wp-json\/wp\/v2\/posts"}],"about":[{"href":"https:\/\/www.europesays.com\/es\/wp-json\/wp\/v2\/types\/post"}],"author":[{"embeddable":true,"href":"https:\/\/www.europesays.com\/es\/wp-json\/wp\/v2\/users\/2"}],"replies":[{"embeddable":true,"href":"https:\/\/www.europesays.com\/es\/wp-json\/wp\/v2\/comments?post=265942"}],"version-history":[{"count":0,"href":"https:\/\/www.europesays.com\/es\/wp-json\/wp\/v2\/posts\/265942\/revisions"}],"wp:featuredmedia":[{"embeddable":true,"href":"https:\/\/www.europesays.com\/es\/wp-json\/wp\/v2\/media\/265943"}],"wp:attachment":[{"href":"https:\/\/www.europesays.com\/es\/wp-json\/wp\/v2\/media?parent=265942"}],"wp:term":[{"taxonomy":"category","embeddable":true,"href":"https:\/\/www.europesays.com\/es\/wp-json\/wp\/v2\/categories?post=265942"},{"taxonomy":"post_tag","embeddable":true,"href":"https:\/\/www.europesays.com\/es\/wp-json\/wp\/v2\/tags?post=265942"}],"curies":[{"name":"wp","href":"https:\/\/api.w.org\/{rel}","templated":true}]}}