{"id":265952,"date":"2025-12-01T19:16:10","date_gmt":"2025-12-01T19:16:10","guid":{"rendered":"https:\/\/www.europesays.com\/es\/265952\/"},"modified":"2025-12-01T19:16:10","modified_gmt":"2025-12-01T19:16:10","slug":"si-quieres-albaniles-hay-que-pagarles-y-darles-vacaciones","status":"publish","type":"post","link":"https:\/\/www.europesays.com\/es\/265952\/","title":{"rendered":"si quieres alba\u00f1iles hay que pagarles y darles vacaciones"},"content":{"rendered":"<p>A pesar de la creciente demanda de <a class=\"text-outboundlink\" href=\"https:\/\/www.xataka.com\/empresas-y-economia\/espana-va-a-necesitar-construir-viviendas-ha-chocado-muro-no-hay-profesionales-que-hagan\" data-vars-post-title=\"Espa\u00f1a va a necesitar construir m\u00e1s viviendas, pero ha chocado contra un muro: no hay profesionales que las hagan \" data-vars-post-url=\"https:\/\/www.xataka.com\/empresas-y-economia\/espana-va-a-necesitar-construir-viviendas-ha-chocado-muro-no-hay-profesionales-que-hagan\" rel=\"nofollow noopener\" target=\"_blank\">reformas y de nuevas viviendas<\/a>, el sector de la construcci\u00f3n padece una grave escasez de mano de obra. La situaci\u00f3n actual no es solo una cuesti\u00f3n de n\u00fameros, sino un problema estructural que se relaciona con el envejecimiento del personal, la ausencia de relevo generacional y las dif\u00edciles condiciones laborales que no logran atraer a los j\u00f3venes.<\/p>\n<p>El sector est\u00e1 viviendo un momento de \u00abdescubrimiento\u00bb: si se quieren alba\u00f1iles capacitados, es <a class=\"text-outboundlink\" href=\"https:\/\/www.xataka.com\/empresas-y-economia\/salarios-han-quedado-estancados-vida-ha-seguido-subiendo-jovenes-han-abrazado-salarios-b\" data-vars-post-title=\"La precariedad laboral se impone entre los j\u00f3venes y el salario no les llega: el &quot;sueldo en B&quot; gana cada vez m\u00e1s adeptos\" data-vars-post-url=\"https:\/\/www.xataka.com\/empresas-y-economia\/salarios-han-quedado-estancados-vida-ha-seguido-subiendo-jovenes-han-abrazado-salarios-b\" rel=\"nofollow noopener\" target=\"_blank\">imprescindible mejorar sus salarios<\/a> y condiciones, incluyendo d\u00edas de vacaciones y una jornada laboral que permita conciliar. Ese es el principal inconveniente para un tejido industrial formado principalmente por aut\u00f3nomos.<\/p>\n<p><strong>Un mercado laboral bajo presi\u00f3n. <\/strong>En Espa\u00f1a, el sector de la construcci\u00f3n atraviesa una de sus peores crisis de mano de obra. Seg\u00fan la Confederaci\u00f3n Nacional de la Construcci\u00f3n (CNC) <a rel=\"noopener, noreferrer nofollow\" href=\"https:\/\/cnc.es\/la-construccion-alerta-de-que-la-falta-de-mano-de-obra-aleja-los-objetivos-en-materia-de-vivienda\/\" target=\"_blank\">se estima<\/a> que en la actualidad hacen falta unos 700.000 trabajadores para cubrir la demanda de obras y reformas.<\/p>\n<p>Los datos del Observatorio Inmobiliario de BBVA Research de junio de 2025 <a rel=\"noopener, noreferrer nofollow\" href=\"https:\/\/www.bbvaresearch.com\/wp-content\/uploads\/2025\/06\/Escasez_manodeobra_jun25.pdf\" target=\"_blank\">muestran<\/a> que las vacantes en el sector se han multiplicado por cuatro desde 2016, recogiendo una tendencia al alza que no parece frenarse. Las cifras de empleo recogidas en el informe de BBVA revelan que s\u00f3lo el 6,8% de los ocupados en Espa\u00f1a trabajan en el sector de la construcci\u00f3n, lejos del 14% que se registr\u00f3 antes de la crisis de 2008.<\/p>\n<p>    <a href=\"https:\/\/www.xataka.com\/empresas-y-economia\/mileurista-ha-pasado-ser-algo-peyorativo-al-sueno-tercio-jovenes-espana\" class=\"pivot-outboundlink\" data-vars-post-title=\"Buenas noticias, los salarios en Espa\u00f1a est\u00e1n subiendo: el problema es que si eres joven seguramente no lo sepas\" rel=\"nofollow noopener\" target=\"_blank\"><br \/>\n     <img loading=\"lazy\" decoding=\"async\" alt=\"Buenas noticias, los salarios en Espa\u00f1a est\u00e1n subiendo: el problema es que si eres joven seguramente no lo sepas\" width=\"375\" height=\"142\" src=\"https:\/\/www.europesays.com\/es\/wp-content\/uploads\/2025\/12\/1764616569_298_375_142.jpeg\"\/><br \/>\n    <\/a><\/p>\n<p><strong>El envejecimiento sin recambio<\/strong>. Esta situaci\u00f3n se agrava a\u00fan m\u00e1s por la dificultad para atraer a nuevos trabajadores, especialmente debido al duro legado que dej\u00f3 la crisis de 2008 en la que miles de <a class=\"text-outboundlink\" href=\"https:\/\/www.xataka.com\/magnet\/espana-acogio-a-miles-rumanos-2000-ahora-estan-volviendo-a-rumania-dejando-vacio-mercado-laboral\" data-vars-post-title=\"Espa\u00f1a acogi\u00f3 a miles de rumanos en los 2000: ahora est\u00e1n volviendo a Ruman\u00eda dejando un vac\u00edo en el mercado laboral\" data-vars-post-url=\"https:\/\/www.xataka.com\/magnet\/espana-acogio-a-miles-rumanos-2000-ahora-estan-volviendo-a-rumania-dejando-vacio-mercado-laboral\" rel=\"nofollow noopener\" target=\"_blank\">profesionales salieron del sector<\/a> o cambiaron de oficio. El informe de BBVA revela que m\u00e1s del 55% de los empleados de la construcci\u00f3n en Espa\u00f1a supera los 45 a\u00f1os y s\u00f3lo un 9% es menor de 30 a\u00f1os, un claro indicativo de la <a class=\"text-outboundlink\" href=\"https:\/\/www.xataka.com\/empresas-y-economia\/dato-revela-complicado-futuro-relevo-laboral-espana-habra-solo-joven-cada-tres-profesionales-que-se-jubilen\" data-vars-post-title=\"Espa\u00f1a tiene un gran problema con el relevo generacional del mercado laboral: faltan 3,5 millones de trabajadores j\u00f3venes\" data-vars-post-url=\"https:\/\/www.xataka.com\/empresas-y-economia\/dato-revela-complicado-futuro-relevo-laboral-espana-habra-solo-joven-cada-tres-profesionales-que-se-jubilen\" rel=\"nofollow noopener\" target=\"_blank\">falta de un relevo generacional<\/a> efectivo. Solo la llegada de inmigrantes ha permitido un leve rejuvenecimiento entre 2022 y 2024.<\/p>\n<p>Pascual, alba\u00f1il y empresario de la construcci\u00f3n, <a rel=\"noopener, noreferrer nofollow\" href=\"https:\/\/youtu.be\/VPZl-yh3B84?si=ToIsSP72dDPDDlPI&amp;t=362\" target=\"_blank\">aseguraba<\/a> en el canal de Adri\u00e1n G. Mart\u00edn: \u00abTengo cuatro obras en marcha y necesito personas que sepan gestionarlas, pero\u2026 me encuentro con poca gente preparada. Necesito j\u00f3venes que quieran aprender, pero no los encuentras\u00bb.<\/p>\n<p><strong>Un oficio exigente y\u2026 \u00bfmal pagado?<\/strong> La escasez de mano de obra est\u00e1 presionando al alza los salarios. De acuerdo a <a rel=\"noopener, noreferrer nofollow\" href=\"https:\/\/www.elconfidencial.com\/economia\/2025-08-05\/cuanto-dinero-cobra-peon-1qrt_4186335\/\" target=\"_blank\">lo publicado<\/a> por El Confidencial, el sueldo base para un pe\u00f3n de obra ronda los 1.300 euros mensuales en 14 pagas, lo que supone unos 18.457 euros anuales <a rel=\"noopener, noreferrer nofollow\" href=\"https:\/\/www.boe.es\/buscar\/doc.php?id=BOE-A-2023-19903\" target=\"_blank\">seg\u00fan el convenio sectorial<\/a> vigente hasta diciembre de 2026, pero pueden alcanzarse entre 1.384 y 1.500 euros al mes en funci\u00f3n de los complementos y la comunidad aut\u00f3noma. En regiones como la Comunidad Valenciana, el salario medio asciende a 23.541 euros al a\u00f1o, mientras que en otras comunidades supera los 20.000 euros anuales.<\/p>\n<p>Los <a rel=\"noopener, noreferrer nofollow\" href=\"https:\/\/www.ine.es\/jaxiT3\/Tabla.htm?t=66245\" target=\"_blank\">datos de la EPA<\/a> (Encuesta de Poblaci\u00f3n Activa) por sectores indican que, en los \u00faltimos a\u00f1os, se han ido mejorando los salarios (forzados por el incremento del SMI) en los deciles m\u00e1s bajos, y por la presi\u00f3n de la escasez laboral en el caso de aquellos que cuentan con mejor formaci\u00f3n u oficiales de primera.<\/p>\n<p>                   <img class=\"centro_sinmarco\" height=\"1087\" width=\"1694\" loading=\"lazy\" decoding=\"async\"  fetchpriority=\"high\"  src=\"https:\/\/www.europesays.com\/es\/wp-content\/uploads\/2025\/12\/1764616570_58_450_1000.jpeg\" alt=\"Incremento salarial en la construcci\u00f3n\"\/><\/p>\n<p>        Incremento salarial en la construcci\u00f3n<\/p>\n<p><strong>Alba\u00f1iles sin escuela<\/strong>. Otro factor clave en la crisis de mano de obra es la falta de formaci\u00f3n de los j\u00f3venes que buscan incorporarse a este sector. El informe de BBVA Research se\u00f1ala que Espa\u00f1a cuenta con una mano de obra en construcci\u00f3n menos cualificada que la media europea, lo que impacta negativamente en la productividad y limita la adopci\u00f3n de nuevas tecnolog\u00edas y m\u00e9todos eficientes.<\/p>\n<p>Lo confirma el informe &#8216;<a rel=\"noopener, noreferrer nofollow\" href=\"https:\/\/www.sepe.es\/dam\/jcr:170a8048-e6f2-43ef-96cb-22cfa26ece34\/El%20ajuste%20de%20la%20Oferta%20y%20Demanda%20de%20empleo%202025.%20publicaci%C3%B3n%20Sep%202025.pdf\" target=\"_blank\">Ajuste de la oferta y demanda de empleo 2025<\/a>&#8216; elaborado por el Ministerio de Trabajo, que se\u00f1ala que existe un <strong>desajuste real y persistente<\/strong> en la construcci\u00f3n: hay puestos dif\u00edciles de cubrir, no tanto por falta de demanda, sino porque la oferta de mano de obra cualificada no se ajusta al perfil demandado. Es decir, las empresas no quieren contratar a perfiles para formarlos internamente, por lo que los potenciales candidatos a ocupar ese puesto en el futuro son rechazados.<\/p>\n<p><strong>Oficios sin relevo<\/strong>. El problema de la escasez de talento en la construcci\u00f3n no solo afecta a los alba\u00f1iles. Oficios tradicionales relacionados con la construcci\u00f3n (como carpinteros, electricistas, fontaneros, pintores, etc.) han compartido las mismas pr\u00e1cticas de <a class=\"text-outboundlink\" href=\"https:\/\/www.xataka.com\/empresas-y-economia\/trabajar-no-garantiza-que-30-jovenes-puedan-caer-riesgo-pobreza-hemos-encontrado-motivo-vivienda\" data-vars-post-title=\"Encontrar trabajo siempre hab\u00eda sido una buena forma de escapar de la pobreza: en Espa\u00f1a est\u00e1 dejando de ser verdad\" data-vars-post-url=\"https:\/\/www.xataka.com\/empresas-y-economia\/trabajar-no-garantiza-que-30-jovenes-puedan-caer-riesgo-pobreza-hemos-encontrado-motivo-vivienda\" rel=\"nofollow noopener\" target=\"_blank\">denostaci\u00f3n salarial<\/a>, dureza de las condiciones laborales y externalizaci\u00f3n de la formaci\u00f3n.<\/p>\n<p>No obstante, el atractivo del empleo sigue siendo bajo entre los j\u00f3venes porque se trata de un \u00aboficio muy duro\u00bb y f\u00edsicamente exigente, con horarios largos y con poca conciliaci\u00f3n. Desde la patronal de la construcci\u00f3n se han mostrado muy beligerantes tanto con las <a rel=\"noopener, noreferrer nofollow\" href=\"https:\/\/cnc.es\/la-construccion-alerta-de-que-la-reduccion-de-la-jornada-frenara-la-creacion-de-empleo-y-alejara-los-objetivos-del-nuevo-perte-para-la-industrializacion-de-la-vivienda\/\" target=\"_blank\">medidas de reducci\u00f3n de jornada<\/a>, como <a rel=\"noopener, noreferrer nofollow\" href=\"https:\/\/cnc.es\/cnc-advierte-de-que-endurecer-el-registro-horario-amenazaria-al-plan-estatal-de-vivienda\/\" target=\"_blank\">de control horario<\/a>, lo cual no contribuye a hacer que el sector sea atractivo para los j\u00f3venes.<\/p>\n<p><strong>No se est\u00e1n forrando<\/strong>. Dada la escasez de personal, lo natural es pensar que los profesionales disponibles se est\u00e1n forrando. Sin embargo, esa suposici\u00f3n que tal vez se cumplir\u00eda en un escenario de grandes compa\u00f1\u00edas donde se puja por los mejores profesionales, no se da en <a rel=\"noopener, noreferrer nofollow\" href=\"https:\/\/ipyme.org\/Publicaciones\/Cifras%20PYME\/CifrasPyme_septiembre_2025.pdf\" target=\"_blank\">un tejido industrial<\/a> formado en un 92,93% por aut\u00f3nomos con pymes sin asalariados o microempresas de entre 1 y 9 empleados.<\/p>\n<p>Tal y <a rel=\"noopener, noreferrer nofollow\" href=\"https:\/\/www.tiktok.com\/@dombydomotica\/video\/7545513423237319958\" target=\"_blank\">como cuenta<\/a> el electricista e influencer de TikTok Ricardo Abell\u00e1n (@dombydomotica), el problema de la escasez de talento no es tanto por la formaci\u00f3n del personal, como por la incapacidad de las pymes y aut\u00f3nomos de asumir los salarios de sus nuevos empleados. Ante esa <a class=\"text-outboundlink\" href=\"https:\/\/www.xataka.com\/empresas-y-economia\/semana-laboral-4-dias-sigue-teniendo-dificil-encaje-espana-7-cada-10-empresas-no-pueden-implantarla\" data-vars-post-title=\"Si Espa\u00f1a quiere extender la semana de cuatro d\u00edas hay que hablar del elefante en la habitaci\u00f3n: pymes y productividad\" data-vars-post-url=\"https:\/\/www.xataka.com\/empresas-y-economia\/semana-laboral-4-dias-sigue-teniendo-dificil-encaje-espana-7-cada-10-empresas-no-pueden-implantarla\" rel=\"nofollow noopener\" target=\"_blank\">incapacidad financiera<\/a>, los profesionales optan por generar listas de espera cada vez m\u00e1s largas que estar\u00eda lastrando el <a rel=\"noopener, noreferrer nofollow\" href=\"https:\/\/www.abc.es\/economia\/escasez-mano-obra-castiga-sector-construccion-20250620110249-nt.html\" target=\"_blank\">crecimiento del sector<\/a>.<\/p>\n<p>En Xataka | <a class=\"text-outboundlink\" href=\"https:\/\/www.xataka.com\/empresas-y-economia\/europa-advierte-escasez-mano-obra-sector-tecnologico-peor-esta-llegar\" data-vars-post-title=\"Europa advierte sobre la escasez de mano de obra en el sector tecnol\u00f3gico: lo peor est\u00e1 por llegar \" data-vars-post-url=\"https:\/\/www.xataka.com\/empresas-y-economia\/europa-advierte-escasez-mano-obra-sector-tecnologico-peor-esta-llegar\" rel=\"nofollow noopener\" target=\"_blank\">Europa advierte sobre la escasez de mano de obra en el sector tecnol\u00f3gico: lo peor est\u00e1 por llegar<\/a><\/p>\n<p>Imagen | Unsplash (<a rel=\"noopener, noreferrer nofollow\" href=\"https:\/\/unsplash.com\/es\/fotos\/man-in-green-and-yellow-safety-vest-and-blue-denim-jeans-standing-on-brown-wooden-pallet-EixJzIdl4bc\" target=\"_blank\">Emma Houghton<\/a>)<\/p>\n<p> <script async src=\"\/\/www.tiktok.com\/embed.js\"><\/script><\/p>\n","protected":false},"excerpt":{"rendered":"A pesar de la creciente demanda de reformas y de nuevas viviendas, el sector de la construcci\u00f3n padece&hellip;\n","protected":false},"author":2,"featured_media":265953,"comment_status":"","ping_status":"","sticky":false,"template":"","format":"standard","meta":{"footnotes":""},"categories":[8],"tags":[17,18,25,24,13,14,11,19,20,9,10,15,16,23,12,21,22],"class_list":{"0":"post-265952","1":"post","2":"type-post","3":"status-publish","4":"format-standard","5":"has-post-thumbnail","7":"category-espana","8":"tag-breaking-news","9":"tag-breakingnews","10":"tag-es","11":"tag-espana","12":"tag-featured-news","13":"tag-featurednews","14":"tag-headlines","15":"tag-latest-news","16":"tag-latestnews","17":"tag-news","18":"tag-noticias","19":"tag-noticias-destacadas","20":"tag-noticiasdestacadas","21":"tag-spain","22":"tag-titulares","23":"tag-ultimas-noticias","24":"tag-ultimasnoticias"},"share_on_mastodon":{"url":"","error":""},"_links":{"self":[{"href":"https:\/\/www.europesays.com\/es\/wp-json\/wp\/v2\/posts\/265952","targetHints":{"allow":["GET"]}}],"collection":[{"href":"https:\/\/www.europesays.com\/es\/wp-json\/wp\/v2\/posts"}],"about":[{"href":"https:\/\/www.europesays.com\/es\/wp-json\/wp\/v2\/types\/post"}],"author":[{"embeddable":true,"href":"https:\/\/www.europesays.com\/es\/wp-json\/wp\/v2\/users\/2"}],"replies":[{"embeddable":true,"href":"https:\/\/www.europesays.com\/es\/wp-json\/wp\/v2\/comments?post=265952"}],"version-history":[{"count":0,"href":"https:\/\/www.europesays.com\/es\/wp-json\/wp\/v2\/posts\/265952\/revisions"}],"wp:featuredmedia":[{"embeddable":true,"href":"https:\/\/www.europesays.com\/es\/wp-json\/wp\/v2\/media\/265953"}],"wp:attachment":[{"href":"https:\/\/www.europesays.com\/es\/wp-json\/wp\/v2\/media?parent=265952"}],"wp:term":[{"taxonomy":"category","embeddable":true,"href":"https:\/\/www.europesays.com\/es\/wp-json\/wp\/v2\/categories?post=265952"},{"taxonomy":"post_tag","embeddable":true,"href":"https:\/\/www.europesays.com\/es\/wp-json\/wp\/v2\/tags?post=265952"}],"curies":[{"name":"wp","href":"https:\/\/api.w.org\/{rel}","templated":true}]}}