{"id":265954,"date":"2025-12-01T19:17:24","date_gmt":"2025-12-01T19:17:24","guid":{"rendered":"https:\/\/www.europesays.com\/es\/265954\/"},"modified":"2025-12-01T19:17:24","modified_gmt":"2025-12-01T19:17:24","slug":"quienes-son-nasry-asfura-y-salvador-nasralla-los-candidatos-que-encabezan-el-recuento-de-las-elecciones-presidenciales-en-honduras","status":"publish","type":"post","link":"https:\/\/www.europesays.com\/es\/265954\/","title":{"rendered":"Qui\u00e9nes son Nasry Asfura y Salvador Nasralla, los candidatos que encabezan el recuento de las elecciones presidenciales en Honduras"},"content":{"rendered":"<p><img fetchpriority=\"high\" decoding=\"async\" src=\"https:\/\/www.europesays.com\/es\/wp-content\/uploads\/2025\/12\/5ba09c90-cecf-11f0-8c06-f5d460985095.png.webp.webp\"   alt=\"Dos fotograf\u00edas lado a lado, a la izquierda Nasry Asfura con un micr\u00f3fono en un acto p\u00fablico; a la derecha Salvador Nasralla con un micr\u00f3fono en un evento p\u00fablico\" loading=\"eager\" width=\"1920\" height=\"1080\" style=\"aspect-ratio:1920 \/ 1080\" class=\"css-4ejld5\"\/><\/p>\n<p class=\"css-by8ykd\" role=\"text\">Fuente de la imagen, Reuters<\/p>\n<p><strong id=\"article-byline\" aria-hidden=\"true\" class=\"css-m04vo2\">Informaci\u00f3n del art\u00edculo<\/strong><\/p>\n<ul class=\"css-1rvtlej\">\n<li class=\"css-oe8da4\">\n<ul role=\"list\" class=\"css-1rnycnn\">\n<li>Autor, Atahualpa Amerise<\/li>\n<li>T\u00edtulo del autor,  BBC News Mundo<\/li>\n<li><a class=\"focusIndicatorReducedWidth css-1ru9p88\" href=\"https:\/\/twitter.com\/atareports\" aria-labelledby=\"byline-twitter-link\" rel=\"nofollow noopener\" target=\"_blank\">X, @atareports<\/a><\/li>\n<\/ul>\n<\/li>\n<li class=\"css-1clfxfc\">1 diciembre 2025, 15:33 GMT\n<p>Actualizado 1 hora<\/p>\n<\/li>\n<li class=\"css-1clfxfc\"\/><\/ul>\n<p dir=\"ltr\" class=\"css-oygqes e17g058b0\"><b>El conservador Nasry \u00abTito\u00bb Asfura y el centrista Salvador Nasralla se disputan voto por voto la presidencia de Honduras en un re\u00f1ido recuento de los comicios que tuvieron lugar este domingo en el pa\u00eds centroamericano.<\/b><\/p>\n<p dir=\"ltr\" class=\"css-oygqes e17g058b0\">Las elecciones se han visto empa\u00f1adas por las acusaciones adelantadas de fraude y la intervenci\u00f3n del presidente estadounidense Donald Trump -que expres\u00f3 su spoyo a Asfura- menos de 48 horas antes de que empezara la votaci\u00f3n.<\/p>\n<p dir=\"ltr\" class=\"css-oygqes e17g058b0\">Los resultados parciales hechos p\u00fablicos por el Consejo Nacional Electoral (CNE) sit\u00faan a Asfura en primera posici\u00f3n, seguido de cerca por Nasralla. A ambos los separan apenas 1.000 votos.<\/p>\n<p dir=\"ltr\" class=\"css-oygqes e17g058b0\">En los d\u00edas previos a las elecciones Trump dio expl\u00edcitamente su apoyo a Asfura en varios mensajes en las redes sociales, y amenaz\u00f3 con recortar la ayuda financiera al pa\u00eds centroamericano si no ganaba el candidato conservador, a quien las encuestas previas a los comicios situaban en tercer lugar.<\/p>\n<p dir=\"ltr\" class=\"css-oygqes e17g058b0\">Les ofrecemos aqu\u00ed el perfil de los dos presidenciables. <\/p>\n<p><img decoding=\"async\" src=\"https:\/\/www.europesays.com\/es\/wp-content\/uploads\/2025\/12\/a06ec7b0-cec1-11f0-9fb5-5f3a3703a365.png.webp.webp\"   alt=\"L\u00ednea gris.\" loading=\"lazy\" width=\"800\" height=\"100\" style=\"aspect-ratio:800 \/ 100\" class=\"css-4ejld5\"\/><\/p>\n<p>\u00abPapi a la orden\u00bb: Nasry Asfura, el empresario y exalcalde de Tegucigalpa que podr\u00eda devolver a la derecha el poder en Honduras<\/p>\n<p><img decoding=\"async\" src=\"https:\/\/www.europesays.com\/es\/wp-content\/uploads\/2025\/12\/bd0fc530-cec2-11f0-9fb5-5f3a3703a365.jpg.webp.webp\"   alt=\"Nasry Asfura levanta el pulgar y sonr\u00ede.\" loading=\"lazy\" width=\"1024\" height=\"682\" style=\"aspect-ratio:1024 \/ 682\" class=\"css-4ejld5\"\/><\/p>\n<p class=\"css-by8ykd\" role=\"text\">Fuente de la imagen, Orlando SIERRA \/ AFP via Getty Images<\/p>\n<p>Pie de foto, Nasry Asfura es el candidato conservador que lidera el recuento de los comicios presidenciales en Honduras. <\/p>\n<p dir=\"ltr\" class=\"css-oygqes e17g058b0\">Hijo de inmigrantes de ascendencia palestina, Nasry Juan Asfura Zablah inici\u00f3 su carrera p\u00fablica en la Alcald\u00eda del Distrito Central -formado por los antiguos municipios de Tegucigalpa y Comayag\u00fcela- en los a\u00f1os 90, ocupando cargos operativos y de gerencia en varias administraciones municipales.<\/p>\n<p dir=\"ltr\" class=\"css-oygqes e17g058b0\">Seg\u00fan analistas, esta primera etapa en el gobierno local consolid\u00f3 su estilo pragm\u00e1tico, centrado en la ejecuci\u00f3n de obras y la resoluci\u00f3n pr\u00e1ctica de problemas.<\/p>\n<p dir=\"ltr\" class=\"css-oygqes e17g058b0\">El apodo que lo acompa\u00f1ar\u00eda durante toda su carrera surgi\u00f3 en 2005, cuando Asfura compiti\u00f3 por primera vez en las primarias del Partido Nacional para la alcald\u00eda del Distrito Central.<\/p>\n<p dir=\"ltr\" class=\"css-oygqes e17g058b0\">En aquella campa\u00f1a utiliz\u00f3 el eslogan \u00ab\u00a1Papi a la orden!\u00bb, una frase coloquial que buscaba transmitir cercan\u00eda y servicio. Aunque perdi\u00f3 esa elecci\u00f3n interna frente a Ricardo \u00c1lvarez, el lema cal\u00f3 entre la militancia y el p\u00fablico, convirti\u00e9ndose en su marca pol\u00edtica m\u00e1s reconocible.<\/p>\n<p dir=\"ltr\" class=\"css-oygqes e17g058b0\">Sin embargo, su despegue pol\u00edtico definitivo lleg\u00f3 con su proclamaci\u00f3n como alcalde del Distrito Central en 2013, puesto en el que fue reelegido en 2017, acumulando casi ocho a\u00f1os al frente del distrito capitalino.<\/p>\n<p dir=\"ltr\" class=\"css-oygqes e17g058b0\">En ese periodo impuls\u00f3 1.142 obras, entre ellas 45 proyectos de infraestructura mayor, como puentes, pasos a desnivel, t\u00faneles y ampliaciones viales dise\u00f1adas para descongestionar la capital.<\/p>\n<p dir=\"ltr\" class=\"css-oygqes e17g058b0\">Tambi\u00e9n impuls\u00f3 la pavimentaci\u00f3n de m\u00e1s de 200 kil\u00f3metros de calles y proyectos de mitigaci\u00f3n de inundaciones, drenajes y servicios b\u00e1sicos en barrios vulnerables, lo que le aport\u00f3 popularidad entre muchos capitalinos.<\/p>\n<p dir=\"ltr\" class=\"css-oygqes e17g058b0\">Present\u00f3 su candidatura en las elecciones generales de 2021, que perdi\u00f3 frente a la actual presidenta, Xiomara Castro.<\/p>\n<p dir=\"ltr\" class=\"css-oygqes e17g058b0\">Con la intenci\u00f3n de postularse de nuevo, en 2025 venci\u00f3 con el 75,8% de los votos en las primarias internas a la exprimera dama Ana Garc\u00eda, consolid\u00e1ndose como l\u00edder del nacionalismo y operando la intensa campa\u00f1a que lo ha catapultado a la presidencia.<\/p>\n<p><img decoding=\"async\" src=\"https:\/\/www.europesays.com\/es\/wp-content\/uploads\/2025\/12\/54949900-cec1-11f0-8c06-f5d460985095.jpg.webp.webp\"   alt=\"Nasry Asfura en un escenario durante la campa\u00f1a electoral. Frente a \u00e9l se ve una bandera en la que dice: &quot;\u00a1Papi a la orden! Presidente&quot;. \" loading=\"lazy\" width=\"1024\" height=\"683\" style=\"aspect-ratio:1024 \/ 683\" class=\"css-4ejld5\"\/><\/p>\n<p class=\"css-by8ykd\" role=\"text\">Fuente de la imagen, EMILIO FLORES \/ AFP via Getty Images<\/p>\n<p>Pie de foto, Su lema \u00ab\u00a1Papi a la orden!\u00bb se populariz\u00f3 cuando en 2005 compiti\u00f3 por primera vez en las primarias del Partido Nacional para la alcald\u00eda del Distrito Central.<\/p>\n<p dir=\"ltr\" class=\"css-oygqes e17g058b0\">Nasry Asfura articul\u00f3 su campa\u00f1a en torno a un paquete de propuestas para, en sus propias palabras, \u00abponer a andar\u00bb el pa\u00eds.<\/p>\n<p dir=\"ltr\" class=\"css-oygqes e17g058b0\">Estas propuestas, estructuradas en la llamada \u00abVisi\u00f3n 5 Estrellas\u00bb, combina metas econ\u00f3micas, sociales y medioambientales.<\/p>\n<p dir=\"ltr\" class=\"css-oygqes e17g058b0\">El primer eje, y columna vertebral de su campa\u00f1a, gira en torno a la reactivaci\u00f3n de la econom\u00eda y el empleo, que para muchos analistas son los mayores dos retos pendientes de Honduras.<\/p>\n<p dir=\"ltr\" class=\"css-oygqes e17g058b0\">Asfura prometi\u00f3 atraer inversi\u00f3n privada y extranjera mediante la reducci\u00f3n de tr\u00e1mites, seguridad jur\u00eddica y alianzas p\u00fablico-privadas orientadas a la infraestructura y el turismo, con el objetivo expl\u00edcito de aumentar el empleo regular en un pa\u00eds donde la informalidad supera el 70%.<\/p>\n<p dir=\"ltr\" class=\"css-oygqes e17g058b0\">El empresario tambi\u00e9n plante\u00f3 eliminar regulaciones para fomentar el crecimiento, presentando la econom\u00eda como un espacio que debe \u00abdestrabarse\u00bb para funcionar.<\/p>\n<p dir=\"ltr\" class=\"css-oygqes e17g058b0\">Prometi\u00f3, adem\u00e1s, digitalizar el Estado, descentralizar recursos hacia los municipios y promover la equidad en la administraci\u00f3n p\u00fablica.<\/p>\n<p dir=\"ltr\" class=\"css-oygqes e17g058b0\">En el \u00e1rea social, manifest\u00f3 su apuesta por la expansi\u00f3n de la educaci\u00f3n t\u00e9cnica y digital, la construcci\u00f3n y modernizaci\u00f3n de hospitales y la ampliaci\u00f3n de programas de vivienda para familias de bajos ingresos.<\/p>\n<p dir=\"ltr\" class=\"css-oygqes e17g058b0\">En materia de seguridad -otro de los principales problemas del pa\u00eds centroamericano- prometi\u00f3 reforzar las capacidades de la polic\u00eda  y recuperar espacios p\u00fablicos, apelando a una estrategia de prevenci\u00f3n comunitaria y presencia territorial.<\/p>\n<p dir=\"ltr\" class=\"css-oygqes e17g058b0\">Su agenda ambiental se centr\u00f3 en la transici\u00f3n hacia energ\u00edas renovables, la eficiencia energ\u00e9tica y la protecci\u00f3n de bosques y cuencas, algo que lo aleja de otros l\u00edderes conservadores en el continente.<\/p>\n<p dir=\"ltr\" class=\"css-oygqes e17g058b0\">En pol\u00edtica exterior, Asfura propone una alianza preferente con Estados Unidos, acompa\u00f1ada de recuperar relaciones con Taiw\u00e1n -en 2023 el gobierno de Xiomara Castro rompi\u00f3 lazos con la isla en favor de China- y cercan\u00eda con Israel, como parte de un bloque pro estadounidense.<\/p>\n<p dir=\"ltr\" class=\"css-oygqes e17g058b0\">Plantea usar estas relaciones para atraer inversi\u00f3n, cooperaci\u00f3n y canales de migraci\u00f3n laboral ordenada, as\u00ed como distanciarse de reg\u00edmenes como Venezuela, cercano al actual gobierno.<\/p>\n<p><img decoding=\"async\" src=\"https:\/\/www.europesays.com\/es\/wp-content\/uploads\/2025\/12\/5e7e3780-cec3-11f0-a892-01d657345866.jpg.webp.webp\"   alt=\"Donald Trump responde a unas preguntas en el avi\u00f3n presidencial. \" loading=\"lazy\" width=\"1024\" height=\"683\" style=\"aspect-ratio:1024 \/ 683\" class=\"css-4ejld5\"\/><\/p>\n<p class=\"css-by8ykd\" role=\"text\">Fuente de la imagen, Pete Marovich\/Getty Images<\/p>\n<p>Pie de foto, El presidente de Estados Unidos, Donald Trump, ofreci\u00f3 su apoyo a Asfura y amenaz\u00f3 con recortar la ayuda al pa\u00eds si no ganaba en los comicios.<\/p>\n<p dir=\"ltr\" class=\"css-oygqes e17g058b0\">El paso por la administraci\u00f3n p\u00fablica de Asfura tambi\u00e9n se ha caracterizado por una serie de controversias legales y cuestionamientos \u00e9ticos.<\/p>\n<p dir=\"ltr\" class=\"css-oygqes e17g058b0\">En 2020 la Unidad Fiscal Especial Contra Redes de Corrupci\u00f3n (UFERCO) present\u00f3 una solicitud de antejuicio en su contra por presunto abuso de autoridad, fraude, malversaci\u00f3n de caudales p\u00fablicos, falsificaci\u00f3n de documentos y lavado de activos, vinculados al supuesto desv\u00edo de 29,4 millones de lempiras (US$1,12 millones) de la Alcald\u00eda del Distrito Central entre 2017 y 2018.<\/p>\n<p dir=\"ltr\" class=\"css-oygqes e17g058b0\">La Corte Suprema de Justicia fren\u00f3 el proceso al determinar que deb\u00eda esperarse una auditor\u00eda del Tribunal Superior de Cuentas, dejando sin efecto la solicitud de los fiscales.<\/p>\n<p dir=\"ltr\" class=\"css-oygqes e17g058b0\">El expediente resurgi\u00f3 recientemente, lo que los partidarios del exalcalde atribuyeron a una \u00abpersecuci\u00f3n pol\u00edtica\u00bb, denunciando que su difusi\u00f3n p\u00fablica busc\u00f3 da\u00f1arlo electoralmente.<\/p>\n<p dir=\"ltr\" class=\"css-oygqes e17g058b0\">Tambi\u00e9n vio abrirse otro frente en relaci\u00f3n con su v\u00ednculo con Sulambiente, una empresa de gesti\u00f3n de desechos que recibi\u00f3 una indemnizaci\u00f3n millonaria tras un fallido contrato en San Pedro Sula, y de la que hab\u00eda sido accionista.<\/p>\n<p dir=\"ltr\" class=\"css-oygqes e17g058b0\">El nombre de Nasry Asfura tambi\u00e9n apareci\u00f3 en los Papeles de Pandora en 2021 como presunto accionista de una sociedad offshore registrada en Panam\u00e1 llamada Karlane Overseas, creada en 2007 y usada para adquirir terrenos en Tegucigalpa.<\/p>\n<p dir=\"ltr\" class=\"css-oygqes e17g058b0\">Aunque esto despert\u00f3 cuestionamientos \u00e9ticos, no se consider\u00f3 que hubiera cometido ning\u00fan delito.<\/p>\n<p><img decoding=\"async\" src=\"https:\/\/www.europesays.com\/es\/wp-content\/uploads\/2025\/12\/e1fe6bd0-cec2-11f0-a892-01d657345866.png.webp.webp\"   alt=\"L\u00ednea gris.\" loading=\"lazy\" width=\"800\" height=\"100\" style=\"aspect-ratio:800 \/ 100\" class=\"css-4ejld5\"\/><\/p>\n<p>Salvador Nasralla, \u00abel se\u00f1or de la televisi\u00f3n\u00bb de Honduras que promete acabar con la corrupci\u00f3n y romper con Venezuela<\/p>\n<p><img decoding=\"async\" src=\"https:\/\/www.europesays.com\/es\/wp-content\/uploads\/2025\/12\/d58bf830-cec3-11f0-8c06-f5d460985095.jpg.webp.webp\"   alt=\"Salvador Nasralla muestra su me\u00f1ique manchado de tinta despu\u00e9s de haber votado.\" loading=\"lazy\" width=\"1024\" height=\"683\" style=\"aspect-ratio:1024 \/ 683\" class=\"css-4ejld5\"\/><\/p>\n<p class=\"css-by8ykd\" role=\"text\">Fuente de la imagen, Johny MAGALLANES \/ AFP via Getty Images<\/p>\n<p dir=\"ltr\" class=\"css-oygqes e17g058b0\">La promesa de acabar con la corrupci\u00f3n y desmantelar lo que \u00e9l denomina \u00abel aparato de poder\u00bb construido por la actual presidenta Xiomara Castro y su marido y mano derecha, el expresidente Manuel Zelaya, han sido las l\u00edneas maestras de la campa\u00f1a de Salvador Nasralla, de 72 a\u00f1os y candidato por el centrista Partido Liberal de Honduras. <\/p>\n<p dir=\"ltr\" class=\"css-oygqes e17g058b0\">Nasralla ha insistido en que Honduras vive \u00absecuestrada\u00bb por una \u00ab\u00e9lite familiar que controla el Estado\u00bb, y ha asegurado que una de sus primeras medidas ser\u00eda \u00abbarrer con el nepotismo\u00bb en instituciones, consulados y empresas p\u00fablicas.<\/p>\n<p dir=\"ltr\" class=\"css-oygqes e17g058b0\">\u00abEn mi gobierno \u2013porque estoy seguro que ser\u00e9 presidente\u2013 no habr\u00e1 nepotismo. Ni Moncada, ni Castro, ni Zelaya\u00bb, proclam\u00f3 en la campa\u00f1a.<\/p>\n<p dir=\"ltr\" class=\"css-oygqes e17g058b0\">Y es que este candidato es conocido por haber sido presentador de televisi\u00f3n durante m\u00e1s de 40 a\u00f1os, conduciendo programas deportivos, lo que le vali\u00f3 el apodo de \u00abel se\u00f1or de la televisi\u00f3n\u00bb.<\/p>\n<p><img decoding=\"async\" src=\"https:\/\/www.europesays.com\/es\/wp-content\/uploads\/2025\/12\/a2f8c690-cec4-11f0-a892-01d657345866.jpg.webp.webp\"   alt=\"Salvador Nasralla sostiene una papeleta de voto junto a su esposa  Iroshka Elvir.\" loading=\"lazy\" width=\"1024\" height=\"683\" style=\"aspect-ratio:1024 \/ 683\" class=\"css-4ejld5\"\/><\/p>\n<p class=\"css-by8ykd\" role=\"text\">Fuente de la imagen, Johny MAGALLANES \/ AFP via Getty Images<\/p>\n<p dir=\"ltr\" class=\"css-oygqes e17g058b0\"><b>De periodista a candidato<\/b><\/p>\n<p dir=\"ltr\" class=\"css-oygqes e17g058b0\">Nasralla naci\u00f3 el 30 de enero de 1953 en Tegucigalpa, en una familia de ascendencia palestina. Su madre naci\u00f3 en Chile.<\/p>\n<p dir=\"ltr\" class=\"css-oygqes e17g058b0\">Estudi\u00f3 en la Pontificia Universidad Cat\u00f3lica de Chile, donde obtuvo una licenciatura en ingenier\u00eda civil industrial, pero su carrera se enfoc\u00f3 en los medios de comunicaci\u00f3n.<\/p>\n<p dir=\"ltr\" class=\"css-oygqes e17g058b0\">Fue periodista y presentador de televisi\u00f3n durante m\u00e1s de cuatro d\u00e9cadas, lo que lo convirti\u00f3 en una de las figuras medi\u00e1ticas m\u00e1s reconocibles de Honduras, al mando de programas deportivos y de entretenimiento.<\/p>\n<p dir=\"ltr\" class=\"css-oygqes e17g058b0\">Su presencia constante en la pantalla le vali\u00f3 el apodo de \u00abEl se\u00f1or de la televisi\u00f3n\u00bb, una marca personal que mantuvo incluso despu\u00e9s de ingresar a la pol\u00edtica y ha sido clave para sostener su perfil de \u00aboutsider\u00bb frente a la clase pol\u00edtica tradicional.Tras incursionar en la pol\u00edtica dos a\u00f1os antes, se present\u00f3 como candidato presidencial por el Partido Anticorrupci\u00f3n (PAC) en las elecciones de 2013, donde obtuvo un 13,4% de las papeletas.<\/p>\n<p dir=\"ltr\" class=\"css-oygqes e17g058b0\">En 2017 volvi\u00f3 a postularse a la presidencia, esta vez como representante de la Alianza de Oposici\u00f3n contra la Dictadura, integrada por Libre.<\/p>\n<p dir=\"ltr\" class=\"css-oygqes e17g058b0\">El conteo le dio ventaja durante gran parte del recuento, pero en un sorpresivo vuelco final perdi\u00f3 frente al entonces presidente Juan Orlando Hern\u00e1ndez. Hubo acusaciones de fraude y denuncias de irregularidades.<\/p>\n<p dir=\"ltr\" class=\"css-oygqes e17g058b0\">Tras ese resultado, Nasralla fund\u00f3 el partido Partido Salvador de Honduras (PSH) en 2019-20, aunque en 2022 renunci\u00f3 a su candidatura presidencial para sumarse a la f\u00f3rmula de Libre, como vicepresidente junto a Xiomara Castro.<\/p>\n<p dir=\"ltr\" class=\"css-oygqes e17g058b0\">Sin embargo, el acuerdo con el actual gobierno dur\u00f3 poco: a mediados del a\u00f1o pasado, Nasralla decidi\u00f3 abandonar el acuerdo con Libre y unirse al Partido Liberal, que este a\u00f1o lo llev\u00f3 como candidato a la presidencia.<\/p>\n<p dir=\"ltr\" class=\"css-oygqes e17g058b0\">\u00abMe di cuenta que el gobierno de Xiomara Castro ten\u00eda otras intenciones diferentes a las que se plante\u00f3 durante la campa\u00f1a, que era el combate a la corrupci\u00f3n, adem\u00e1s de sacar al narcotraficante que estaba gobernando\u00bb, declar\u00f3 recientemente Nasralla al medio p\u00fablico franc\u00e9s RFI.<\/p>\n<p dir=\"ltr\" class=\"css-oygqes e17g058b0\">Agreg\u00f3: \u00abYo soy un liberal que fund\u00f3 un partido anticorrupci\u00f3n, ese es el eje transversal por el cual yo me met\u00ed. Yo m\u00e1s que un pol\u00edtico de oficio, soy un t\u00e9cnico\u00bb.<\/p>\n<p><img decoding=\"async\" src=\"https:\/\/www.europesays.com\/es\/wp-content\/uploads\/2025\/12\/e5e81270-ce5c-11f0-9fb5-5f3a3703a365.jpg.webp.webp\"   alt=\"Personas revisando listas de votantes en una pared con bandera de Honduras durante un proceso electoral.\" loading=\"lazy\" width=\"1024\" height=\"683\" style=\"aspect-ratio:1024 \/ 683\" class=\"css-4ejld5\"\/><\/p>\n<p class=\"css-by8ykd\" role=\"text\">Fuente de la imagen, AFP v\u00eda Getty Images<\/p>\n<p dir=\"ltr\" class=\"css-oygqes e17g058b0\">En su tercer intento por llegar a la presidencia de Honduras, Nasralla se presenta con la promesa de hacer de Honduras un centro neur\u00e1lgico del desarrollo, integrando puertos, v\u00edas de transporte y \u00e1reas productivas.<\/p>\n<p dir=\"ltr\" class=\"css-oygqes e17g058b0\">En esa l\u00ednea, expres\u00f3 su apuesta por fortalecer el Ministerio P\u00fablico, reestructurar la Polic\u00eda Nacional y establecer mecanismos de transparencia que, a su juicio, no existen actualmente.<\/p>\n<p dir=\"ltr\" class=\"css-oygqes e17g058b0\">En concreto, Nasralla propone crear auditores ciudadanos en cada municipio, un portal nacional de datos abiertos y sanciones inmediatas para los funcionarios que no declaren bienes o que participen en adjudicaciones sospechosas.<\/p>\n<p dir=\"ltr\" class=\"css-oygqes e17g058b0\">En el plano internacional, promete romper relaciones con Venezuela, un aliado pol\u00edtico del actual gobierno.<\/p>\n<p dir=\"ltr\" class=\"css-oygqes e17g058b0\">\u00abMientras Venezuela no tenga un r\u00e9gimen que sea democr\u00e1tico, mientras est\u00e9 Maduro, nosotros rompemos con Maduro\u00bb, sostuvo recientemente en declaraciones a la prensa internacional.<\/p>\n<p dir=\"ltr\" class=\"css-oygqes e17g058b0\">Tambi\u00e9n ha cuestionado abiertamente la relaci\u00f3n de Honduras con Cuba, a la que acusa de influir ideol\u00f3gicamente en el gobierno de Xiomara Castro.<\/p>\n<p dir=\"ltr\" class=\"css-oygqes e17g058b0\">Ha asegurado que, de llegar al poder, revisar\u00e1 \u00abtodas las alianzas pol\u00edticas heredadas del castro-zelayismo\u00bb y que la pol\u00edtica exterior debe \u00abalinearse con las democracias occidentales y no con dictaduras\u00bb.<\/p>\n<p dir=\"ltr\" class=\"css-oygqes e17g058b0\">Tambi\u00e9n ha prometido revisar la relaci\u00f3n establecida con China en 2023, insinuando que podr\u00eda revertirla si considera que responde m\u00e1s a intereses pol\u00edticos que al beneficio econ\u00f3mico del pa\u00eds.<\/p>\n<p dir=\"ltr\" class=\"css-oygqes e17g058b0\">Muchos interpretan que podr\u00eda restaurar relaciones diplom\u00e1ticas con Taiw\u00e1n, lo que supondr\u00eda una ruptura con la Rep\u00fablica Popular China y posible fuente de tensiones con el gigante asi\u00e1tico.<\/p>\n<p dir=\"ltr\" class=\"css-oygqes e17g058b0\">En materia econ\u00f3mica, Nasralla propone atraer inversi\u00f3n extranjera eliminando trabas burocr\u00e1ticas, mejorar la seguridad jur\u00eddica para el capital y desarrollar un corredor log\u00edstico que integre puertos de la costa atl\u00e1ntica y pac\u00edfica, zonas francas industriales y expansi\u00f3n del transporte ferroviario.<\/p>\n<p dir=\"ltr\" class=\"css-oygqes e17g058b0\">Si bien estos ejes han sido mencionados de manera recurrente, analistas han puesto en duda su factibilidad y han destacado la ausencia de un cronograma detallado.<\/p>\n<p dir=\"ltr\" class=\"css-oygqes e17g058b0\">Por otro lado, \u00abel se\u00f1or de la televisi\u00f3n\u00bb ha prometido que su gobierno pondr\u00e1 fin al \u00abpoder de las televisiones\u00bb y a los medios que, seg\u00fan \u00e9l, han estado al servicio de las \u00e9lites pol\u00edticas.<\/p>\n<p dir=\"ltr\" class=\"css-oygqes e17g058b0\">Ha asegurado que, con ello, reformar\u00e1 el ecosistema medi\u00e1tico para que tenga un \u00abservicio p\u00fablico\u00bb y no \u00abprivilegios olig\u00e1rquicos\u00bb.<\/p>\n<p><img decoding=\"async\" src=\"https:\/\/www.europesays.com\/es\/wp-content\/uploads\/2025\/12\/d1085c90-ce5a-11f0-8c06-f5d460985095.png.webp.webp\"   alt=\"&quot;&quot;\" loading=\"lazy\" width=\"800\" height=\"100\" style=\"aspect-ratio:800 \/ 100\" class=\"css-4ejld5\"\/><\/p>\n<p dir=\"ltr\" class=\"css-oygqes e17g058b0\"><a href=\"https:\/\/www.bbc.com\/mundo\/send\/u184973209\" class=\"focusIndicatorReducedWidth css-n8oauk e1p3sufg0\" rel=\"nofollow noopener\" target=\"_blank\">Suscr\u00edbete aqu\u00ed<\/a> a nuestro nuevo newsletter para recibir cada viernes una selecci\u00f3n de nuestro mejor contenido de la semana.<\/p>\n<p dir=\"ltr\" class=\"css-oygqes e17g058b0\">Y recuerda que puedes recibir notificaciones en nuestra app. Descarga la \u00faltima versi\u00f3n y act\u00edvalas.<\/p>\n<p><script async src=\"https:\/\/platform.twitter.com\/widgets.js\" charset=\"utf-8\"><\/script><\/p>\n","protected":false},"excerpt":{"rendered":"Fuente de la imagen, Reuters Informaci\u00f3n del art\u00edculo Autor, Atahualpa Amerise T\u00edtulo del autor, BBC News Mundo X,&hellip;\n","protected":false},"author":2,"featured_media":265955,"comment_status":"","ping_status":"","sticky":false,"template":"","format":"standard","meta":{"footnotes":""},"categories":[5],"tags":[17,18,25,24,13,14,11,19,20,9,10,15,16,23,12,21,22],"class_list":{"0":"post-265954","1":"post","2":"type-post","3":"status-publish","4":"format-standard","5":"has-post-thumbnail","7":"category-titulares","8":"tag-breaking-news","9":"tag-breakingnews","10":"tag-es","11":"tag-espana","12":"tag-featured-news","13":"tag-featurednews","14":"tag-headlines","15":"tag-latest-news","16":"tag-latestnews","17":"tag-news","18":"tag-noticias","19":"tag-noticias-destacadas","20":"tag-noticiasdestacadas","21":"tag-spain","22":"tag-titulares","23":"tag-ultimas-noticias","24":"tag-ultimasnoticias"},"share_on_mastodon":{"url":"https:\/\/pubeurope.com\/@es\/115645923465336595","error":""},"_links":{"self":[{"href":"https:\/\/www.europesays.com\/es\/wp-json\/wp\/v2\/posts\/265954","targetHints":{"allow":["GET"]}}],"collection":[{"href":"https:\/\/www.europesays.com\/es\/wp-json\/wp\/v2\/posts"}],"about":[{"href":"https:\/\/www.europesays.com\/es\/wp-json\/wp\/v2\/types\/post"}],"author":[{"embeddable":true,"href":"https:\/\/www.europesays.com\/es\/wp-json\/wp\/v2\/users\/2"}],"replies":[{"embeddable":true,"href":"https:\/\/www.europesays.com\/es\/wp-json\/wp\/v2\/comments?post=265954"}],"version-history":[{"count":0,"href":"https:\/\/www.europesays.com\/es\/wp-json\/wp\/v2\/posts\/265954\/revisions"}],"wp:featuredmedia":[{"embeddable":true,"href":"https:\/\/www.europesays.com\/es\/wp-json\/wp\/v2\/media\/265955"}],"wp:attachment":[{"href":"https:\/\/www.europesays.com\/es\/wp-json\/wp\/v2\/media?parent=265954"}],"wp:term":[{"taxonomy":"category","embeddable":true,"href":"https:\/\/www.europesays.com\/es\/wp-json\/wp\/v2\/categories?post=265954"},{"taxonomy":"post_tag","embeddable":true,"href":"https:\/\/www.europesays.com\/es\/wp-json\/wp\/v2\/tags?post=265954"}],"curies":[{"name":"wp","href":"https:\/\/api.w.org\/{rel}","templated":true}]}}