{"id":265962,"date":"2025-12-01T19:26:09","date_gmt":"2025-12-01T19:26:09","guid":{"rendered":"https:\/\/www.europesays.com\/es\/265962\/"},"modified":"2025-12-01T19:26:09","modified_gmt":"2025-12-01T19:26:09","slug":"el-enesimo-mazazo-que-ha-terminado-de-condenar-al-historico-sheffield-wednesday","status":"publish","type":"post","link":"https:\/\/www.europesays.com\/es\/265962\/","title":{"rendered":"El en\u00e9simo &#8216;mazazo&#8217; que ha terminado de condenar al hist\u00f3rico Sheffield Wednesday"},"content":{"rendered":"<p data-mrf-recirculation=\"Links P\u00e1rrafos\" class=\"ue-c-article__paragraph paragraph ue-c-article--first-letter-highlighted\">Los aficionados del <strong>Sheffield\u00a0Wednesday<\/strong> cantaron victoria demasiado pronto con la renuncia de\u00a0<strong>Deijphon Chansiri<\/strong> como presidente de la entidad. Sin embargo, la sombra de la desastrosa gesti\u00f3n que llev\u00f3 a cabo desde que se hizo cargo del club en 2015 todav\u00eda sigue planeando sobre las gradas de <strong>Hillsborough<\/strong>&#8230; y el en\u00e9simo &#8216;mazazo&#8217; recibido en forma de deducci\u00f3n de puntos les ha terminado de condenar.<\/p>\n<p data-mrf-recirculation=\"Links P\u00e1rrafos\" class=\"ue-c-article__paragraph paragraph\">El pasado 24 de octubre ya recibieron una primera sanci\u00f3n de 12 puntos tras declararse en\u00a0bancarrota. Pero la cosa no ha quedado ah\u00ed y, a lo largo del d\u00eda de hoy, la <strong>English Football League<\/strong>\u00a0les ha notificado que les ha sida aplicada una deducci\u00f3n adicional de seis puntos.<\/p>\n<p data-mrf-recirculation=\"Links P\u00e1rrafos\" class=\"ue-c-article__paragraph paragraph\">Todo se debe a los impagos que arrastran los miembros de la plantilla, cuerpo t\u00e9cnico y el resto de miembros de la entidad que componen el <strong>Sheffield Wednesday<\/strong> correspondientes a los meses de marzo, mayo y junio que, a fecha de hoy, todav\u00eda no han sido abonados&#8230; ni hay noticias de ello.<\/p>\n<p data-mrf-recirculation=\"Links P\u00e1rrafos\" class=\"ue-c-article__paragraph paragraph\"><strong>Deijphon Chansiri<\/strong> tampoco se ha ido de &#8216;rositas&#8217; y se le ha impuesto una sanci\u00f3n por la que se le proh\u00edbe adquirir o presidir cualquier otro club perteneciente a la pir\u00e1mide del f\u00fatbol ingl\u00e9s durante los tres pr\u00f3ximos a\u00f1os.<\/p>\n<p data-mrf-recirculation=\"Links P\u00e1rrafos\" class=\"ue-c-article__paragraph paragraph\">\u00abLas sanciones tanto al club como al Sr. Chansiri pueden confirmarse despu\u00e9s de que las partes llegaran a un acuerdo sobre la sanci\u00f3n apropiada, que fue posteriormente ratificado por el presidente de la comisi\u00f3n disciplinaria independiente designada\u00bb, rezaba el comunicado emitido por la EFL.<\/p>\n<p data-mrf-recirculation=\"Links P\u00e1rrafos\" class=\"ue-c-article__paragraph paragraph\">Tampoco le servir\u00e1 de demasiado consuelo para los aficionados de un\u00a0<strong>Sheffield Wednesday<\/strong> que ya hace meses que llevan haci\u00e9ndose a la idea de ver a su equipo en <strong>League One (Tercera)<\/strong> por primera vez en sus casi 160 a\u00f1os de historia.<\/p>\n<p data-mrf-recirculation=\"Links P\u00e1rrafos\" class=\"ue-c-article__paragraph paragraph\">El <strong>Sheffield Wednesday<\/strong> marcha colista en <strong>Championship <\/strong>con -10 puntos en su casillero&#8230; y a 27 de la salvaci\u00f3n que, actualmente, marca el <strong>Swansea<\/strong>. Un aut\u00e9ntica drama para un club que presume de tener cuatro t\u00edtulos de la <strong>Primera divisi\u00f3n de Inglaterra<\/strong> en sus vitrinas.<\/p>\n","protected":false},"excerpt":{"rendered":"Los aficionados del Sheffield\u00a0Wednesday cantaron victoria demasiado pronto con la renuncia de\u00a0Deijphon Chansiri como presidente de la entidad.&hellip;\n","protected":false},"author":2,"featured_media":265963,"comment_status":"","ping_status":"","sticky":false,"template":"","format":"standard","meta":{"footnotes":""},"categories":[268],"tags":[168,25,24,280,282,281,23,167],"class_list":{"0":"post-265962","1":"post","2":"type-post","3":"status-publish","4":"format-standard","5":"has-post-thumbnail","7":"category-futbol","8":"tag-deportes","9":"tag-es","10":"tag-espana","11":"tag-football","12":"tag-futbol","13":"tag-soccer","14":"tag-spain","15":"tag-sports"},"share_on_mastodon":{"url":"https:\/\/pubeurope.com\/@es\/115645958479670729","error":""},"_links":{"self":[{"href":"https:\/\/www.europesays.com\/es\/wp-json\/wp\/v2\/posts\/265962","targetHints":{"allow":["GET"]}}],"collection":[{"href":"https:\/\/www.europesays.com\/es\/wp-json\/wp\/v2\/posts"}],"about":[{"href":"https:\/\/www.europesays.com\/es\/wp-json\/wp\/v2\/types\/post"}],"author":[{"embeddable":true,"href":"https:\/\/www.europesays.com\/es\/wp-json\/wp\/v2\/users\/2"}],"replies":[{"embeddable":true,"href":"https:\/\/www.europesays.com\/es\/wp-json\/wp\/v2\/comments?post=265962"}],"version-history":[{"count":0,"href":"https:\/\/www.europesays.com\/es\/wp-json\/wp\/v2\/posts\/265962\/revisions"}],"wp:featuredmedia":[{"embeddable":true,"href":"https:\/\/www.europesays.com\/es\/wp-json\/wp\/v2\/media\/265963"}],"wp:attachment":[{"href":"https:\/\/www.europesays.com\/es\/wp-json\/wp\/v2\/media?parent=265962"}],"wp:term":[{"taxonomy":"category","embeddable":true,"href":"https:\/\/www.europesays.com\/es\/wp-json\/wp\/v2\/categories?post=265962"},{"taxonomy":"post_tag","embeddable":true,"href":"https:\/\/www.europesays.com\/es\/wp-json\/wp\/v2\/tags?post=265962"}],"curies":[{"name":"wp","href":"https:\/\/api.w.org\/{rel}","templated":true}]}}