{"id":265968,"date":"2025-12-01T19:30:11","date_gmt":"2025-12-01T19:30:11","guid":{"rendered":"https:\/\/www.europesays.com\/es\/265968\/"},"modified":"2025-12-01T19:30:11","modified_gmt":"2025-12-01T19:30:11","slug":"bertin-osborne-no-volvera-a-hablar-de-gabriela-guillen-porque-no-se-fia-de-ella","status":"publish","type":"post","link":"https:\/\/www.europesays.com\/es\/265968\/","title":{"rendered":"Bert\u00edn Osborne no volver\u00e1 a hablar de Gabriela Guill\u00e9n porque no se f\u00eda de ella"},"content":{"rendered":"<p>Contin\u00faa la guerra entre <b>Gabriela Guill\u00e9n<\/b> y <b>Bert\u00edn Osborne<\/b>. Pese a que parec\u00edan haber llegado a un <b>acuerdo por la manutenci\u00f3n<\/b> de su hijo, a\u00fan hab\u00eda<b> un punto en el que ambos no estaban de acuerdo<\/b>.<\/p>\n<p>Esta semana, podr\u00edan firmar el convenio regulador para la manutenci\u00f3n de su hijo David. Una manutenci\u00f3n que Gabriela asegura que no ha estado recibiendo por parte de Bert\u00edn.<\/p>\n<p>\u00abHan intentado acordar el dinero por lo privado y <b>a\u00f1adir una cl\u00e1usula con un r\u00e9gimen de visitas<\/b>\u00ab, se\u00f1ala Pilar Vidal. Seg\u00fan nos cuenta nuestra colaboradora, es cierto que Gabriela Guill\u00e9n no ha cobrado, ya que Bert\u00edn <b>no estar\u00eda en una buena situaci\u00f3n econ\u00f3mica<\/b>, pero sostiene que el cantante<b> saldar\u00e1 sus deudas pronto. <\/b>\u00abGaby cobrar\u00e1 lo que le corresponde\u00bb, asegura.<\/p>\n<p>Pilar Vidal termina diciendo que <b>Bert\u00edn Osborne ya no se f\u00eda de Gabriela Guill\u00e9n<\/b>. \u00abDice que no volver\u00e1 a hablar de ella\u00bb, advierte. \u00bfTerminar\u00e1 pronto la guerra entre Bert\u00edn y Gabriela Guill\u00e9n?<\/p>\n","protected":false},"excerpt":{"rendered":"Contin\u00faa la guerra entre Gabriela Guill\u00e9n y Bert\u00edn Osborne. Pese a que parec\u00edan haber llegado a un acuerdo&hellip;\n","protected":false},"author":2,"featured_media":265969,"comment_status":"","ping_status":"","sticky":false,"template":"","format":"standard","meta":{"footnotes":""},"categories":[171],"tags":[146,147,25,24,23,214],"class_list":{"0":"post-265968","1":"post","2":"type-post","3":"status-publish","4":"format-standard","5":"has-post-thumbnail","7":"category-tv","8":"tag-entertainment","9":"tag-entretenimiento","10":"tag-es","11":"tag-espana","12":"tag-spain","13":"tag-tv"},"share_on_mastodon":{"url":"","error":""},"_links":{"self":[{"href":"https:\/\/www.europesays.com\/es\/wp-json\/wp\/v2\/posts\/265968","targetHints":{"allow":["GET"]}}],"collection":[{"href":"https:\/\/www.europesays.com\/es\/wp-json\/wp\/v2\/posts"}],"about":[{"href":"https:\/\/www.europesays.com\/es\/wp-json\/wp\/v2\/types\/post"}],"author":[{"embeddable":true,"href":"https:\/\/www.europesays.com\/es\/wp-json\/wp\/v2\/users\/2"}],"replies":[{"embeddable":true,"href":"https:\/\/www.europesays.com\/es\/wp-json\/wp\/v2\/comments?post=265968"}],"version-history":[{"count":0,"href":"https:\/\/www.europesays.com\/es\/wp-json\/wp\/v2\/posts\/265968\/revisions"}],"wp:featuredmedia":[{"embeddable":true,"href":"https:\/\/www.europesays.com\/es\/wp-json\/wp\/v2\/media\/265969"}],"wp:attachment":[{"href":"https:\/\/www.europesays.com\/es\/wp-json\/wp\/v2\/media?parent=265968"}],"wp:term":[{"taxonomy":"category","embeddable":true,"href":"https:\/\/www.europesays.com\/es\/wp-json\/wp\/v2\/categories?post=265968"},{"taxonomy":"post_tag","embeddable":true,"href":"https:\/\/www.europesays.com\/es\/wp-json\/wp\/v2\/tags?post=265968"}],"curies":[{"name":"wp","href":"https:\/\/api.w.org\/{rel}","templated":true}]}}