{"id":265976,"date":"2025-12-01T19:34:13","date_gmt":"2025-12-01T19:34:13","guid":{"rendered":"https:\/\/www.europesays.com\/es\/265976\/"},"modified":"2025-12-01T19:34:13","modified_gmt":"2025-12-01T19:34:13","slug":"el-inmunologo-alfredo-corell-lanza-un-mensaje-claro-a-los-que-se-han-vacunado-de-la-gripe","status":"publish","type":"post","link":"https:\/\/www.europesays.com\/es\/265976\/","title":{"rendered":"El inmun\u00f3logo Alfredo Corell lanza un mensaje claro a los que se han vacunado de la gripe"},"content":{"rendered":"<p>El catedr\u00e1tico de Inmunolog\u00eda Alfredo Corell, autor de Inmunidad en forma y\u00a0Mejor Docente Universitario de Espa\u00f1a en 2018, ha mandado un mensaje positivo a quienes ya se han vacunado de la gripe y <b>ha recomendado a quienes a\u00fan no lo han hecho que lo hagan cuanto antes.<\/b><\/p>\n<p>Todo ello, a ra\u00edz <b>de las dudas que quienes se han vacunado puedan tener <\/b>en torno a la efectividad de la vacuna, <a href=\"https:\/\/www.huffingtonpost.es\/life\/salud\/el-inmunologo-alfredo-corell-explica-que-cambiano-nueva-variante-gripe.html\" rel=\"nofollow noopener\" target=\"_blank\">dado que este a\u00f1o est\u00e1 circulando una variante de la gripe algo diferente a la de otros a\u00f1os.<\/a><\/p>\n<p>En una intervenci\u00f3n en S\u00e1bado Clave, Corell ha explicado que es cierto que<b> la epidemia se ha adelantado a otros a\u00f1os<\/b>, pero ha subrayado que no es m\u00e1s grave.\u00a0<\/p>\n<p><b>\u00abLa variante que est\u00e1 circulando no es m\u00e1s grave,<\/b> pero lo que ha pasado es que es una variante que no ten\u00edamos en los \u00faltimos a\u00f1os y entonces la gente no tenemos inmunidad para ella y nos cuesta un poquito m\u00e1s responder. Esto hace que se corra entre personas mucho m\u00e1s r\u00e1pidamente y esto es lo que ha permitido su adelanto pr\u00e1cticamente cuatro semanas de lo que ser\u00eda el pico en condiciones normales\u00bb, ha se\u00f1alado el inmun\u00f3logo.<\/p>\n<p>Como ha explicado \u00e9l mismo, las variantes habituales que hemos tenido en los \u00faltimos oto\u00f1os e inviernos son del tipo que llamamos H1N1, \u00abque<b> son dos prote\u00ednas de la superficie de los virus de la gripe<\/b> que son los que se repiten pr\u00e1cticamente cada a\u00f1o\u00bb.\u00a0<\/p>\n<p>\u00abLa vacuna sigue siendo muy \u00fatil\u00bb<\/p>\n<p>\u00abY este a\u00f1o esta variante que est\u00e1 circulando, la K, es de otro tipo: <b>H3N2, un poquito distinta y hace que no tengamos inmunidad. <\/b>Y, efectivamente, hace que la vacuna, aunque sea eficaz, no tiene la eficacia tan alta como otros a\u00f1os. Pero, a\u00fan as\u00ed, la vacuna sigue siendo muy \u00fatil para evitar casos muy graves y hospitalizaciones por neumon\u00eda\u00bb, ha subrayado.<\/p>\n<p>\u00abAs\u00ed que yo <b>animo a que la gente que no se haya vacunado todav\u00eda lo haga cuanto antes\u00bb,<\/b> ha insistido antes de dar algunos consejos para prevenir el contagio: \u00abLo hemos aprendido durante la pandemia y yo creo que muchos ciudadanos lo recuerdan perfectamente. Higiene de manos. Si yo entro en un centro comercial, en una guarder\u00eda con los ni\u00f1os y salgo, lavarme las manos o el gel hidroalcoh\u00f3lico antes de tocar nada en casa\u00bb.\u00a0<\/p>\n<p>\u00abHigiene de mascarillas para dos cosas: para yo no contagiar a nadie si yo tengo s\u00edntomas respiratorios y, por otro lado, si yo soy una persona vulnerable o convivo con una persona vulnerable <b>me tengo que poner la mascarilla en lugares donde hay mucha aglomeraci\u00f3n,<\/b> en transporte p\u00fablico, en centros de salud, hospitales, en aglomeraciones en general para no llevarnos el virus a casa\u00bb, ha aconsejado.\u00a0<\/p>\n","protected":false},"excerpt":{"rendered":"El catedr\u00e1tico de Inmunolog\u00eda Alfredo Corell, autor de Inmunidad en forma y\u00a0Mejor Docente Universitario de Espa\u00f1a en 2018,&hellip;\n","protected":false},"author":2,"featured_media":265977,"comment_status":"","ping_status":"","sticky":false,"template":"","format":"standard","meta":{"footnotes":""},"categories":[92],"tags":[28762,57816,25,24,165,64566,2629,8079,166,23],"class_list":{"0":"post-265976","1":"post","2":"type-post","3":"status-publish","4":"format-standard","5":"has-post-thumbnail","7":"category-salud","8":"tag-alfredo","9":"tag-corell","10":"tag-es","11":"tag-espana","12":"tag-health","13":"tag-inmunologo","14":"tag-lanza","15":"tag-mensaje","16":"tag-salud","17":"tag-spain"},"share_on_mastodon":{"url":"https:\/\/pubeurope.com\/@es\/115645990022251199","error":""},"_links":{"self":[{"href":"https:\/\/www.europesays.com\/es\/wp-json\/wp\/v2\/posts\/265976","targetHints":{"allow":["GET"]}}],"collection":[{"href":"https:\/\/www.europesays.com\/es\/wp-json\/wp\/v2\/posts"}],"about":[{"href":"https:\/\/www.europesays.com\/es\/wp-json\/wp\/v2\/types\/post"}],"author":[{"embeddable":true,"href":"https:\/\/www.europesays.com\/es\/wp-json\/wp\/v2\/users\/2"}],"replies":[{"embeddable":true,"href":"https:\/\/www.europesays.com\/es\/wp-json\/wp\/v2\/comments?post=265976"}],"version-history":[{"count":0,"href":"https:\/\/www.europesays.com\/es\/wp-json\/wp\/v2\/posts\/265976\/revisions"}],"wp:featuredmedia":[{"embeddable":true,"href":"https:\/\/www.europesays.com\/es\/wp-json\/wp\/v2\/media\/265977"}],"wp:attachment":[{"href":"https:\/\/www.europesays.com\/es\/wp-json\/wp\/v2\/media?parent=265976"}],"wp:term":[{"taxonomy":"category","embeddable":true,"href":"https:\/\/www.europesays.com\/es\/wp-json\/wp\/v2\/categories?post=265976"},{"taxonomy":"post_tag","embeddable":true,"href":"https:\/\/www.europesays.com\/es\/wp-json\/wp\/v2\/tags?post=265976"}],"curies":[{"name":"wp","href":"https:\/\/api.w.org\/{rel}","templated":true}]}}