{"id":265983,"date":"2025-12-01T19:38:11","date_gmt":"2025-12-01T19:38:11","guid":{"rendered":"https:\/\/www.europesays.com\/es\/265983\/"},"modified":"2025-12-01T19:38:11","modified_gmt":"2025-12-01T19:38:11","slug":"cancelado-el-festival-de-comic-de-angulema-tras-el-boicot-de-los-autores-cultura","status":"publish","type":"post","link":"https:\/\/www.europesays.com\/es\/265983\/","title":{"rendered":"Cancelado el Festival de C\u00f3mic de Angulema tras el boicot de los autores | Cultura"},"content":{"rendered":"<p class=\"\">La empresa organizadora del <a href=\"https:\/\/www.angouleme-tourisme.com\/es\/fete-manifestation\/festival-international-de-la-bande-dessinee\/\" target=\"_self\" rel=\"nofollow noopener\" title=\"https:\/\/www.angouleme-tourisme.com\/es\/fete-manifestation\/festival-international-de-la-bande-dessinee\/\">Festival de C\u00f3mic de Angulema<\/a> ha anunciado este lunes que cancela la 53 edici\u00f3n del certamen, que tendr\u00eda que haberse inaugurado el pr\u00f3ximo 29 de enero, tras el boicot de los autores y las editoriales que participan. La decisi\u00f3n llega despu\u00e9s de semanas de pol\u00e9mica en torno a la empresa 9Art+, que ha anunciado que el festival \u201cno podr\u00e1 tener lugar en las condiciones apropiadas\u201d. <\/p>\n<p class=\"\">M\u00e1s de 2.000 autores anunciaron hace semanas que no participar\u00edan en la presente edici\u00f3n en protesta por la mala gesti\u00f3n por parte de los organizadores del evento. Acusan a la empresa 9Art+ de opacidad financiera y de haber despedido injustamente a una empleada que el a\u00f1o pasado denunci\u00f3 una violaci\u00f3n por parte de uno de los colaboradores del festival. Al boicot de los autores se sumaron las editoriales y hace una semana el Gobierno y las autoridades locales anunciaron que retiraban las subvenciones p\u00fablicas al certamen, que se financia en un 47% gracias a estos ingresos. <\/p>\n<p>M\u00e1s informaci\u00f3n<\/p>\n<p class=\"\">Es la primera vez que este festival, <a href=\"https:\/\/elpais.com\/cultura\/2025-01-30\/el-comic-espanol-ensena-al-mundo-sus-maravillas-y-sus-miserias.html\" target=\"_self\" rel=\"nofollow noopener\" title=\"https:\/\/elpais.com\/cultura\/2025-01-30\/el-comic-espanol-ensena-al-mundo-sus-maravillas-y-sus-miserias.html\">el m\u00e1s importante de c\u00f3mic que se celebra en Europa<\/a>, se suspende desde que empez\u00f3 a celebrarse en 1974, a excepci\u00f3n del a\u00f1o de la pandemia. La decisi\u00f3n parec\u00eda inevitable desde hace semanas y el propio alcalde de Angulema, Xavier Bonnefont, admiti\u00f3 que era \u201cm\u00e1s que complicado\u201d que pudiese tener lugar. <\/p>\n<p class=\"\">La empresa 9Art+ gestiona el certamen desde 2008 y se le hab\u00eda renovado el contrato para las pr\u00f3ximas dos ediciones. En un comunicado, que ha desvelado el medio local <a href=\"https:\/\/www.charentelibre.fr\/\" target=\"_self\" rel=\"nofollow noopener\" title=\"https:\/\/www.charentelibre.fr\/\">La Charente libre<\/a>, la empresa atribuye la responsabilidad de la anulaci\u00f3n a los poderes p\u00fablicos encargados de financiarlo \u201cque no han parado de meterse en la gesti\u00f3n privada del evento\u201d.<\/p>\n<p class=\"\">El certamen hab\u00eda sufrido otras crisis, pero ninguna tan grave hasta el punto de llevar a su cancelaci\u00f3n. La edici\u00f3n del a\u00f1o pr\u00f3ximo tambi\u00e9n se ve amenazada, pues su organizaci\u00f3n depende de la misma empresa. La pol\u00e9mica adem\u00e1s puede acabar en contencioso, pues en el comunicado de 9Art+, que firman los dos abogados de la empresa, estos recuerdan que la gesti\u00f3n de la edici\u00f3n de 2027 \u201cle pertenece legalmente\u201d, por contrato, hasta que se pueda negociar \u201cuna soluci\u00f3n que permita sentar las bases para una transici\u00f3n hacia una nueva gesti\u00f3n del festival\u201d. El alcalde de Angulema, Xavier Bonnefont, dijo la semana pasada que, \u201cteniendo en cuenta la situaci\u00f3n\u201d, es dif\u00edcil que pueda celebrarse una edici\u00f3n en 2027 con los mismos responsables\u201d. <\/p>\n<p><img decoding=\"auto\" class=\"_re lazyload a_m-h\" height=\"276\"  width=\"414\"  src=\"https:\/\/www.europesays.com\/es\/wp-content\/uploads\/2025\/12\/GUHCLCGCDZH7RPNX4NXLXN7RSI.jpg\" loading=\"lazy\"\/>Puesto de editoriales y autores firmando ejemplares de sus c\u00f3mics en el Festival Internacional del C\u00f3mic de Angulema en 2022.Andia (Andia\/Universal Images Group via Getty Images)<\/p>\n<p class=\"\">\u201cAl margen de cualquier marco legal, los actores p\u00fablicos han ejercido su influencia para impedir la renovaci\u00f3n del contrato privado que conf\u00eda a la empresa la organizaci\u00f3n del festival\u201d, denuncian los abogados, Vincent Brenot y Ghislain Minaire. <a href=\"https:\/\/elpais.com\/noticias\/rachida-dati\/\" target=\"_blank\" rel=\"nofollow noopener\" title=\"https:\/\/elpais.com\/noticias\/rachida-dati\/\">El martes pasado, la ministra de Cultura, Rachida Dati<\/a>, anunci\u00f3 un recorte del 60% (unos 200.000 euros) en las subvenciones que el Estado da al festival \u201cpor las irregularidades detectadas en materia de transparencia\u201d. Adem\u00e1s, el certamen recibe apoyo econ\u00f3mico de la regi\u00f3n de Nueva Aquitania y del municipio de Angulema. <\/p>\n<p class=\"\">Aunque la empresa responsabiliza a las autoridades de haber provocado esta situaci\u00f3n al retirarles los fondos, los autores que participan en el festival llevan tiempo denunciando la falta de transparencia por parte de la citada empresa. El remate fue el despido el pasado a\u00f1o de una empleada que hab\u00eda presentado una denuncia por violaci\u00f3n. En una tribuna publicada hace m\u00e1s de una semana en el peri\u00f3dico L\u2019Humanit\u00e9, 285 dise\u00f1adoras denunciaban \u201cla degradaci\u00f3n de las condiciones de trabajo\u201d en el certamen y criticaban, tras el despido de la citada trabajadora, que el suyo \u201cno es un caso \u00fanico (\u2026). Existe una continuidad en la violencia sexista y sexual en el oficio\u201d, se\u00f1alaba el texto.<\/p>\n<p class=\"\">Tras el boicot de los autores y las editoriales, el director de 9Art+, Franck Bondoux, present\u00f3 su dimisi\u00f3n, aunque ha negado en todo momento las acusaciones de mala gesti\u00f3n. Su salida no ha servido para evitar que el certamen se anule. La decisi\u00f3n es un golpe para Angulema, municipio al sur de Francia conocido por el prestigioso festival de vi\u00f1etas, que atrae cada a\u00f1o a 200.000 aficionados.<\/p>\n","protected":false},"excerpt":{"rendered":"La empresa organizadora del Festival de C\u00f3mic de Angulema ha anunciado este lunes que cancela la 53 edici\u00f3n&hellip;\n","protected":false},"author":2,"featured_media":265984,"comment_status":"","ping_status":"","sticky":false,"template":"","format":"standard","meta":{"footnotes":""},"categories":[42],"tags":[65838,39560,17,18,8588,209,1598,13,14,8256,317,11,61,62,63,64,19,20,225,9,10,15,16,12,21,22,65,66,67],"class_list":{"0":"post-265983","1":"post","2":"type-post","3":"status-publish","4":"format-standard","5":"has-post-thumbnail","7":"category-internacional","8":"tag-angulema","9":"tag-boicoteo","10":"tag-breaking-news","11":"tag-breakingnews","12":"tag-comic","13":"tag-cultura","14":"tag-escritores","15":"tag-featured-news","16":"tag-featurednews","17":"tag-festivales-culturales","18":"tag-francia","19":"tag-headlines","20":"tag-internacional","21":"tag-international","22":"tag-international-news","23":"tag-internationalnews","24":"tag-latest-news","25":"tag-latestnews","26":"tag-libros","27":"tag-news","28":"tag-noticias","29":"tag-noticias-destacadas","30":"tag-noticiasdestacadas","31":"tag-titulares","32":"tag-ultimas-noticias","33":"tag-ultimasnoticias","34":"tag-world","35":"tag-world-news","36":"tag-worldnews"},"share_on_mastodon":{"url":"https:\/\/pubeurope.com\/@es\/115646006048166000","error":""},"_links":{"self":[{"href":"https:\/\/www.europesays.com\/es\/wp-json\/wp\/v2\/posts\/265983","targetHints":{"allow":["GET"]}}],"collection":[{"href":"https:\/\/www.europesays.com\/es\/wp-json\/wp\/v2\/posts"}],"about":[{"href":"https:\/\/www.europesays.com\/es\/wp-json\/wp\/v2\/types\/post"}],"author":[{"embeddable":true,"href":"https:\/\/www.europesays.com\/es\/wp-json\/wp\/v2\/users\/2"}],"replies":[{"embeddable":true,"href":"https:\/\/www.europesays.com\/es\/wp-json\/wp\/v2\/comments?post=265983"}],"version-history":[{"count":0,"href":"https:\/\/www.europesays.com\/es\/wp-json\/wp\/v2\/posts\/265983\/revisions"}],"wp:featuredmedia":[{"embeddable":true,"href":"https:\/\/www.europesays.com\/es\/wp-json\/wp\/v2\/media\/265984"}],"wp:attachment":[{"href":"https:\/\/www.europesays.com\/es\/wp-json\/wp\/v2\/media?parent=265983"}],"wp:term":[{"taxonomy":"category","embeddable":true,"href":"https:\/\/www.europesays.com\/es\/wp-json\/wp\/v2\/categories?post=265983"},{"taxonomy":"post_tag","embeddable":true,"href":"https:\/\/www.europesays.com\/es\/wp-json\/wp\/v2\/tags?post=265983"}],"curies":[{"name":"wp","href":"https:\/\/api.w.org\/{rel}","templated":true}]}}