{"id":265985,"date":"2025-12-01T19:39:09","date_gmt":"2025-12-01T19:39:09","guid":{"rendered":"https:\/\/www.europesays.com\/es\/265985\/"},"modified":"2025-12-01T19:39:09","modified_gmt":"2025-12-01T19:39:09","slug":"un-juzgado-de-malaga-decreta-prision-provisional-para-tres-hombres-por-violar-a-una-chica-de-18-anos-en-un-descampado-en-malaga-sociedad","status":"publish","type":"post","link":"https:\/\/www.europesays.com\/es\/265985\/","title":{"rendered":"Un juzgado de M\u00e1laga decreta prisi\u00f3n provisional para tres hombres por violar a una chica de 18 a\u00f1os en un descampado en M\u00e1laga | Sociedad"},"content":{"rendered":"<p class=\"\">La Polic\u00eda Nacional ha detenido a tres hombres de entre de 18 y 19 a\u00f1os como presuntos autores de <a href=\"https:\/\/elpais.com\/noticias\/violaciones-multiples\/\" target=\"_blank\" rel=\"noreferrer nofollow noopener\" title=\"https:\/\/elpais.com\/noticias\/violaciones-multiples\/\">una violaci\u00f3n grupal<\/a> a una chica de 18 a\u00f1os. Los hechos ocurrieron a finales del pasado mes de octubre a la salida de una discoteca ubicada en el pol\u00edgono San Rafael, al oeste de la ciudad de M\u00e1laga. Cuando la joven lo denunci\u00f3, arranc\u00f3 una investigaci\u00f3n policial para identificar y localizar a los responsables, que culmin\u00f3 este pasado jueves 27 de noviembre con el arresto de los tres implicados, dos de ellos con antecedentes por delitos de agresi\u00f3n sexual. Tras pasar a disposici\u00f3n judicial, <a href=\"https:\/\/elpais.com\/sociedad\/2025-07-09\/los-juzgados-de-violencia-sobre-la-mujer-falta-de-profesionales-y-medios-e-importantes-diferencias-territoriales.html\" target=\"_blank\" rel=\"noreferrer nofollow noopener\" title=\"https:\/\/elpais.com\/sociedad\/2025-07-09\/los-juzgados-de-violencia-sobre-la-mujer-falta-de-profesionales-y-medios-e-importantes-diferencias-territoriales.html\">el juzgado de Violencia sobre la Mujer<\/a> n\u00famero 3 de la capital malague\u00f1a, que estaba de guardia, los envi\u00f3 a prisi\u00f3n. <\/p>\n<p class=\"\">La agresi\u00f3n sexual tuvo lugar durante la madrugada del pasado 30 de octubre. Seg\u00fan relat\u00f3 la chica, conoci\u00f3 a uno de sus agresores en una discoteca en la zona del pol\u00edgono San Rafael. M\u00e1s tarde, sobre las cuatro de la ma\u00f1ana, decidi\u00f3 salir con \u00e9l del establecimiento. Los dos se desplazaron hasta un descampado utilizado como aparcamiento de coches, ubicado en las proximidades de local de ocio. Mientras estaban bes\u00e1ndose, aparecieron dos amigos del joven. <\/p>\n<p class=\"\">La v\u00edctima relat\u00f3 que los tres comenzaron a masturbarse delante de ella, que la inmovilizaron, la manosearon por todo el cuerpo y \u201cla obligaron a mantener relaciones sexuales no consentidas\u201d, seg\u00fan ha informado la Polic\u00eda Nacional en un comunicado. La agresi\u00f3n dur\u00f3 alrededor de 30 minutos. <\/p>\n<p class=\"\">Justo despu\u00e9s, la joven avis\u00f3 a su hermana, con la que hab\u00eda salido esa noche. Luego pusieron los hechos en conocimientos de agentes de polic\u00eda y estos activaron <a href=\"https:\/\/elpais.com\/sociedad\/2023-12-21\/sanidad-y-comunidades-aprueban-un-protocolo-comun-para-la-atencion-de-las-agresiones-sexuales-en-todo-el-sistema-sanitario.html\" target=\"_blank\" rel=\"noreferrer nofollow noopener\" title=\"https:\/\/elpais.com\/sociedad\/2023-12-21\/sanidad-y-comunidades-aprueban-un-protocolo-comun-para-la-atencion-de-las-agresiones-sexuales-en-todo-el-sistema-sanitario.html\">el protocolo establecido para v\u00edctimas de agresi\u00f3n sexual<\/a>. Trasladaron a la joven a un hospital, donde recibi\u00f3 asistencia sanitaria y donde los m\u00e9dicos detectaron indicios compatibles con una agresi\u00f3n sexual, seg\u00fan recoge el auto del juzgado al que ha tenido acceso EL PA\u00cdS. <\/p>\n<p class=\"\">M\u00e1s tarde, la v\u00edctima, que hab\u00eda llegado a la ciudad apenas unas semanas antes para empezar sus estudios en la Universidad de M\u00e1laga, present\u00f3 una denuncia en la comisar\u00eda, como ha relatado su abogado, Juan Ricardo Ruiz Rey.<\/p>\n<p class=\"\">La Unidad de Familia y Atenci\u00f3n a la Mujer (UFAM) de la Comisar\u00eda Provincial de M\u00e1laga se hizo cargo de la investigaci\u00f3n. Fuentes policiales han explicado que result\u00f3 ser muy compleja, ya que la chica no conoc\u00eda de nada a los autores y los agentes han tenido que realizar numerosas diligencias para identificarlos. <\/p>\n<p class=\"\">Para ello han tenido que reconstruir los hechos, tomar declaraciones a testigos y realizar reconocimientos fotogr\u00e1ficos, entre otras actuaciones que finalmente permitieron saber qui\u00e9nes hab\u00edan sido los responsables. Los tres, de nacionalidad espa\u00f1ola, fueron localizados el pasado jueves en sus respectivos domicilios en la ciudad de M\u00e1laga. <\/p>\n<p class=\"\">Los j\u00f3venes, que fueron puestos a disposici\u00f3n judicial, negaron los hechos y afirmaron que hab\u00eda sido consentido, pero tanto el letrado de la acusaci\u00f3n particular como la Fiscal\u00eda solicitaron el ingreso en prisi\u00f3n provisional para los tres hombres, algo que decret\u00f3 la jueza del juzgado de Violencia sobre la Mujer n\u00famero 3 de M\u00e1laga.<\/p>\n<p class=\"\">En el auto, la magistrada destaca que hay motivos \u201cpara creer responsable criminal del delito\u201d a los denunciados gracias a la investigaci\u00f3n policial y a la declaraci\u00f3n de la v\u00edctima, \u201cquien ha narrado los hechos con total contundencia y verosimilitud\u201d. La medida deber\u00e1 ser ratificada este martes por el juzgado de Violencia sobre la Mujer n\u00famero 4, que se ha hecho cargo del caso.<\/p>\n<p class=\"\">El tel\u00e9fono 016 atiende a las v\u00edctimas de violencia machista, a sus familias y a su entorno las 24 horas del d\u00eda, todos los d\u00edas del a\u00f1o, en 53 idiomas diferentes. El n\u00famero no queda registrado en la factura telef\u00f3nica, pero hay que borrar la llamada del dispositivo. Tambi\u00e9n se puede contactar a trav\u00e9s del correo electr\u00f3nico <a href=\"https:\/\/elpais.com\/sociedad\/2025-12-01\/mailto:016-online@igualdad.gob.es\" rel=\"nofollow noopener\" target=\"_blank\">016-online@igualdad.gob.es<\/a> y por WhatsApp en el n\u00famero 600 000 016. Los menores pueden dirigirse al tel\u00e9fono de la Fundaci\u00f3n ANAR 900 20 20 10. Si es una situaci\u00f3n de emergencia, se puede llamar al 112 o a los tel\u00e9fonos de la Polic\u00eda Nacional (091) y de la Guardia Civil (062). Y en caso de no poder llamar, se puede recurrir a la aplicaci\u00f3n ALERTCOPS, desde la que se env\u00eda una se\u00f1al de alerta a la Polic\u00eda con geolocalizaci\u00f3n.<\/p>\n","protected":false},"excerpt":{"rendered":"La Polic\u00eda Nacional ha detenido a tres hombres de entre de 18 y 19 a\u00f1os como presuntos autores&hellip;\n","protected":false},"author":2,"featured_media":265986,"comment_status":"","ping_status":"","sticky":false,"template":"","format":"standard","meta":{"footnotes":""},"categories":[8],"tags":[16594,259,17,18,25,24,13,14,11,19,20,4043,3855,8616,9,10,15,16,8618,492,23,12,21,22,16595,20373,8615,6580,20370],"class_list":{"0":"post-265985","1":"post","2":"type-post","3":"status-publish","4":"format-standard","5":"has-post-thumbnail","7":"category-espana","8":"tag-agresiones-sexuales","9":"tag-andalucia","10":"tag-breaking-news","11":"tag-breakingnews","12":"tag-es","13":"tag-espana","14":"tag-featured-news","15":"tag-featurednews","16":"tag-headlines","17":"tag-latest-news","18":"tag-latestnews","19":"tag-machismo","20":"tag-malaga","21":"tag-maltrato-mujer","22":"tag-news","23":"tag-noticias","24":"tag-noticias-destacadas","25":"tag-noticiasdestacadas","26":"tag-patriarcado","27":"tag-sociedad","28":"tag-spain","29":"tag-titulares","30":"tag-ultimas-noticias","31":"tag-ultimasnoticias","32":"tag-violaciones","33":"tag-violaciones-multiples","34":"tag-violencia-genero","35":"tag-violencia-machista","36":"tag-violencia-sexual"},"share_on_mastodon":{"url":"","error":"Validation failed: Text character limit of 500 exceeded"},"_links":{"self":[{"href":"https:\/\/www.europesays.com\/es\/wp-json\/wp\/v2\/posts\/265985","targetHints":{"allow":["GET"]}}],"collection":[{"href":"https:\/\/www.europesays.com\/es\/wp-json\/wp\/v2\/posts"}],"about":[{"href":"https:\/\/www.europesays.com\/es\/wp-json\/wp\/v2\/types\/post"}],"author":[{"embeddable":true,"href":"https:\/\/www.europesays.com\/es\/wp-json\/wp\/v2\/users\/2"}],"replies":[{"embeddable":true,"href":"https:\/\/www.europesays.com\/es\/wp-json\/wp\/v2\/comments?post=265985"}],"version-history":[{"count":0,"href":"https:\/\/www.europesays.com\/es\/wp-json\/wp\/v2\/posts\/265985\/revisions"}],"wp:featuredmedia":[{"embeddable":true,"href":"https:\/\/www.europesays.com\/es\/wp-json\/wp\/v2\/media\/265986"}],"wp:attachment":[{"href":"https:\/\/www.europesays.com\/es\/wp-json\/wp\/v2\/media?parent=265985"}],"wp:term":[{"taxonomy":"category","embeddable":true,"href":"https:\/\/www.europesays.com\/es\/wp-json\/wp\/v2\/categories?post=265985"},{"taxonomy":"post_tag","embeddable":true,"href":"https:\/\/www.europesays.com\/es\/wp-json\/wp\/v2\/tags?post=265985"}],"curies":[{"name":"wp","href":"https:\/\/api.w.org\/{rel}","templated":true}]}}