{"id":266007,"date":"2025-12-01T19:58:10","date_gmt":"2025-12-01T19:58:10","guid":{"rendered":"https:\/\/www.europesays.com\/es\/266007\/"},"modified":"2025-12-01T19:58:10","modified_gmt":"2025-12-01T19:58:10","slug":"el-carnaval-de-cadiz-2026-ya-tiene-a-sus-antifaces-de-oro","status":"publish","type":"post","link":"https:\/\/www.europesays.com\/es\/266007\/","title":{"rendered":"El Carnaval de C\u00e1diz 2026 ya tiene a sus Antifaces de Oro"},"content":{"rendered":"<p class=\"paragraph-atom&#10;        &#10;        B-510-400-550-N B-525-400-700-N--md&#10;        &#10;        \">\n    La Asamblea Honoraria de Antifaces de Oro, reunida en la tarde de este lunes, ha dado a conocer sus propuestas para la concesi\u00f3n de este galard\u00f3n en el Carnaval de C\u00e1diz 2026, premiando as\u00ed a todo una vida dedicada a la fiesta gaditana.\n    <\/p>\n<p class=\"paragraph-atom&#10;        &#10;        B-510-400-550-N B-525-400-700-N--md&#10;        &#10;        \">\n    As\u00ed, en el apartado de autores el elegido es Jos\u00e9 Manuel S\u00e1nchez Reyes, que ha sido letrista desde 1988 de numerosas chirigotas y coros de La Salle Vi\u00f1a. Comenz\u00f3 en 1988 con la chirigota juvenil &#8216;Si te he visto no me acuerdo&#8217;. Su primera final en adultos fue la de 1994 en coautor\u00eda de letra con Carapalo, sacando la chirigota &#8216;Dios dijo hermanos, pero no primos&#8217;. Luego se uni\u00f3 a Yuyu para hacer &#8216;Los \u00faltimos en enterarse&#8217; y &#8216;Los bordes del \u00e1rea&#8217;, antes de alcanzar el <strong>primer premio de coros con La Salle Vi\u00f1a en &#8216;El habla de C\u00e1diz&#8217; (1997<\/strong>). Le siguieron chirigotas como &#8216;Club de fans de Estrellita Castro&#8217;, &#8216;Los veteranos del Vietnam&#8217; o &#8216;Los monstruos de pueblo&#8217;. Particip\u00f3 en &#8216;Los de gris&#8217;, primer premio de 2013, y luego con Manolo Santander hizo chirigotas como &#8216;La maldici\u00f3n de la lapa negra&#8217;. Con su hijo Manol\u00edn y Carlos P\u00e9rez fue primer y segundo premio con &#8216;La misi\u00f3n&#8217; y &#8216;Los vi\u00f1anos&#8217;, respectivamente.\n    <\/p>\n<p class=\"paragraph-atom&#10;        &#10;        B-510-400-550-N B-525-400-700-N--md&#10;        &#10;        \">\n    En cuanto a los Antifaces de Oro para los componentes, uno de ellos recae en el chirigotero Julio \u00c1lvarez, un carnavalero que ha tocado las cuatro modalidades, comenzando en coros con Juan Antonio Lamas a mediados de los 90 y alcanzando su primera final como componente de la comparsa de los \u00c1lc\u00e1ntara \u2018Taller de melod\u00edas\u2019 (1995). Tambi\u00e9n sali\u00f3 en el coro de La Salle Vi\u00f1a antes de enrolarse en chirigotas como \u2018Los panteras\u2019, \u2018Vota PICHA\u2019, \u2018Los veteranos del Vietnam\u2019, \u2018Golfus de Roma\u2019 o \u2018Robins\u00f3n de la Isla\u2019, todas ellas finalistas. <strong>Ya como director obtiene el primer premio en 2008 y 2009 con \u2018Las pito-risas\u2019 y \u2018Sal\u00f3n de Belleza El Tijeritas\u2019, respectivamente<\/strong>. Actualmente forma parte de la chirigota de los Villegas, siendo primer premio en 2024 con \u2018Los exageraos\u2019.\n    <\/p>\n<p class=\"paragraph-atom&#10;        &#10;        B-510-400-550-N B-525-400-700-N--md&#10;        &#10;        \">\n    Tambi\u00e9n recibir\u00e1 el premio el comparsista  Francisco Joaqu\u00edn Fern\u00e1ndez &#8216;Sito&#8217; ,<strong> componente de comparsas de Tino Tovar<\/strong> como &#8216;Tic-Tac&#8217;, &#8216;Juana la loca&#8217;, &#8216;Los del a\u00f1o catapum&#8217;, &#8216;El Creador&#8217;, &#8216;Los gadiritas&#8217; o &#8216;La canci\u00f3n de C\u00e1diz&#8217;. Igualmente form\u00f3 parte de chirigotas como &#8216;Vota PICHA&#8217; y comparsas como &#8216;La cuadrilla&#8217;. Es un gran entusiasta de la cantera, compartiendo con Jos\u00e9 Juan Pastrana la autor\u00eda de chirigotas juveniles.\n    <\/p>\n<p class=\"paragraph-atom&#10;        &#10;        B-510-400-550-N B-525-400-700-N--md&#10;        &#10;        \">\n    Sebasti\u00e1n Gonz\u00e1lez &#8216;Chano El Bombista&#8217; es otro de los elegidos. Se inici\u00f3 en la chirigota \u2018Los hippies\u2019 (1968) y sali\u00f3 luego en agrupaciones como \u2018Los ribere\u00f1os gaditanos\u2019 (1972), \u2018Espa\u00f1a y ol\u00e9\u2019 (1976) o las chirigotas de Fletilla, ambas primeros premios, \u2018Los de la madre pelusa\u2019 (1978) y \u2018Los mulilleros de Cai\u2019 (1979). Luego llegaron grandes comparsas como <strong>\u2018Charlatanes de feria\u2019 (1981),<\/strong> \u2018Voces negras\u2019 (1982), \u2018Agua clara\u2019 (1983), \u2018Hombres azules\u2019 (1985), \u2018Orfebres\u2019 (1986) o \u2018Suspiros de Cai\u2019 (1992).\n    <\/p>\n<p class=\"paragraph-atom&#10;        &#10;        B-510-400-550-N B-525-400-700-N--md&#10;        &#10;        \">\n    <strong>Mercedes Lamas estrenar\u00e1 el Antifaz de Oro anual que la Asamblea conceder\u00e1 a partir de ahora a una mujer<\/strong>, sucediendo as\u00ed a la \u00fanica que lo ten\u00eda hasta ahora: Adela del Moral. Siempre tocando la bandurria, su primera agrupaci\u00f3n fue el coro de su padre, Juan Antonio Lamas, &#8216;La inquisici\u00f3n&#8217;, finalista en 1992, saliendo en otros muchos con su progenitor como &#8216;El ventorrillo&#8217;, segundo premio en 1999, &#8216;Calle nueva&#8217;  o &#8216;El balneario de la Palma y del Real&#8217;. Form\u00f3 parte de coros de Francis Sevilla Pecci como &#8216;El patio de mi casa&#8217; o &#8216;Los hijos del 78&#8217;. En los \u00faltimos a\u00f1os ha salido en el Coro de Los Ni\u00f1os, desde &#8216;El diablo se viste de coro&#8217; hasta &#8216;La desafinada&#8217;.\n    <\/p>\n<p class=\"paragraph-atom&#10;        &#10;        B-510-400-550-N B-525-400-700-N--md&#10;        &#10;        \">\n    Se conceden dos Antifaces a t\u00edtulo p\u00f3stumo. Uno de ellos para Juan Fern\u00e1ndez Elena &#8216;El Tojo&#8217;, recordado comparsista que se inici\u00f3 en coros de Puerto Real y que fue <strong>componente de destacadas comparsas como &#8216;Espa\u00f1a la nueva&#8217;, &#8216;Los soldaditos&#8217; , &#8216;Suspiros de Cai&#8217; ,<\/strong> &#8216;Charr\u00faas&#8217;, &#8216;Noche de Falla&#8217;, Pulchinela&#8217;, o &#8216;El legado Andalus\u00ed&#8217;, con la que se despidi\u00f3 del Carnaval.\n    <\/p>\n<p class=\"paragraph-atom&#10;        &#10;        B-510-400-550-N B-525-400-700-N--md&#10;        &#10;        \">\n    El otro galard\u00f3n p\u00f3stumo es para Antonio G\u00f3mez &#8216;Chicuelo&#8217;, que fuera en sus primeros a\u00f1os cuartetero, por ejemplo en &#8216;El show de Lola Coliflores&#8217; (1983) y que durante muchos a\u00f1os fue <strong>postulante de la comparsa que dirig\u00eda su hermano, \u00c1ngel Subiela<\/strong>. Lo hizo desde 1988 con &#8216;Entre tus brazos&#8217; y luego llegaron grandes agrupaciones como &#8216;Los piratas&#8217;, &#8216;El brujo&#8217;, &#8216;Los templarios&#8217;, &#8216;La trinchera&#8217;, &#8216;Los condenaos&#8217; o &#8216;Los \u00e1ngeles ca\u00eddos&#8217;\n    <\/p>\n","protected":false},"excerpt":{"rendered":"La Asamblea Honoraria de Antifaces de Oro, reunida en la tarde de este lunes, ha dado a conocer&hellip;\n","protected":false},"author":2,"featured_media":266008,"comment_status":"","ping_status":"","sticky":false,"template":"","format":"standard","meta":{"footnotes":""},"categories":[91],"tags":[3076,65841,2193,18200,146,147,25,24,3371,23],"class_list":{"0":"post-266007","1":"post","2":"type-post","3":"status-publish","4":"format-standard","5":"has-post-thumbnail","7":"category-entretenimiento","8":"tag-3076","9":"tag-antifaces","10":"tag-cadiz","11":"tag-carnaval","12":"tag-entertainment","13":"tag-entretenimiento","14":"tag-es","15":"tag-espana","16":"tag-oro","17":"tag-spain"},"share_on_mastodon":{"url":"https:\/\/pubeurope.com\/@es\/115646084349629008","error":""},"_links":{"self":[{"href":"https:\/\/www.europesays.com\/es\/wp-json\/wp\/v2\/posts\/266007","targetHints":{"allow":["GET"]}}],"collection":[{"href":"https:\/\/www.europesays.com\/es\/wp-json\/wp\/v2\/posts"}],"about":[{"href":"https:\/\/www.europesays.com\/es\/wp-json\/wp\/v2\/types\/post"}],"author":[{"embeddable":true,"href":"https:\/\/www.europesays.com\/es\/wp-json\/wp\/v2\/users\/2"}],"replies":[{"embeddable":true,"href":"https:\/\/www.europesays.com\/es\/wp-json\/wp\/v2\/comments?post=266007"}],"version-history":[{"count":0,"href":"https:\/\/www.europesays.com\/es\/wp-json\/wp\/v2\/posts\/266007\/revisions"}],"wp:featuredmedia":[{"embeddable":true,"href":"https:\/\/www.europesays.com\/es\/wp-json\/wp\/v2\/media\/266008"}],"wp:attachment":[{"href":"https:\/\/www.europesays.com\/es\/wp-json\/wp\/v2\/media?parent=266007"}],"wp:term":[{"taxonomy":"category","embeddable":true,"href":"https:\/\/www.europesays.com\/es\/wp-json\/wp\/v2\/categories?post=266007"},{"taxonomy":"post_tag","embeddable":true,"href":"https:\/\/www.europesays.com\/es\/wp-json\/wp\/v2\/tags?post=266007"}],"curies":[{"name":"wp","href":"https:\/\/api.w.org\/{rel}","templated":true}]}}