{"id":266020,"date":"2025-12-01T20:12:12","date_gmt":"2025-12-01T20:12:12","guid":{"rendered":"https:\/\/www.europesays.com\/es\/266020\/"},"modified":"2025-12-01T20:12:12","modified_gmt":"2025-12-01T20:12:12","slug":"el-primer-partido-de-la-real-sociedad-en-2026-sera-un-llenazo-nocturno-en-anoeta","status":"publish","type":"post","link":"https:\/\/www.europesays.com\/es\/266020\/","title":{"rendered":"El primer partido de la Real Sociedad en 2026 ser\u00e1 un llenazo nocturno en Anoeta"},"content":{"rendered":"<p>Uno de los partidos m\u00e1s esperados por la afici\u00f3n de la Real Sociedad ya tiene fecha y hora. El Atl\u00e9tico de Madrid visitar\u00e1 Anoeta el  &#8230; 4 de enero de 2026 a las 21.00 horas, en lo que ser\u00e1 el primer partido del nuevo a\u00f1o. Con casi total seguridad, supondr\u00e1 la primera gran entrada del estadio de la Real en 2026.<\/p>\n<p class=\"v-p\">El cuadro colchonero llegar\u00e1 al duelo con la mente en otro lado. Y es que cuatro d\u00edas despu\u00e9s, el 8 de enero, disputar\u00e1 la semifinal de la Supercopa de Espa\u00f1a en Arabia Saud\u00ed ante su archienemigo, el Real Madrid. La Real, que deber\u00e1 seguir su mejor\u00eda en el mes que queda para el encuentro, podr\u00eda aprovechar la coyuntura para meter mano a un equipo que no se le da especialmente bien en casa, sobre todo desde la reconstrucci\u00f3n de Anoeta.<\/p>\n<p class=\"v-p\">Desde que se eliminaron las pistas del estadio de la Real en la 2018\/19, el Atl\u00e9tico de Madrid ha ganado en cuatro ocasiones y en otras dos ha conseguido sacar un empate. Solo dos enfrentamientos se han saldado con victoria realista, siendo uno de ellos una eliminatoria copera disputada en v\u00edsperas del D\u00eda de San Sebasti\u00e1n.<\/p>\n<p>El d\u00eda de Sucic<\/p>\n<p class=\"v-p\">Precisamente uno de esos envites en los que el Atl\u00e9tico de Madrid no gan\u00f3 en Anoeta fue la temporada pasada, en un encuentro que termin\u00f3 en 1-1. Aquel d\u00eda, en octubre de la temporada pasada, se produjo la primera gran noche de Luka Sucic con la Real Sociedad.<\/p>\n<p class=\"v-p\">El croata, que ya ven\u00eda de jugar muy bien ante el Real Madrid tras pasar el famoso periodo de visionado de v\u00eddeos de Imanol Alguacil, anot\u00f3 el que a la postre ser\u00eda el gol de la temporada en La Liga con un zapatazo lejano en el minuto 84 que asegur\u00f3 un punto para la Real.<\/p>\n","protected":false},"excerpt":{"rendered":"Uno de los partidos m\u00e1s esperados por la afici\u00f3n de la Real Sociedad ya tiene fecha y hora.&hellip;\n","protected":false},"author":2,"featured_media":266021,"comment_status":"","ping_status":"","sticky":false,"template":"","format":"standard","meta":{"footnotes":""},"categories":[268],"tags":[3076,29333,168,25,24,280,282,52776,5387,1045,977,798,281,492,23,167],"class_list":{"0":"post-266020","1":"post","2":"type-post","3":"status-publish","4":"format-standard","5":"has-post-thumbnail","7":"category-futbol","8":"tag-3076","9":"tag-anoeta","10":"tag-deportes","11":"tag-es","12":"tag-espana","13":"tag-football","14":"tag-futbol","15":"tag-llenazo","16":"tag-nocturno","17":"tag-partido","18":"tag-primer","19":"tag-real","20":"tag-soccer","21":"tag-sociedad","22":"tag-spain","23":"tag-sports"},"share_on_mastodon":{"url":"https:\/\/pubeurope.com\/@es\/115646139521622718","error":""},"_links":{"self":[{"href":"https:\/\/www.europesays.com\/es\/wp-json\/wp\/v2\/posts\/266020","targetHints":{"allow":["GET"]}}],"collection":[{"href":"https:\/\/www.europesays.com\/es\/wp-json\/wp\/v2\/posts"}],"about":[{"href":"https:\/\/www.europesays.com\/es\/wp-json\/wp\/v2\/types\/post"}],"author":[{"embeddable":true,"href":"https:\/\/www.europesays.com\/es\/wp-json\/wp\/v2\/users\/2"}],"replies":[{"embeddable":true,"href":"https:\/\/www.europesays.com\/es\/wp-json\/wp\/v2\/comments?post=266020"}],"version-history":[{"count":0,"href":"https:\/\/www.europesays.com\/es\/wp-json\/wp\/v2\/posts\/266020\/revisions"}],"wp:featuredmedia":[{"embeddable":true,"href":"https:\/\/www.europesays.com\/es\/wp-json\/wp\/v2\/media\/266021"}],"wp:attachment":[{"href":"https:\/\/www.europesays.com\/es\/wp-json\/wp\/v2\/media?parent=266020"}],"wp:term":[{"taxonomy":"category","embeddable":true,"href":"https:\/\/www.europesays.com\/es\/wp-json\/wp\/v2\/categories?post=266020"},{"taxonomy":"post_tag","embeddable":true,"href":"https:\/\/www.europesays.com\/es\/wp-json\/wp\/v2\/tags?post=266020"}],"curies":[{"name":"wp","href":"https:\/\/api.w.org\/{rel}","templated":true}]}}