{"id":266022,"date":"2025-12-01T20:13:11","date_gmt":"2025-12-01T20:13:11","guid":{"rendered":"https:\/\/www.europesays.com\/es\/266022\/"},"modified":"2025-12-01T20:13:11","modified_gmt":"2025-12-01T20:13:11","slug":"el-emotivo-mensaje-de-santiago-segura-tras-la-despedida-de-joaquin-sabina-fue-un-momento-extrano","status":"publish","type":"post","link":"https:\/\/www.europesays.com\/es\/266022\/","title":{"rendered":"El emotivo mensaje de Santiago Segura tras la despedida de Joaqu\u00edn Sabina: \u201cFue un momento extra\u00f1o\u201d"},"content":{"rendered":"<p class=\"\">Los \u00faltimos acordes del domingo en el Movistar Arena de Madrid dejaron hu\u00e9rfana a la m\u00fasica en directo espa\u00f1ola.<b> Joaqu\u00edn Sabina<\/b> puso fin a la gira<b> \u2018Hola y adi\u00f3s\u2019<\/b> y, agarrando su ic\u00f3nico sombrero, se despidi\u00f3 de las <b>12.000 personas<\/b> que colmaban el otrora Wizink Center y, al mismo tiempo, de la incontable cifra de oyentes que alguna vez disfrutaron con su m\u00fasica. En pocas palabras: <b>Sabina dio este domingo el \u00faltimo concierto de su vida.<\/b><\/p>\n<p class=\"\">\u00c9l era consciente de ello. As\u00ed lo anunci\u00f3 antes de arrancar el tour y, de la misma forma, lo repiti\u00f3 sobre la tarima.<b> \u201cEste concierto en Madrid es el \u00faltimo de mi vida y por tanto el m\u00e1s importante. El que en unos a\u00f1os recordar\u00e9 con m\u00e1s emoci\u00f3n\u201d<\/b>, pronunci\u00f3, expresando el enorme agradecimiento que siente al haber visto \u201ccrecer sus canciones\u201d, que<b> \u201cde un modo misterioso se han colado en la memoria sentimental de varias generaciones\u201d<\/b>.<\/p>\n<p>\u201cEspero que nos depare nuevas canciones\u201d<\/p>\n<p class=\"\">Entre el sinf\u00edn de personas que quedaron prendadas de sus versos, <b>Santiago Segura<\/b>. El actor y cineasta ha compartido una instant\u00e1nea del concierto a trav\u00e9s de X (Twitter, antes) con un emotivo mensaje que dedica al legendario cantautor. <b>\u201cAyer se despidi\u00f3 de los escenarios\u201d<\/b>, ha dejado por escrito; luego, se ha desangrado en tinta.<\/p>\n<blockquote class=\"twitter-tweet\">\n<p lang=\"es\" dir=\"ltr\">Ayer se despidi\u00f3 de los escenarios. <br \/>Y tras admirarle y ser fan suyo desde el principio de su carrera, de La Mandr\u00e1gora y sus primeras apariciones en TVE\u2026 verle decir adi\u00f3s fue un momento extra\u00f1o. <br \/>Espero que a\u00fan nos depare nuevas canciones y muchas sorpresas aunque nos deje sin\u2026 <a href=\"https:\/\/t.co\/b6gzNu5Vr0\" rel=\"nofollow\">pic.twitter.com\/b6gzNu5Vr0<\/a><\/p>\n<p>\u2014 Santiago Segura (@SSantiagosegura) <a href=\"https:\/\/twitter.com\/SSantiagosegura\/status\/1995508167908684199?ref_src=twsrc%5Etfw\" rel=\"nofollow noopener\" target=\"_blank\">December 1, 2025<\/a><\/p><\/blockquote>\n<p class=\"\"><b>\u201cY tras admirarle y ser fan suyo desde el principio de su carrera, de La Mandr\u00e1gora y sus primeras apariciones en TVE&#8230; Verle decir adi\u00f3s fue un momento extra\u00f1o\u201d<\/b>, ha expresado, todav\u00eda incr\u00e9dulo ante la idea de que no vuelva a ver su cara en el p\u00f3ster de anuncio de un concierto. Sabe que <b>el tiempo pesa<\/b>, pero, como tantos de sus seguidores, ha abierto la puerta a que no sea la \u00faltima vez que suene su voz detr\u00e1s del micr\u00f3fono: <b>\u201cEspero que a\u00fan nos depare nuevas canciones y muchas sorpresas, aunque nos deje sin sus conciertos\u201d.<\/b><\/p>\n<p>Noticias relacionadas<a href=\"https:\/\/as.com\/tikitakas\/virales\/el-recepcionista-de-un-hotel-cuenta-la-peticion-extrana-que-mas-le-suelen-hacer-los-clientes-por-muy-raro-que-os-parezca-f202512-n\/\" class=\"s_m_w\" title=\"El creador de contenido \u2018Parody Hotel\u2019 ha revelado las propuestas m\u00e1s surrealista y frecuentes de los que se hospedan en el lugar donde trabaja.\" data-tb-link=\"\" rel=\"nofollow noopener\" target=\"_blank\"><img decoding=\"async\" src=\"https:\/\/www.europesays.com\/es\/wp-content\/uploads\/2025\/12\/OB6YC7ITKBGR3IYXIVKS2MRGUE.jpg\" alt=\"El recepcionista de un hotel cuenta la petici\u00f3n extra\u00f1a que m\u00e1s le suelen hacer los clientes: \u201cPor muy raro que os parezca\u201d\" class=\"\" height=\"9\" width=\"16\"   loading=\"lazy\" data-tb-thumbnail=\"\"\/><\/a><a href=\"https:\/\/as.com\/tikitakas\/salud\/alvaro-fernandez-farmaceutico-lo-voy-a-repetir-tantas-veces-como-haga-falta-andar-descalzo-no-resfria-f202512-n\/\" class=\"s_m_w\" title=\"La ciencia lleva d\u00e9cadas desmontando este mito, ya que los virus respiratorios no entran por los pies, sino que se contagian por la tos, los estornudos\u2026\" data-tb-link=\"\" rel=\"nofollow noopener\" target=\"_blank\"><img decoding=\"async\" src=\"https:\/\/www.europesays.com\/es\/wp-content\/uploads\/2025\/12\/VSGZILKDTFFO3GKJ545EB6NLN4.jpg\" alt=\"\u00c1lvaro Fern\u00e1ndez, farmac\u00e9utico: \u201cLo voy a repetir tantas veces como haga falta: andar descalzo no resfr\u00eda\u201d\" class=\"\" height=\"9\" width=\"16\"   loading=\"lazy\" data-tb-thumbnail=\"\"\/><\/a><\/p>\n<p class=\"\">Los comentarios a esta publicaci\u00f3n se han llenado de <b>peticiones para que Sabina aparezca en <\/b><b>Torrente <\/b>y de recuerdos que otros usuarios, como Santiago, tienen de un artista transgeneracional; uno de los pocos que, al salir del Movistar Arena, deja<b> una aportaci\u00f3n de patrimonio incalculable <\/b>a la m\u00fasica patria y, al mismo tiempo, hu\u00e9rfano a su directo.<\/p>\n<p class=\"\"><b>\u00a1Tus opiniones importan!<\/b> Comenta en los art\u00edculos y suscr\u00edbete gratis a nuestra <a href=\"https:\/\/asfan.as.com\/newsletters\/\" target=\"_blank\" rel=\"nofollow noopener\" title=\"https:\/\/asfan.as.com\/newsletters\/\">newsletter<\/a> y a las alertas informativas en la <a href=\"https:\/\/as.com\/aplicacion-de-as-n\/\" target=\"_blank\" rel=\"nofollow noopener\" title=\"https:\/\/as.com\/aplicacion-de-as-n\/\">App<\/a> o el canal de <a href=\"https:\/\/www.whatsapp.com\/channel\/0029VaAasdA7j6g745nz9M10\" target=\"_blank\" rel=\"nofollow noopener\" title=\"https:\/\/www.whatsapp.com\/channel\/0029VaAasdA7j6g745nz9M10\">WhatsApp<\/a>. \u00bfBuscas licenciar contenido? Haz clic <a href=\"https:\/\/profesional.elpais.com\/soluciones-sindicacion?utm_medium=interno&amp;utm_source=crosslinking&amp;utm_campaign=sindicacion_as_pie_articulos\" target=\"_blank\" rel=\"nofollow noopener\" title=\"https:\/\/profesional.elpais.com\/soluciones-sindicacion?utm_medium=interno&amp;utm_source=crosslinking&amp;utm_campaign=sindicacion_as_pie_articulos\">aqu\u00ed<\/a><\/p>\n<p><script async src=\"https:\/\/platform.twitter.com\/widgets.js\" charset=\"utf-8\"><\/script><\/p>\n","protected":false},"excerpt":{"rendered":"Los \u00faltimos acordes del domingo en el Movistar Arena de Madrid dejaron hu\u00e9rfana a la m\u00fasica en directo&hellip;\n","protected":false},"author":2,"featured_media":266023,"comment_status":"","ping_status":"","sticky":false,"template":"","format":"standard","meta":{"footnotes":""},"categories":[174],"tags":[255,146,147,25,24,256,23],"class_list":{"0":"post-266022","1":"post","2":"type-post","3":"status-publish","4":"format-standard","5":"has-post-thumbnail","7":"category-famosos","8":"tag-celebrities","9":"tag-entertainment","10":"tag-entretenimiento","11":"tag-es","12":"tag-espana","13":"tag-famosos","14":"tag-spain"},"share_on_mastodon":{"url":"https:\/\/pubeurope.com\/@es\/115646144175430482","error":""},"_links":{"self":[{"href":"https:\/\/www.europesays.com\/es\/wp-json\/wp\/v2\/posts\/266022","targetHints":{"allow":["GET"]}}],"collection":[{"href":"https:\/\/www.europesays.com\/es\/wp-json\/wp\/v2\/posts"}],"about":[{"href":"https:\/\/www.europesays.com\/es\/wp-json\/wp\/v2\/types\/post"}],"author":[{"embeddable":true,"href":"https:\/\/www.europesays.com\/es\/wp-json\/wp\/v2\/users\/2"}],"replies":[{"embeddable":true,"href":"https:\/\/www.europesays.com\/es\/wp-json\/wp\/v2\/comments?post=266022"}],"version-history":[{"count":0,"href":"https:\/\/www.europesays.com\/es\/wp-json\/wp\/v2\/posts\/266022\/revisions"}],"wp:featuredmedia":[{"embeddable":true,"href":"https:\/\/www.europesays.com\/es\/wp-json\/wp\/v2\/media\/266023"}],"wp:attachment":[{"href":"https:\/\/www.europesays.com\/es\/wp-json\/wp\/v2\/media?parent=266022"}],"wp:term":[{"taxonomy":"category","embeddable":true,"href":"https:\/\/www.europesays.com\/es\/wp-json\/wp\/v2\/categories?post=266022"},{"taxonomy":"post_tag","embeddable":true,"href":"https:\/\/www.europesays.com\/es\/wp-json\/wp\/v2\/tags?post=266022"}],"curies":[{"name":"wp","href":"https:\/\/api.w.org\/{rel}","templated":true}]}}