{"id":266024,"date":"2025-12-01T20:14:11","date_gmt":"2025-12-01T20:14:11","guid":{"rendered":"https:\/\/www.europesays.com\/es\/266024\/"},"modified":"2025-12-01T20:14:11","modified_gmt":"2025-12-01T20:14:11","slug":"las-esculturas-del-portico-de-la-gloria-en-manos-de-la-familia-franco-ya-estan-en-santiago-la-voz-de-galicia","status":"publish","type":"post","link":"https:\/\/www.europesays.com\/es\/266024\/","title":{"rendered":"Las esculturas del p\u00f3rtico de la Gloria en manos de la familia Franco ya est\u00e1n en Santiago &#8211; La Voz de Galicia"},"content":{"rendered":"<ol>\n<li><a href=\"https:\/\/news.google.com\/rss\/articles\/CBMi5AFBVV95cUxOSzl6bmJwanVlN2p5ZXZuUkUyX2hBQTNYc1VDdWJ2S1pLaXhIU2EyNEpTc2NGN21pSGF4cjNuek9xY1htalFxTW1JY1RLY0dHM0FEWDhvNWdKMlduX280QkVqaU5xb3ZXdjNZajJMOEdHOEk1SHVpMGdjNmloU0NpOFd1ZjRhNU5EcFluTlV4emZuWHpTRVplS1R3TGVXMzJUbnloRDR1MHZMTVVBUl9YZkcxUEhIMnl1djNRVEJzR3JadjlZY21fXzU5U0pJNXgzUzZiVjVleTk5cTNBTXJYZEFPR0fSAYACQVVfeXFMTzNUUXVocUFtdE5HOWFHSFZkY082bWlCVk9LYjBOMEI1cEtRdVhQbDZFMmdFTU1JaDYzeUpodVVSTUp1VHRENWd1U1FkVlk1dl82ZVJaZG5MNmJwVF9Gd0U5XzlOamhTNFhObXNraEdwMXRJdlFRN2tEVVhnWS1IcGNid0VyTVVmakZNUVJXa0N0SUxodHE2bUF3TDRrb2NfaUhwN0N4WDBETGFKTGVLRUczYURHU2NTRkt6cjZSREpwN0FLaXJrVFJyUnQzeVZmLUFtREtXNGV0YU9vc29mR2xIc25CVUgzQk1WM3ZQMEthQU9RcFNkMEF2SlotUGMybA?oc=5\" target=\"_blank\" rel=\"nofollow noopener\">Las esculturas del p\u00f3rtico de la Gloria en manos de la familia Franco ya est\u00e1n en Santiago<\/a>&nbsp;&nbsp;La Voz de Galicia<\/li>\n<li><a href=\"https:\/\/news.google.com\/rss\/articles\/CBMivgFBVV95cUxQUGRUYlZONmgxTUdTMTZ5SllSTERLVHQ0YTlCYzZGM0k2YmZCcTdFT2RqbVN0MTdFa25VaWpVak14RG5hZkR6aldtbXV1dmNTb2pGSHVVY3hBLS1sN2lENzYxQzdid3dGMW54elc0d3hWVTl5MkNnOTdVWThpLVpoNE1JSTQyZVBsekRLNDhVZHlmdnBoZ3VadnNTdGJBQ1V0bENXZ1NEVXJBdzQ1aFdURDFic0dLX3MtSWxkdTRn?oc=5\" target=\"_blank\" rel=\"nofollow noopener\">D\u00eda hist\u00f3rico: las estatuas del P\u00f3rtico de la Gloria expoliadas por los Franco regresan a Santiago<\/a>&nbsp;&nbsp;elDiario.es<\/li>\n<li><a href=\"https:\/\/news.google.com\/rss\/articles\/CBMiswFBVV95cUxNek5sUThESENCS21za1k1Y2J6bWxLVmp3T0poc1MzVTNvckJFYUlUZjMxUm9mT25mV1J1a25SYkpuMHdRMTVJbWNpR3NEdEViOFpaREx1UGlzNVFMYjFqblE1MVk2MkVFa0ljanBqM2t6TGpYSEhCVkUydi1BZzVhUU02VVZOcVJkSHFiRHVpZGtCQThKTTV6TE5IZWFjdFlqdWdVbV8yRkFhcGN6eS1IcWNzd9IBuAFBVV95cUxQYnJrNnBLbXFRMXU2UWgzR3NUVXV0LXFFQktIRU0yQWc5bjlKOWIyU3kxbEQ0OWVKb0FuT0N5UWNRZTRRT2JsLTRzVkRyS0VuVXJJMWV1blBVbEZJR2FUM2g0NjQ0eGNkNlhZbDdoSFZENFdPM2g0NkFCRTFYYWh2NEtsa1lHVm9ZM2ZjeGI1b3JfZ01kbk1sYTZHZGJITllZaGZGREpzX3FQQTA3Q2tsNmxsbHl4WUNY?oc=5\" target=\"_blank\" rel=\"nofollow noopener\">La familia Franco devuelve las dos estatuas expoliadas a la catedral de Santiago de Compostela<\/a>&nbsp;&nbsp;Diario P\u00fablico<\/li>\n<li><a href=\"https:\/\/news.google.com\/rss\/articles\/CBMikgFBVV95cUxQYVdmSmExbUEzdUV6MVkzazc2TDNBSm5qVXRDX1pObVRpTzRMZlNBNjU5N2wtTWc1dlNPMl9nbHJVODlaV3l0NGJrU0l4Tlo1ZDR2WS1qeXdHRktJZmxBVlpVbkdaUUN1RlVlc21RS1NEVnZPU1dmSEVUcWJKZ2NBTWJVWU1MallpT0FiUlBGblpGdw?oc=5\" target=\"_blank\" rel=\"nofollow noopener\">Las estatuas de Abraham e Isaac ya est\u00e1n en Santiago<\/a>&nbsp;&nbsp;ABC<\/li>\n<li><a href=\"https:\/\/news.google.com\/rss\/articles\/CBMiVEFVX3lxTE41dlR0M281dVdXUDRNS19HRWg3WHpGbTBSRFpGcmwzcWFmSXUtQ0p5RjVhbWNCXzBLc1hzNlpzUEZkd2F2UzQwT0VyWF9sLWVjbjdvRg?oc=5\" target=\"_blank\" rel=\"nofollow noopener\">Goretti Sanmart\u00edn: \u00abEs un d\u00eda hist\u00f3rico, una victoria de la democracia\u00bb<\/a>&nbsp;&nbsp;Cadena SER<\/li>\n<\/ol>\n","protected":false},"excerpt":{"rendered":"Las esculturas del p\u00f3rtico de la Gloria en manos de la familia Franco ya est\u00e1n en Santiago&nbsp;&nbsp;La Voz&hellip;\n","protected":false},"author":2,"featured_media":266025,"comment_status":"","ping_status":"","sticky":false,"template":"","format":"standard","meta":{"footnotes":""},"categories":[173],"tags":[229,233,231,230,232,234,146,147,25,24,62950,30524,23],"class_list":{"0":"post-266024","1":"post","2":"type-post","3":"status-publish","4":"format-standard","5":"has-post-thumbnail","7":"category-arte-y-diseno","8":"tag-arte","9":"tag-arte-y-diseno","10":"tag-arts","11":"tag-arts-and-design","12":"tag-design","13":"tag-diseno","14":"tag-entertainment","15":"tag-entretenimiento","16":"tag-es","17":"tag-espana","18":"tag-goretti-sanmartin","19":"tag-santiago-ciudad","20":"tag-spain"},"share_on_mastodon":{"url":"https:\/\/pubeurope.com\/@es\/115646147027218425","error":""},"_links":{"self":[{"href":"https:\/\/www.europesays.com\/es\/wp-json\/wp\/v2\/posts\/266024","targetHints":{"allow":["GET"]}}],"collection":[{"href":"https:\/\/www.europesays.com\/es\/wp-json\/wp\/v2\/posts"}],"about":[{"href":"https:\/\/www.europesays.com\/es\/wp-json\/wp\/v2\/types\/post"}],"author":[{"embeddable":true,"href":"https:\/\/www.europesays.com\/es\/wp-json\/wp\/v2\/users\/2"}],"replies":[{"embeddable":true,"href":"https:\/\/www.europesays.com\/es\/wp-json\/wp\/v2\/comments?post=266024"}],"version-history":[{"count":0,"href":"https:\/\/www.europesays.com\/es\/wp-json\/wp\/v2\/posts\/266024\/revisions"}],"wp:featuredmedia":[{"embeddable":true,"href":"https:\/\/www.europesays.com\/es\/wp-json\/wp\/v2\/media\/266025"}],"wp:attachment":[{"href":"https:\/\/www.europesays.com\/es\/wp-json\/wp\/v2\/media?parent=266024"}],"wp:term":[{"taxonomy":"category","embeddable":true,"href":"https:\/\/www.europesays.com\/es\/wp-json\/wp\/v2\/categories?post=266024"},{"taxonomy":"post_tag","embeddable":true,"href":"https:\/\/www.europesays.com\/es\/wp-json\/wp\/v2\/tags?post=266024"}],"curies":[{"name":"wp","href":"https:\/\/api.w.org\/{rel}","templated":true}]}}