{"id":266026,"date":"2025-12-01T20:16:16","date_gmt":"2025-12-01T20:16:16","guid":{"rendered":"https:\/\/www.europesays.com\/es\/266026\/"},"modified":"2025-12-01T20:16:16","modified_gmt":"2025-12-01T20:16:16","slug":"rtve-premia-con-27-millones-a-la-productora-de-un-empresario-que-fue-investigado-por-tsunami","status":"publish","type":"post","link":"https:\/\/www.europesays.com\/es\/266026\/","title":{"rendered":"RTVE premia con 2,7 millones a la productora de un empresario que fue investigado por Tsunami"},"content":{"rendered":"<p style=\"\">La direcci\u00f3n de RTVE, bajo la batuta del presidente de la corporaci\u00f3n,<strong> Jos\u00e9 Pablo L\u00f3pez,<\/strong> destinar\u00e1 2,7 millones de euros (m\u00e1s IVA) a la elaboraci\u00f3n de <a href=\"https:\/\/www.abc.es\/play\/television\/noticias\/jose-luis-sastre-presentara-juicio-tve-dar-20251128140330-nt.html\" target=\"_self\" data-voc-vtm-id=\"in-text-traffic\" title=\"&#039;El juicio&#039;, el nuevo programa que presentar\u00e1 el periodista Jos\u00e9 Luis Sastre en La 1,\" data-mrf-link=\"www.abc.es\" rel=\"nofollow noopener\">&#8216;El juicio&#8217;, el nuevo programa que presentar\u00e1 el periodista Jos\u00e9 Luis Sastre en La 1,<\/a>  &#8230; seg\u00fan han confirmado fuentes del ente a ABC. El programa lo coproducir\u00e1 Abacus, un &#8216;holding&#8217; que incluye una divisi\u00f3n audiovisual, que dirige <strong>Oriol Soler,<\/strong> uno de los empresarios investigados por terrorismo en la Audiencia Nacional por sus v\u00ednculos con Tsunami Democr\u00e0tic. Soler fue exonerado de la causa por un defecto de forma en la fase de instrucci\u00f3n.<\/p>\n<p class=\"voc-p\" style=\"\">RTVE inform\u00f3 el viernes de que se estrenar\u00e1 un nuevo programa <strong>en &#8216;prime time&#8217;<\/strong> con un formato \u00abcon el ritual de un juicio\u00bb y abordando \u00abtemas sociales y asuntos que preocupan a la ciudadan\u00eda espa\u00f1ola\u00bb. El ejemplo a seguir es el espacio emitido entre 1989 y 1991 llamado &#8216;Tribunal Popular&#8217; y que sigue el formato aproximado de la fase oral de un juicio. \u00abUn jurado popular dar\u00e1 su veredicto sobre uno de los grandes debates sociales que vive el pa\u00eds\u00bb, se inform\u00f3 la semana pasada desde el ente p\u00fablico. Sin dar m\u00e1s detalle del coste supondr\u00e1 para RTVE.<\/p>\n<p class=\"voc-p\" style=\"\">Los 2,7 millones de euros (m\u00e1s IVA) se destinar\u00e1n a producir <strong>ocho programas a emitir uno por semana<\/strong> y se ha encargado a la empresa Abacus. Una empresa cuyo director general estuvo vinculado con las movilizaciones violentas del &#8216;proc\u00e9s&#8217; y por lo que estuvo procesado en la Audiencia Nacional. Seg\u00fan la investigaci\u00f3n judicial, <a href=\"https:\/\/www.abc.es\/espana\/abci-caida-oriol-soler-enlace-independentismo-julian-assange-202010281737_noticia.html\" target=\"_self\" data-voc-vtm-id=\"in-text-traffic\" title=\"Soler fue el creador del chat en Telegram\" data-mrf-link=\"www.abc.es\" rel=\"nofollow noopener\">Soler fue el creador del chat en Telegram<\/a> por el que se comunicaban los supuestos cabecillas de Tsunami Democr\u00e0tic que, entre otras acciones, prepararon el colapso del aeropuerto de Barcelona y el bloqueo de un partido de f\u00fatbol entre el F. C. Barcelona y el Real Madrid.<\/p>\n<p class=\"voc-p\" style=\"\">Pero, sobre todo, desde <a href=\"https:\/\/www.abc.es\/espana\/catalunya\/abci-madi-sole-alay-empresarios-nacionalistas-detenidos-financiar-tsunami-democratic-202010281055_noticia.html#vca=modulo&amp;vso=abc&amp;vmc=noticias-rel&amp;vli=espana\" target=\"_self\" data-voc-vtm-id=\"in-text-traffic\" title=\"Tsunami\" data-mrf-link=\"www.abc.es\" rel=\"nofollow noopener\">Tsunami<\/a> se coordinaron los cortes de las principales carreteras que unen Espa\u00f1a con Francia y las protestas de la plaza de Urquinaona con el asedio a la comisar\u00eda de v\u00eda Layetana de Barcelona (que dejaron varios polic\u00edas heridos de gravedad) tras conocer la sentencia del Tribunal Supremo a los l\u00edderes del &#8216;proc\u00e9s&#8217;, que luego fueron indultados y amnistiados. La causa judicial de Soler, en la que tambi\u00e9n estaban involucrados, entre otros, <strong>Carles Puigdemont (Junts), Marta Rovira (ERC), Xavier Vendrell (ERC)<\/strong> y <strong>Ruben Wagensberg (ERC)<\/strong> se archiv\u00f3 en 2024 por un error procesal del juez de la Audiencia Nacional.<\/p>\n<p class=\"voc-p\" style=\"\">Soler, <a href=\"https:\/\/www.abc.es\/cultura\/libros\/jaume-roures-alia-abacus-comprar-sellos-editoriales-20240117171903-nt.html\" target=\"_self\" data-voc-vtm-id=\"in-text-traffic\" title=\"aliado con Jaume Roures en un proyecto editorial,\" data-mrf-link=\"www.abc.es\" rel=\"nofollow noopener\">aliado con Jaume Roures en un proyecto editorial,<\/a> est\u00e1 al frente de una empresa, Abacus (creada en 1968 bajo la f\u00f3rmula cooperativista), que ha recibido <strong>alrededor de 13 millones de euros de la Corporaci\u00f3n Catalana de Medios Audiovisuales (CCMA),<\/strong> el ente p\u00fablico que engloba a TV3 y Catalunya R\u00e0dio, principalmente, en los \u00faltimos cuatro a\u00f1os. En 2025 van unos 3,5 millones de euros, seg\u00fan adelant\u00f3 hace unos d\u00edas &#8216;Cr\u00f3nica Global&#8217;. Ahora, Abacus y Soler suman RTVE a su cartera de clientes con fondos p\u00fablicos.<\/p>\n","protected":false},"excerpt":{"rendered":"La direcci\u00f3n de RTVE, bajo la batuta del presidente de la corporaci\u00f3n, Jos\u00e9 Pablo L\u00f3pez, destinar\u00e1 2,7 millones&hellip;\n","protected":false},"author":2,"featured_media":266027,"comment_status":"","ping_status":"","sticky":false,"template":"","format":"standard","meta":{"footnotes":""},"categories":[171],"tags":[18393,146,147,25,24,12549,4724,16335,527,518,23,8906,214],"class_list":{"0":"post-266026","1":"post","2":"type-post","3":"status-publish","4":"format-standard","5":"has-post-thumbnail","7":"category-tv","8":"tag-empresario","9":"tag-entertainment","10":"tag-entretenimiento","11":"tag-es","12":"tag-espana","13":"tag-investigado","14":"tag-millones","15":"tag-premia","16":"tag-productora","17":"tag-rtve","18":"tag-spain","19":"tag-tsunami","20":"tag-tv"},"share_on_mastodon":{"url":"https:\/\/pubeurope.com\/@es\/115646154903609109","error":""},"_links":{"self":[{"href":"https:\/\/www.europesays.com\/es\/wp-json\/wp\/v2\/posts\/266026","targetHints":{"allow":["GET"]}}],"collection":[{"href":"https:\/\/www.europesays.com\/es\/wp-json\/wp\/v2\/posts"}],"about":[{"href":"https:\/\/www.europesays.com\/es\/wp-json\/wp\/v2\/types\/post"}],"author":[{"embeddable":true,"href":"https:\/\/www.europesays.com\/es\/wp-json\/wp\/v2\/users\/2"}],"replies":[{"embeddable":true,"href":"https:\/\/www.europesays.com\/es\/wp-json\/wp\/v2\/comments?post=266026"}],"version-history":[{"count":0,"href":"https:\/\/www.europesays.com\/es\/wp-json\/wp\/v2\/posts\/266026\/revisions"}],"wp:featuredmedia":[{"embeddable":true,"href":"https:\/\/www.europesays.com\/es\/wp-json\/wp\/v2\/media\/266027"}],"wp:attachment":[{"href":"https:\/\/www.europesays.com\/es\/wp-json\/wp\/v2\/media?parent=266026"}],"wp:term":[{"taxonomy":"category","embeddable":true,"href":"https:\/\/www.europesays.com\/es\/wp-json\/wp\/v2\/categories?post=266026"},{"taxonomy":"post_tag","embeddable":true,"href":"https:\/\/www.europesays.com\/es\/wp-json\/wp\/v2\/tags?post=266026"}],"curies":[{"name":"wp","href":"https:\/\/api.w.org\/{rel}","templated":true}]}}