{"id":266028,"date":"2025-12-01T20:18:10","date_gmt":"2025-12-01T20:18:10","guid":{"rendered":"https:\/\/www.europesays.com\/es\/266028\/"},"modified":"2025-12-01T20:18:10","modified_gmt":"2025-12-01T20:18:10","slug":"la-desgarradora-historia-detras-de-todas-las-habitaciones-vacias-el-nuevo-documental-de-netflix","status":"publish","type":"post","link":"https:\/\/www.europesays.com\/es\/266028\/","title":{"rendered":"La desgarradora historia detr\u00e1s de Todas las habitaciones vac\u00edas, el nuevo documental de Netflix"},"content":{"rendered":"\n<p class=\"\"> <strong><a href=\"https:\/\/www.quever.news\/temas\/netflix-7.html\" target=\"_blank\" rel=\"follow nofollow noopener\">Netflix<\/a><\/strong> estren\u00f3 este 1 de diciembre una de sus propuestas m\u00e1s conmovedoras del a\u00f1o. \u00abTodas las habitaciones vac\u00edas\u00bb es un <strong><a href=\"https:\/\/www.quever.news\/temas\/documental-282.html\" class=\"agrupador\" rel=\"11243 nofollow noopener\" target=\"_blank\">documental<\/a><\/strong> de 33 minutos dirigido por Joshua Seftel, nominado al Oscar, que expone una realidad dolorosa a trav\u00e9s de las habitaciones intactas de ni\u00f1os fallecidos en tiroteos escolares. La propuesta cinematogr\u00e1fica busca mostrar el vac\u00edo que dejaron estas tragedias en hogares estadounidenses.<\/p>\n<p class=\"\"> El periodista Steve Hartman, reconocido por sus reportajes optimistas en CBS News, dedic\u00f3 siete a\u00f1os a recorrer Estados Unidos. Su objetivo fue entrevistar a familias afectadas por la violencia armada en instituciones educativas. Junto al fot\u00f3grafo Lou Bopp, Hartman captur\u00f3 testimonios de padres que abrieron las puertas de los cuartos de sus hijos. Estas conversaciones revelan el significado profundo que esos espacios conservan para quienes quedaron atr\u00e1s.<\/p>\n<p>\t\t Mir\u00e1 el tr\u00e1iler del conmovedor documental:  <\/p>\n<p> Todas las habitaciones vac\u00edas   <\/p>\n<p class=\"\">La <strong>historia<\/strong> detr\u00e1s del proyecto surgi\u00f3 cuando Seftel comenz\u00f3 a sentirse insensibilizado tras sucesos como Sandy Hook y Parkland. El director recibi\u00f3 una llamada de Hartman, con quien no hablaba desde hac\u00eda 25 a\u00f1os. Ambos decidieron colaborar en esta iniciativa que los llev\u00f3 a Nashville, Uvalde en Texas y Santa Clarita en California. En esas ciudades, las familias compartieron sus vivencias m\u00e1s \u00edntimas frente a la c\u00e1mara.<\/p>\n<p class=\"\">El <strong>documental<\/strong> adopta un enfoque de cine verit\u00e9 que permite al espectador experimentar los dormitorios como si estuviera presente. Las fotograf\u00edas, juguetes y objetos personales cuentan qui\u00e9nes fueron esos ni\u00f1os. Seftel explic\u00f3 que los menores cobraron vida a trav\u00e9s de lo que dejaron en sus habitaciones. El peso de su ausencia result\u00f3 abrumador para el equipo de producci\u00f3n durante el rodaje.<\/p>\n<p> todas las habitaciones    <\/p>\n<p>  <img loading=\"lazy\" decoding=\"async\" src=\"https:\/\/www.quever.news\/css-custom\/374\/lazy.svg\" data-td-src-property=\"https:\/\/media.quever.news\/p\/07e717d27f473e4626c06ecc336a4df4\/adjuntos\/374\/imagenes\/001\/849\/0001849334\/760x0\/smart\/todas-las-habitaciones.jpg\" alt=\"Todas las habitaciones vac\u00edas se estren\u00f3 este lunes\" title=\"Todas las habitaciones vac\u00edas se estren\u00f3 este lunes\" width=\"760\" height=\"506\" id=\"1855819-Libre-1147498219_embed\"\/>    <\/p>\n<p>Todas las habitaciones vac\u00edas se estren\u00f3 este lunes<\/p>\n<p class=\"\">Los padres entrevistados describen esas habitaciones como espacios sagrados y memoriales permanentes. Una madre se\u00f1ala que el cuarto de su hija era su refugio seguro. Otro testimonio expresa el deseo de que todos los estadounidenses pudieran pararse unos minutos en uno de esos dormitorios. Esa experiencia, seg\u00fan afirma, transformar\u00eda la perspectiva nacional sobre este problema que cobra m\u00e1s vidas j\u00f3venes que cualquier otra causa en el pa\u00eds.<\/p>\n<p class=\"\">El trabajo ha recibido reconocimientos en festivales como SCAD Savannah, Santa Fe International y Montclair antes de su estreno en <strong><a href=\"https:\/\/www.quever.news\/temas\/netflix-7.html\" class=\"agrupador\" rel=\"11194 nofollow noopener\" target=\"_blank\">Netflix<\/a><\/strong>. Las reacciones reflejan el impacto emocional de la propuesta. Seftel concluy\u00f3 que este filme busca sacar a la audiencia del adormecimiento colectivo y generar urgencia para actuar. <\/p>\n","protected":false},"excerpt":{"rendered":"Netflix estren\u00f3 este 1 de diciembre una de sus propuestas m\u00e1s conmovedoras del a\u00f1o. \u00abTodas las habitaciones vac\u00edas\u00bb&hellip;\n","protected":false},"author":2,"featured_media":266029,"comment_status":"","ping_status":"","sticky":false,"template":"","format":"standard","meta":{"footnotes":""},"categories":[169],"tags":[177,146,147,25,24,176,175,23],"class_list":{"0":"post-266028","1":"post","2":"type-post","3":"status-publish","4":"format-standard","5":"has-post-thumbnail","7":"category-cine","8":"tag-cine","9":"tag-entertainment","10":"tag-entretenimiento","11":"tag-es","12":"tag-espana","13":"tag-film","14":"tag-movies","15":"tag-spain"},"share_on_mastodon":{"url":"https:\/\/pubeurope.com\/@es\/115646163571964134","error":""},"_links":{"self":[{"href":"https:\/\/www.europesays.com\/es\/wp-json\/wp\/v2\/posts\/266028","targetHints":{"allow":["GET"]}}],"collection":[{"href":"https:\/\/www.europesays.com\/es\/wp-json\/wp\/v2\/posts"}],"about":[{"href":"https:\/\/www.europesays.com\/es\/wp-json\/wp\/v2\/types\/post"}],"author":[{"embeddable":true,"href":"https:\/\/www.europesays.com\/es\/wp-json\/wp\/v2\/users\/2"}],"replies":[{"embeddable":true,"href":"https:\/\/www.europesays.com\/es\/wp-json\/wp\/v2\/comments?post=266028"}],"version-history":[{"count":0,"href":"https:\/\/www.europesays.com\/es\/wp-json\/wp\/v2\/posts\/266028\/revisions"}],"wp:featuredmedia":[{"embeddable":true,"href":"https:\/\/www.europesays.com\/es\/wp-json\/wp\/v2\/media\/266029"}],"wp:attachment":[{"href":"https:\/\/www.europesays.com\/es\/wp-json\/wp\/v2\/media?parent=266028"}],"wp:term":[{"taxonomy":"category","embeddable":true,"href":"https:\/\/www.europesays.com\/es\/wp-json\/wp\/v2\/categories?post=266028"},{"taxonomy":"post_tag","embeddable":true,"href":"https:\/\/www.europesays.com\/es\/wp-json\/wp\/v2\/tags?post=266028"}],"curies":[{"name":"wp","href":"https:\/\/api.w.org\/{rel}","templated":true}]}}