{"id":266030,"date":"2025-12-01T20:19:14","date_gmt":"2025-12-01T20:19:14","guid":{"rendered":"https:\/\/www.europesays.com\/es\/266030\/"},"modified":"2025-12-01T20:19:14","modified_gmt":"2025-12-01T20:19:14","slug":"mas-balon-para-el-sevilla-mas-y-mejores-ocasiones-para-el-betis","status":"publish","type":"post","link":"https:\/\/www.europesays.com\/es\/266030\/","title":{"rendered":"m\u00e1s bal\u00f3n para el Sevilla, m\u00e1s y mejores ocasiones para el Betis"},"content":{"rendered":"<p data-mrf-recirculation=\"Links P\u00e1rrafos\" class=\"ue-c-article__paragraph paragraph ue-c-article--first-letter-highlighted\">l derbi sevillano es uno de esos partidos que dan que hablar durante semanas. El de ayer no ser\u00e1 menos, despu\u00e9s de que el <strong>Betis<\/strong> lograra imponerse por 0-2 al <strong>Sevilla<\/strong> en el <strong>Ram\u00f3n S\u00e1nchez-Pizju\u00e1n<\/strong> rompiendo una racha de casi ocho a\u00f1os sin victorias a domicilio ante su eterno rival. Un triunfo basado en una mejor interpretaci\u00f3n de su plan y en una diferencia de calidad entre los futbolistas de las dos plantillas que qued\u00f3 plasmada sobre el terreno de juego.<\/p>\n<p data-mrf-recirculation=\"Links P\u00e1rrafos\" class=\"ue-c-article__paragraph paragraph\">Los de <strong>Pellegrini<\/strong> no necesitaron tener el bal\u00f3n tanto tiempo como acostumbran. De hecho, el 34,9% de posesi\u00f3n que reflejan sus estad\u00edsticas es una de las cifras m\u00e1s bajas de la temporada para los verdiblancos. Al igual que su n\u00famero de pases, apenas 217, de los que s\u00f3lo 143 fueron acertados. Sin embargo, fue suficiente para desarbolar a una defensa rival que cometi\u00f3 demasiados errores y que qued\u00f3 completamente desamparada en la segunda parte tras el cambio de <strong>Mendy<\/strong>, renunciando a un centrocampista.<\/p>\n<p><img decoding=\"async\" width=\"1980\" height=\"974\" class=\"ue-c-article__image lazyload\" alt=\"Mapa de calor de Sevilla y Betis en el derbi\" loading=\"lazy\" src=\"https:\/\/www.europesays.com\/es\/wp-content\/uploads\/2025\/12\/692daf5b1bf9e.jpeg\"\/><\/p>\n<p>Mapa de calor de Sevilla y Betis en el derbiOPTA<\/p>\n<p>Una \u00fanica gran ocasi\u00f3n del Sevilla<\/p>\n<p data-mrf-recirculation=\"Links P\u00e1rrafos\" class=\"ue-c-article__paragraph paragraph\">Los 419 pases del <strong>Sevilla<\/strong>, 326 buenos, con un 65,1% de posesi\u00f3n de bal\u00f3n, apenas sirvieron al equipo de <strong>Almeyda<\/strong> para crear una gran ocasi\u00f3n de gol, desactivada por <strong>Bartra<\/strong> en la segunda parte. <strong>Akor Adams<\/strong>, protagonista en esa acci\u00f3n, cay\u00f3 dos veces en fuera de juego y los nervionenses tan solo tocaron el bal\u00f3n 17 veces en el \u00e1rea rival. Sus intentos por fuera eran desactivados una y otra vez y su mapa de calor durante el partido evidenci\u00f3 que no tuvieron presencia real en las inmediaciones de <strong>Valles<\/strong> y la mayor\u00eda de sus remates fueron lejanos.<\/p>\n<p data-mrf-recirculation=\"Links P\u00e1rrafos\" class=\"ue-c-article__paragraph paragraph\">Entre ellos, un disparo de <strong>Sow<\/strong> en la primera parte, otro muy desviado de <strong>Carmona<\/strong>, uno de <strong>Alfon<\/strong> a las manos del portero b\u00e9tico ya en el segundo acto y otro m\u00e1s de <strong>Peque<\/strong>, de chilena, que par\u00f3 <strong>Valles<\/strong> y dio origen a la jugada del primer gol del partido, de <strong>Fornals<\/strong>. En total fuero nueve remates de los sevillistas, s\u00f3lo tres a porter\u00eda, mientras que el <strong>Betis<\/strong>, con los mismos intentos, gener\u00f3 much\u00edsimo m\u00e1s peligro. Marc\u00f3 dos goles, oblig\u00f3 a <strong>Odysseas<\/strong> a hacer un parad\u00f3n ante <strong>Abde<\/strong> en la primera parte y otro m\u00e1s en la segunda tras un disparo de <strong>Pablo Garc\u00eda<\/strong> (cuatro tiros a puerta en total).<\/p>\n<p><img decoding=\"async\" width=\"1980\" height=\"974\" class=\"ue-c-article__image lazyload\" alt=\"Goles esperados de Sevilla y Betis en el derbi\" loading=\"lazy\" src=\"https:\/\/www.europesays.com\/es\/wp-content\/uploads\/2025\/12\/692daf7827895.jpeg\"\/><\/p>\n<p>Goles esperados de Sevilla y Betis en el derbiOPTA<\/p>\n<p>El triple de goles esperados del Betis<\/p>\n<p data-mrf-recirculation=\"Links P\u00e1rrafos\" class=\"ue-c-article__paragraph paragraph\">Al <strong>Betis<\/strong>, que recibi\u00f3 tres amonestaciones, le se\u00f1alaron 22 faltas por apenas 14 al <strong>Sevilla<\/strong>, que vio dos amarillas y la roja de <strong>Isaac<\/strong>. Aunque en t\u00e9rminos de intensidad, los n\u00fameros fueron bastante parejos, con 47 recuperaciones de bal\u00f3n y 10 intercepciones por parte de los nervionenses, por 11 y 47, respectivamente, de los heliopolitanos. Cifras que donde s\u00ed encuentran diferencia es a la hora de medir la calidad de las ocasiones de gol generadas por cada equipo.<\/p>\n<p data-mrf-recirculation=\"Links P\u00e1rrafos\" class=\"ue-c-article__paragraph paragraph\">El <strong>Sevilla<\/strong> apenas logr\u00f3 un 0,37 de goles esperados, su registro m\u00e1s bajo en un derbi desde que se analiza esta estad\u00edstica. El <strong>Betis<\/strong>, con un 1,17 en goles esperados, goz\u00f3 de mejores oportunidades, marcando dos tantos y perdonando, sobre todo en la segunda parte, varias contras clar\u00edsimas para haber logrado un resultado m\u00e1s abultado. Fue la quinta vez que los verdiblancos ganan por dos goles de diferencia o m\u00e1s a domicilio un derbi y la primera en 30 a\u00f1os que se imponen en dos derbis seguidos.<\/p>\n","protected":false},"excerpt":{"rendered":"l derbi sevillano es uno de esos partidos que dan que hablar durante semanas. El de ayer no&hellip;\n","protected":false},"author":2,"featured_media":266031,"comment_status":"","ping_status":"","sticky":false,"template":"","format":"standard","meta":{"footnotes":""},"categories":[93],"tags":[168,25,24,23,167],"class_list":{"0":"post-266030","1":"post","2":"type-post","3":"status-publish","4":"format-standard","5":"has-post-thumbnail","7":"category-deportes","8":"tag-deportes","9":"tag-es","10":"tag-espana","11":"tag-spain","12":"tag-sports"},"share_on_mastodon":{"url":"https:\/\/pubeurope.com\/@es\/115646167883889228","error":""},"_links":{"self":[{"href":"https:\/\/www.europesays.com\/es\/wp-json\/wp\/v2\/posts\/266030","targetHints":{"allow":["GET"]}}],"collection":[{"href":"https:\/\/www.europesays.com\/es\/wp-json\/wp\/v2\/posts"}],"about":[{"href":"https:\/\/www.europesays.com\/es\/wp-json\/wp\/v2\/types\/post"}],"author":[{"embeddable":true,"href":"https:\/\/www.europesays.com\/es\/wp-json\/wp\/v2\/users\/2"}],"replies":[{"embeddable":true,"href":"https:\/\/www.europesays.com\/es\/wp-json\/wp\/v2\/comments?post=266030"}],"version-history":[{"count":0,"href":"https:\/\/www.europesays.com\/es\/wp-json\/wp\/v2\/posts\/266030\/revisions"}],"wp:featuredmedia":[{"embeddable":true,"href":"https:\/\/www.europesays.com\/es\/wp-json\/wp\/v2\/media\/266031"}],"wp:attachment":[{"href":"https:\/\/www.europesays.com\/es\/wp-json\/wp\/v2\/media?parent=266030"}],"wp:term":[{"taxonomy":"category","embeddable":true,"href":"https:\/\/www.europesays.com\/es\/wp-json\/wp\/v2\/categories?post=266030"},{"taxonomy":"post_tag","embeddable":true,"href":"https:\/\/www.europesays.com\/es\/wp-json\/wp\/v2\/tags?post=266030"}],"curies":[{"name":"wp","href":"https:\/\/api.w.org\/{rel}","templated":true}]}}