{"id":266032,"date":"2025-12-01T20:20:15","date_gmt":"2025-12-01T20:20:15","guid":{"rendered":"https:\/\/www.europesays.com\/es\/266032\/"},"modified":"2025-12-01T20:20:15","modified_gmt":"2025-12-01T20:20:15","slug":"la-oms-recomienda-el-uso-de-farmacos-glp-1-para-tratar-la-obesidad-junto-a-dieta-saludable-y-actividad-fisica","status":"publish","type":"post","link":"https:\/\/www.europesays.com\/es\/266032\/","title":{"rendered":"La OMS recomienda el uso de f\u00e1rmacos GLP-1 para tratar la obesidad junto a dieta saludable y actividad f\u00edsica"},"content":{"rendered":"<p><img id=\"fotoPrincipalNoticia\" src=\"https:\/\/www.europesays.com\/es\/wp-content\/uploads\/2025\/12\/fotonoticia_20251201154741_690.jpg\" loading=\"eager\" decoding=\"async\" style=\"view-transition-name: fechor_20251201154741;\" border=\"0\" alt=\"Archivo - Tratamiento GLP-1.\" fetchpriority=\"high\" title=\"La OMS recomienda el uso de f\u00e1rmacos GLP-1 para tratar la obesidad junto a dieta saludable y actividad f\u00edsica\" width=\"690\" height=\"388\" itemprop=\"image\"\/><\/p>\n<p>Archivo &#8211; Tratamiento GLP-1. &#8211; IMYSKIN\/ ISTOCK &#8211; Archivo<\/p>\n<p>   MADRID, 1 Dic. (EUROPA PRESS) &#8211; <\/p>\n<p>   La Organizaci\u00f3n Mundial de la Salud (OMS) ha publicado este lunes su primera gu\u00eda sobre el uso de terapias con p\u00e9ptidos similares al glucag\u00f3n-1 (GLP-1) para tratar la obesidad, donde recomienda estos f\u00e1rmacos en adultos con obesidad como tratamiento a largo plazo, en combinaci\u00f3n con una dieta saludable y la pr\u00e1ctica de actividad f\u00edsica.<\/p>\n<p>   \u00abLa obesidad es uno de los problemas de salud p\u00fablica m\u00e1s graves de nuestro tiempo. A nivel mundial, m\u00e1s de mil millones de personas viven con obesidad y se espera que esa cifra se duplique para 2030. Es una enfermedad cr\u00f3nica y recurrente que provoca enfermedades card\u00edacas, diabetes y algunos tipos de c\u00e1ncer. El a\u00f1o pasado se relacion\u00f3 con 3,7 millones de muertes en todo el mundo\u00bb, ha se\u00f1alado en rueda de prensa el director general de la OMS, Tedros Adhanom.<\/p>\n<p>   Los f\u00e1rmacos GLP-1, entre los que se incluyen liraglutida, semaglutida y tirzepatida, originalmente desarrollados para tratar la diabetes, cuentan con la aprobaci\u00f3n de muchos pa\u00edses para el tratamiento de la obesidad. El pasado septiembre, la OMS a\u00f1adi\u00f3 estas terapias a su listado de medicamentos esenciales para el manejo de la diabetes tipo 2 en grupos de alto riesgo.<\/p>\n<p>   \u00abEstas terapias forman parte de una estrategia hol\u00edstica basada en tres pilares. En primer lugar, crear entornos m\u00e1s saludables mediante pol\u00edticas s\u00f3lidas; en segundo lugar, proteger a las personas de alto riesgo mediante la detecci\u00f3n y la intervenci\u00f3n temprana; y tercero, garantizar el acceso a una atenci\u00f3n centrada en la persona y de por vida para quienes viven con obesidad\u00bb, ha detallado Adhanom.<\/p>\n<p>   La nueva gu\u00eda contempla una recomendaci\u00f3n, basada en evidencia de certeza moderada, sobre el uso de terapias con GLP-1 para el tratamiento a largo plazo, esto es, m\u00e1s de seis meses, de la obesidad en adultos, excluyendo a las mujeres embarazadas. Pese a la eficacia demostrada de los tratamientos, la recomendaci\u00f3n es condicional debido a la falta de datos sobre su uso a largo plazo, su mantenimiento y su interrupci\u00f3n, sus costos actuales, la preparaci\u00f3n inadecuada del sistema de salud y las posibles implicaciones para la equidad.<\/p>\n<p>DIETA Y EJERCICIO<\/p>\n<p>   \u00abEs fundamental destacar que el uso de GLP-1 no reemplaza la necesidad de una dieta saludable y de actividad f\u00edsica\u00bb, ha subrayado el director general de la OMS. Por ello, la gu\u00eda incluye una segunda recomendaci\u00f3n, basada en evidencia de certeza baja, que aconseja incluir una dieta saludable y actividad f\u00edsica, a los adultos con obesidad a quienes se les hayan prescrito terapias con GLP-1.<\/p>\n<p>   A este respecto, la gu\u00eda enfatiza la necesidad de crear entornos m\u00e1s saludables mediante pol\u00edticas poblacionales s\u00f3lidas para promover la salud y prevenir la obesidad; proteger a las personas con alto riesgo de desarrollar obesidad y comorbilidades relacionadas mediante pruebas de detecci\u00f3n espec\u00edficas e intervenciones tempranas estructuradas; y garantizar el acceso a una atenci\u00f3n centrada en la persona y durante toda la vida.<\/p>\n<p>   Adhanom ha reconocido los desaf\u00edos que plantea la introducci\u00f3n de estos medicamentos, sobre todo en lo relativo a su elevado coste, por lo que ha abogado por trabajar para garantizar un acceso equitativo y asequible. \u00abSin una acci\u00f3n concertada, estos medicamentos podr\u00edan contribuir a ampliar la brecha entre ricos y pobres, tanto entre pa\u00edses como dentro de ellos\u00bb, ha advertido.<\/p>\n<p>   De hecho, las proyecciones de la OMS apuntan que, incluso con una r\u00e1pida expansi\u00f3n de la producci\u00f3n, las terapias GLP-1 llegar\u00e1n a menos del 10 por ciento de quienes podr\u00edan beneficiarse para 2030. Por ello, Adhanom ha instado a la comunidad mundial a considerar estrategias para ampliar el acceso, como la adquisici\u00f3n conjunta, la fijaci\u00f3n de precios escalonados y las licencias voluntarias, entre otras.<\/p>\n<p>   Los representantes del organismo internacional han precisado que la nueva gu\u00eda es un documento vivo que ir\u00e1 actualiz\u00e1ndose en funci\u00f3n de la evidencia y que su elaboraci\u00f3n busca responder a las demandas de Estados miembros y sociedades civiles. Asimismo, han se\u00f1alado que la pr\u00f3xima semana se publicar\u00e1 una gu\u00eda dirigida a ni\u00f1os menores de 12 a\u00f1os.<\/p>\n","protected":false},"excerpt":{"rendered":"Archivo &#8211; Tratamiento GLP-1. &#8211; IMYSKIN\/ ISTOCK &#8211; Archivo MADRID, 1 Dic. (EUROPA PRESS) &#8211; La Organizaci\u00f3n Mundial&hellip;\n","protected":false},"author":2,"featured_media":266033,"comment_status":"","ping_status":"","sticky":false,"template":"","format":"standard","meta":{"footnotes":""},"categories":[92],"tags":[25,24,165,166,23],"class_list":{"0":"post-266032","1":"post","2":"type-post","3":"status-publish","4":"format-standard","5":"has-post-thumbnail","7":"category-salud","8":"tag-es","9":"tag-espana","10":"tag-health","11":"tag-salud","12":"tag-spain"},"share_on_mastodon":{"url":"https:\/\/pubeurope.com\/@es\/115646171079336991","error":""},"_links":{"self":[{"href":"https:\/\/www.europesays.com\/es\/wp-json\/wp\/v2\/posts\/266032","targetHints":{"allow":["GET"]}}],"collection":[{"href":"https:\/\/www.europesays.com\/es\/wp-json\/wp\/v2\/posts"}],"about":[{"href":"https:\/\/www.europesays.com\/es\/wp-json\/wp\/v2\/types\/post"}],"author":[{"embeddable":true,"href":"https:\/\/www.europesays.com\/es\/wp-json\/wp\/v2\/users\/2"}],"replies":[{"embeddable":true,"href":"https:\/\/www.europesays.com\/es\/wp-json\/wp\/v2\/comments?post=266032"}],"version-history":[{"count":0,"href":"https:\/\/www.europesays.com\/es\/wp-json\/wp\/v2\/posts\/266032\/revisions"}],"wp:featuredmedia":[{"embeddable":true,"href":"https:\/\/www.europesays.com\/es\/wp-json\/wp\/v2\/media\/266033"}],"wp:attachment":[{"href":"https:\/\/www.europesays.com\/es\/wp-json\/wp\/v2\/media?parent=266032"}],"wp:term":[{"taxonomy":"category","embeddable":true,"href":"https:\/\/www.europesays.com\/es\/wp-json\/wp\/v2\/categories?post=266032"},{"taxonomy":"post_tag","embeddable":true,"href":"https:\/\/www.europesays.com\/es\/wp-json\/wp\/v2\/tags?post=266032"}],"curies":[{"name":"wp","href":"https:\/\/api.w.org\/{rel}","templated":true}]}}