{"id":266034,"date":"2025-12-01T20:21:15","date_gmt":"2025-12-01T20:21:15","guid":{"rendered":"https:\/\/www.europesays.com\/es\/266034\/"},"modified":"2025-12-01T20:21:15","modified_gmt":"2025-12-01T20:21:15","slug":"avance-semanal-hogueras-y-ultima-hora-del-programa-de-telecinco-en-directo","status":"publish","type":"post","link":"https:\/\/www.europesays.com\/es\/266034\/","title":{"rendered":"avance semanal, hogueras y \u00faltima hora del programa de Telecinco, en directo"},"content":{"rendered":"\n<p> El show de telerrealidad tendr\u00e1 tambi\u00e9n emisi\u00f3n los\u00a0<strong>martes<\/strong>\u00a0y los\u00a0<strong>mi\u00e9rcoles<\/strong>\u00a0a la misma hora, pero con horario reducido hasta pasadas las\u00a0<strong>23:00 horas<\/strong>. <\/p>\n<p> Y, desde el pasado 14 de noviembre, tambi\u00e9n se lanzar\u00e1\u00a0<strong>El debate de las tentaciones<\/strong>, nuevamente con\u00a0<strong>Sandra Barneda<\/strong>.\u00a0Y este a\u00f1o se podr\u00e1 ver online de forma gratuita a trav\u00e9s de <strong>Mediaset Infinity<\/strong>, la reformulada plataforma del grupo audiovisual. <\/p>\n","protected":false},"excerpt":{"rendered":"El show de telerrealidad tendr\u00e1 tambi\u00e9n emisi\u00f3n los\u00a0martes\u00a0y los\u00a0mi\u00e9rcoles\u00a0a la misma hora, pero con horario reducido hasta pasadas&hellip;\n","protected":false},"author":2,"featured_media":266035,"comment_status":"","ping_status":"","sticky":false,"template":"","format":"standard","meta":{"footnotes":""},"categories":[91],"tags":[146,147,25,24,23],"class_list":{"0":"post-266034","1":"post","2":"type-post","3":"status-publish","4":"format-standard","5":"has-post-thumbnail","7":"category-entretenimiento","8":"tag-entertainment","9":"tag-entretenimiento","10":"tag-es","11":"tag-espana","12":"tag-spain"},"share_on_mastodon":{"url":"https:\/\/pubeurope.com\/@es\/115646174894087554","error":""},"_links":{"self":[{"href":"https:\/\/www.europesays.com\/es\/wp-json\/wp\/v2\/posts\/266034","targetHints":{"allow":["GET"]}}],"collection":[{"href":"https:\/\/www.europesays.com\/es\/wp-json\/wp\/v2\/posts"}],"about":[{"href":"https:\/\/www.europesays.com\/es\/wp-json\/wp\/v2\/types\/post"}],"author":[{"embeddable":true,"href":"https:\/\/www.europesays.com\/es\/wp-json\/wp\/v2\/users\/2"}],"replies":[{"embeddable":true,"href":"https:\/\/www.europesays.com\/es\/wp-json\/wp\/v2\/comments?post=266034"}],"version-history":[{"count":0,"href":"https:\/\/www.europesays.com\/es\/wp-json\/wp\/v2\/posts\/266034\/revisions"}],"wp:featuredmedia":[{"embeddable":true,"href":"https:\/\/www.europesays.com\/es\/wp-json\/wp\/v2\/media\/266035"}],"wp:attachment":[{"href":"https:\/\/www.europesays.com\/es\/wp-json\/wp\/v2\/media?parent=266034"}],"wp:term":[{"taxonomy":"category","embeddable":true,"href":"https:\/\/www.europesays.com\/es\/wp-json\/wp\/v2\/categories?post=266034"},{"taxonomy":"post_tag","embeddable":true,"href":"https:\/\/www.europesays.com\/es\/wp-json\/wp\/v2\/tags?post=266034"}],"curies":[{"name":"wp","href":"https:\/\/api.w.org\/{rel}","templated":true}]}}