{"id":266040,"date":"2025-12-01T20:25:08","date_gmt":"2025-12-01T20:25:08","guid":{"rendered":"https:\/\/www.europesays.com\/es\/266040\/"},"modified":"2025-12-01T20:25:08","modified_gmt":"2025-12-01T20:25:08","slug":"trump-reune-al-consejo-de-seguridad-nacional-para-decidir-sobre-venezuela-en-medio-de-la-presion-militar-hacia-maduro","status":"publish","type":"post","link":"https:\/\/www.europesays.com\/es\/266040\/","title":{"rendered":"Trump reune al Consejo de Seguridad Nacional para decidir sobre Venezuela en medio de la presi\u00f3n militar hacia Maduro"},"content":{"rendered":"<p>El presidente estadounidense, Donald<strong> Trump,<\/strong> convocar\u00e1 este lunes al <strong>Consejo de Seguridad Nacional <\/strong>para hablar sobre<strong> Venezuela<\/strong>, en medio de la cada vez m\u00e1s <strong>elevada tensi\u00f3n <\/strong>entre Washington y Caracas. As\u00ed lo ha confirmado la<strong> portavoz de la Casa Blanca<\/strong>, Karoline Leavitt, en una de sus habituales ruedas de prensa.<\/p>\n<p>\u00abConfirmo que el presidente se reunir\u00e1 con su equipo de Seguridad Nacional <strong>para tratar este tema <\/strong>(de Venezuela) y muchos otros\u00bb, ha se\u00f1alado la portavoz al ser preguntada por el encuentro, reportado inicialmente por la cadena CNN citando fuentes an\u00f3nimas. Pero no ha querido ahondar en detalles sobre los temas a abordar y en su lugar ha insinuado que esta es <strong>una reuni\u00f3n rutinaria<\/strong>. <\/p>\n<p>Un hecho que se da apenas unas horas despu\u00e9s de que el propio mandatario republicano confirmara que<a href=\"https:\/\/www.rtve.es\/noticias\/20251201\/venezuela-estados-unidos-donald-trump-nicolas-maduro\/16838784.shtml\" target=\"_blank\" rel=\"nofollow noopener\"> hab\u00eda hablado por tel\u00e9fono<\/a> con Nicol\u00e1s Maduro. \u00abS\u00ed&#8230; <strong>No dir\u00eda que sali\u00f3 bien, ni mal<\/strong>. Fue una simple llamada telef\u00f3nica\u00bb, declar\u00f3 a los periodistas que lo acompa\u00f1aban en un vuelo de regreso a Washington desde Florida la noche del domingo. Y descart\u00f3 poder dar m\u00e1s informaci\u00f3n.<\/p>\n<p>Esa llamada, sobre la que el gobernante venezolano no se ha pronunciado, es <strong>el primer contacto entre ambos, en el contexto del<\/strong> <strong>fuerte despliegue militar<\/strong> del pa\u00eds norteamericano <strong>en el Caribe<\/strong>, cerca de las <strong>costas venezolanas<\/strong>, en una operaci\u00f3n oficialmente contra el narcotr\u00e1fico que el <strong>l\u00edder chavista cree que en realidad est\u00e1 <\/strong>dise\u00f1ada para <strong><a href=\"https:\/\/www.rtve.es\/noticias\/20251126\/maduro-afirma-venezuela-vive-coyuntura-existencia-republica\/16831894.shtml\" rel=\"nofollow noopener\" target=\"_blank\">expulsarlo del poder.<\/a><\/strong><\/p>\n<p>El s\u00e1bado, Trump, que no reconoce a Maduro como presidente leg\u00edtimo del pa\u00eds caribe\u00f1o, declar\u00f3 que <strong>el espacio a\u00e9reo venezolano deb\u00eda considerarse<\/strong><a href=\"https:\/\/www.rtve.es\/noticias\/20251129\/trump-anuncia-cierre-total-del-espacio-aereo-venezuela-aumenta-presion-sobre-maduro\/16837832.shtml\" target=\"_blank\" rel=\"nofollow noopener\"> \u00abcerrado\u00bb<\/a>, lo que el l\u00edder chavista calific\u00f3 como una \u00abamenaza\u00bb, mientras que Colombia denunci\u00f3 esa decisi\u00f3n como una violaci\u00f3n del derecho internacional.<\/p>\n<p>La secretaria de prensa de la Casa Blanca, Karoline Leavitt, habla durante una conferencia de prensa este lunes en la Casa Blanca\u00a0AP Photo\/Evan Vucci<\/p>\n<p>La Casa Blanca defiende la decisi\u00f3n de atacar a dos sobrevivientes<\/p>\n<p>Desde septiembre, <strong>Washington<\/strong> ha <strong>bombardeado <\/strong>supuestos <strong>barcos cargados de drogas<\/strong> procedentes de Venezuela y otros pa\u00edses latinoamericanos, ataques a\u00e9reos <strong>que han dejado hasta ahora m\u00e1s de 80 muertos<\/strong>. Y el pasado jueves, <strong>Trump se\u00f1al\u00f3 que las Fuerzas Armadas \u00abempezar\u00e1n muy pronto <\/strong>a <strong>detener <\/strong>a los <strong>narcotraficantes de Venezuela\u00bb<\/strong> por <strong>tierra<\/strong> tras las operaciones en el mar.<\/p>\n<p>Precisamente, un comit\u00e9 del Senado de EE.UU. investigar\u00e1 uno de estos ataques <strong>frente a la costa de Trinidad <\/strong>contra supuestas narcolanchas, despu\u00e9s de que el diario <a href=\"https:\/\/www.washingtonpost.com\/national-security\/2025\/11\/28\/hegseth-kill-them-all-survivors-boat-strike\/\" rel=\"nofollow noopener\" target=\"_blank\">The Washington Post<\/a> haya publicado que el secretario de Defensa, <strong>Pete Hegseth, orden\u00f3 verbalmente \u00abmatar a todos\u00bb los ocupantes de las embarcaciones<\/strong>. Varios legisladores dem\u00f3cratas han advertido de que esto <strong>podr\u00eda constituir un \u00abcrimen de guerra\u00bb. <\/strong>Seg\u00fan el diario, que cita varias fuentes con conocimiento directo de la operaci\u00f3n, despu\u00e9s de que el primer misil impactara en una lancha con 11 personas a bordo, los mandos vieron que <strong>dos tripulantes hab\u00edan sobrevivido y se aferraban a los restos de la embarcaci\u00f3n<\/strong>. El comandante orden\u00f3 entonces un segundo ataque para cumplir con las instrucciones de Hegseth, informa Efe, siempre seg\u00fan The Washington Post.<\/p>\n<p>Hegseth lo ha negado y ha calificado la informaci\u00f3n de \u201cnoticias falsas\u201d. Y el domingo, en su conversaci\u00f3n con la prensa a bordo del avi\u00f3n presidencial, <strong>Trump defendi\u00f3 a su secretario de Defensa<\/strong>. \u201cDijo que no orden\u00f3 eso y le creo\u201d, dijo Trump.<\/p>\n<p>Este lunes, <strong>la portavoz <\/strong>de la Casa Blanca ha considerado \u00ab<strong>verdadera<\/strong>\u00bb la <strong>afirmaci\u00f3n de que Hegseth no dio directamente la orden<\/strong>, y ha le\u00eddo un comunicado en el que la Administraci\u00f3n defiende que el controvertido ataque <strong>\u00abtuvo lugar en aguas internacionales y estuvo en conformidad con el derecho en conflictos armados\u00bb<\/strong>.<\/p>\n<p>\u00abEl presidente Trump y el secretario Hegseth han dejado claro que los grupos narcoterroristas designados por el presidente est\u00e1n sujetos a <strong>ataques letales de conformidad con las leyes de la guerra.<\/strong> Con respecto a los ataques en cuesti\u00f3n, el 2 de septiembre, el secretario Hegseth autoriz\u00f3 al almirante (Frank) Bradley a llevar a cabo estos ataques cin\u00e9ticos\u00bb, ha dicho Leavitt.<\/p>\n<p>\u00abEl almirante <strong>Bradley <\/strong>actu\u00f3 con eficacia, dentro del <strong>marco de su autoridad y de la ley <\/strong>que regulaba la operaci\u00f3n, para garantizar la <strong>destrucci\u00f3n del barco y la eliminaci\u00f3n de la amenaza<\/strong> para los Estados Unidos\u00bb, ha agregado.<\/p>\n<p>Frank Bradley es un almirante de la Armada estadounidense que en las fechas del ataque era comandante del Comando de Operaciones Especiales Conjunto.<\/p>\n<p>\u00abEl presidente ha dejado muy claro que si los<strong> narcoterroristas est\u00e1n traficando drogas ilegales hacia Estados Unidos<\/strong>, tiene la autoridad para eliminarlos, y eso es lo que est\u00e1 haciendo esta administraci\u00f3n\u00bb, ha remarcado.<\/p>\n<p>Un senador asegura que \u00abMaduro tiene la oportunidad de irse\u00bb<\/p>\n<p>Por su parte, <strong>el senador estadounidense Markwayne Mullin <\/strong>ha asegurado que <strong>Trump<\/strong> le ha dado a <strong>Maduro \u00abla oportunidad de irse\u00bb.<\/strong> Mullin, republicano por Oklahoma y que integra el Comit\u00e9 de las Fuerzas Armadas del Senado, dijo en la CNN que Trump le present\u00f3 a Maduro la opci\u00f3n de irse<strong> \u00aba Rusia o a otro pa\u00eds<\/strong>\u00ab.<\/p>\n<p>Los ataques de EE.UU. contra supuestas narcolanchas en el Caribe no tienen ning\u00fan paraguas legal. Adem\u00e1s, atacar a civiles o a combatientes heridos est\u00e1 prohibido por las Convenciones de Ginebra, que requieren que los heridos sean atendidos.<\/p>\n","protected":false},"excerpt":{"rendered":"El presidente estadounidense, Donald Trump, convocar\u00e1 este lunes al Consejo de Seguridad Nacional para hablar sobre Venezuela, en&hellip;\n","protected":false},"author":2,"featured_media":266041,"comment_status":"","ping_status":"","sticky":false,"template":"","format":"standard","meta":{"footnotes":""},"categories":[42],"tags":[17,18,13,14,11,61,62,63,64,19,20,9,10,15,16,12,21,22,65,66,67],"class_list":{"0":"post-266040","1":"post","2":"type-post","3":"status-publish","4":"format-standard","5":"has-post-thumbnail","7":"category-internacional","8":"tag-breaking-news","9":"tag-breakingnews","10":"tag-featured-news","11":"tag-featurednews","12":"tag-headlines","13":"tag-internacional","14":"tag-international","15":"tag-international-news","16":"tag-internationalnews","17":"tag-latest-news","18":"tag-latestnews","19":"tag-news","20":"tag-noticias","21":"tag-noticias-destacadas","22":"tag-noticiasdestacadas","23":"tag-titulares","24":"tag-ultimas-noticias","25":"tag-ultimasnoticias","26":"tag-world","27":"tag-world-news","28":"tag-worldnews"},"share_on_mastodon":{"url":"","error":""},"_links":{"self":[{"href":"https:\/\/www.europesays.com\/es\/wp-json\/wp\/v2\/posts\/266040","targetHints":{"allow":["GET"]}}],"collection":[{"href":"https:\/\/www.europesays.com\/es\/wp-json\/wp\/v2\/posts"}],"about":[{"href":"https:\/\/www.europesays.com\/es\/wp-json\/wp\/v2\/types\/post"}],"author":[{"embeddable":true,"href":"https:\/\/www.europesays.com\/es\/wp-json\/wp\/v2\/users\/2"}],"replies":[{"embeddable":true,"href":"https:\/\/www.europesays.com\/es\/wp-json\/wp\/v2\/comments?post=266040"}],"version-history":[{"count":0,"href":"https:\/\/www.europesays.com\/es\/wp-json\/wp\/v2\/posts\/266040\/revisions"}],"wp:featuredmedia":[{"embeddable":true,"href":"https:\/\/www.europesays.com\/es\/wp-json\/wp\/v2\/media\/266041"}],"wp:attachment":[{"href":"https:\/\/www.europesays.com\/es\/wp-json\/wp\/v2\/media?parent=266040"}],"wp:term":[{"taxonomy":"category","embeddable":true,"href":"https:\/\/www.europesays.com\/es\/wp-json\/wp\/v2\/categories?post=266040"},{"taxonomy":"post_tag","embeddable":true,"href":"https:\/\/www.europesays.com\/es\/wp-json\/wp\/v2\/tags?post=266040"}],"curies":[{"name":"wp","href":"https:\/\/api.w.org\/{rel}","templated":true}]}}