{"id":266044,"date":"2025-12-01T20:27:25","date_gmt":"2025-12-01T20:27:25","guid":{"rendered":"https:\/\/www.europesays.com\/es\/266044\/"},"modified":"2025-12-01T20:27:25","modified_gmt":"2025-12-01T20:27:25","slug":"le-pidio-ayuda-con-su-perro","status":"publish","type":"post","link":"https:\/\/www.europesays.com\/es\/266044\/","title":{"rendered":"le pidi\u00f3 ayuda con su perro"},"content":{"rendered":"<p>            Las claves<\/p>\n<p>\n                nuevo<br \/>\n                Generado con IA\n            <\/p>\n<p>        <a class=\"key__news__heading--closed-content\" href=\"http:\/\/www.elespanol.com\/suscripciones\/#utm_source=internal&amp;utm_medium=claves\" rel=\"nofollow noopener\" target=\"_blank\"><\/p>\n<p class=\"item--text\">\n                            Jos\u00e9 Antonio G.A. asesin\u00f3 a Mar\u00eda \u00c1ngeles M.S. en Torrej\u00f3n de Ardoz y posteriormente se suicid\u00f3 saltando desde la azotea del edificio.\n                        <\/p>\n<p class=\"item--text\">\n                            El crimen ocurri\u00f3 tras una discusi\u00f3n iniciada cuando Jos\u00e9 Antonio pidi\u00f3 a Mar\u00eda \u00c1ngeles ayuda con su perro, aprovechando que sus hijas no estaban en casa.\n                        <\/p>\n<p class=\"item--text\">\n                            Mar\u00eda \u00c1ngeles estaba inscrita en el sistema VioG\u00e9n por una denuncia de un testigo en 2021, aunque ella no denunci\u00f3 ni declar\u00f3.\n                        <\/p>\n<p class=\"item--text\">\n                            El asesinato ha conmocionado a la localidad y se investiga como un posible caso de violencia de g\u00e9nero, siendo Mar\u00eda \u00c1ngeles la cuarta v\u00edctima en Madrid este a\u00f1o.\n                        <\/p>\n<p class=\"paragraph\" id=\"paragraph_1\">Diciembre ha comenzado en la localidad madrile\u00f1a de <strong>Torrej\u00f3n de Ardoz<\/strong> con desolaci\u00f3n y conmoci\u00f3n. En la calle de Reino Unido n\u00famero 2, <a href=\"https:\/\/www.elespanol.com\/madrid\/sociedad\/20251201\/mujer-asesinada-marido-torrejon-ardoz-entro-viogen-denuncia-testigo\/1003744036924_0.html?utm_cmp_rs=linksinline\" rel=\"nofollow noopener\" target=\"_blank\"><strong>Jos\u00e9 Antonio G.A., de 45 a\u00f1os, acab\u00f3 con la vida de Mar\u00eda \u00c1ngeles M.S.,<\/strong><\/a> de 44, hacia las 21.00 horas de este domingo y <strong>despu\u00e9s se suicid\u00f3 saltando de la azotea. <\/strong><\/p>\n<p class=\"paragraph\" id=\"paragraph_2\">Durante la ma\u00f1ana del lunes, los vecinos, todav\u00eda impactados por el crimen, recordaban a la v\u00edctima y al verdugo, <a href=\"https:\/\/www.elespanol.com\/madrid\/sociedad\/20251201\/hombre-mata-punalada-cuello-mujer-torrejon-ardoz-despues-tira-azotea\/1003744036500_0.html?utm_cmp_rs=linksinline\" rel=\"nofollow noopener\" target=\"_blank\"><strong>\u00abtorrejoneros de toda la vida\u00bb<\/strong>. <\/a><\/p>\n<p class=\"paragraph\" id=\"paragraph_3\"><a href=\"https:\/\/www.elespanol.com\/madrid\/sociedad\/20251201\/mujer-asesinada-marido-torrejon-ardoz-entro-viogen-denuncia-testigo\/1003744036924_0.html?utm_cmp_rs=linksinline\" rel=\"nofollow noopener\" target=\"_blank\"><strong>\u00abJos\u00e9 Antonio y Mar\u00eda \u00c1ngeles tienen dos hijas, las dos menores de edad.<\/strong><\/a> El crimen sucedi\u00f3 cuando una de ellas estaba con su abuela y la otra hab\u00eda salido a dar una vuelta al perro\u00bb, relata una vecina que les conoc\u00eda.<\/p>\n<p class=\"paragraph\" id=\"paragraph_4\">Seg\u00fan cuenta, Jos\u00e9 Antonio trabajaba <strong>\u00abcomo mozo de almac\u00e9n\u00bb<\/strong> en una conocida cadena de supermercados y Mar\u00eda \u00c1ngeles<strong> \u00abcomo controladora de calidad\u00bb<\/strong> en una empresa de Alcal\u00e1. \u00abLos malos horarios de \u00e9l hab\u00edan sido fuente de conflictos entre ambos\u00bb, cuenta un vecino.<\/p>\n<p class=\"paragraph\" id=\"paragraph_5\">Pero lo cierto es que, seg\u00fan una amiga de la v\u00edctima,<strong> su relaci\u00f3n llevaba \u00abtiempo siendo mala\u00bb: \u00ab<\/strong>Mar\u00eda \u00c1ngeles quer\u00eda distanciarse y llevaban tiempo muy mal, discut\u00edan mucho. De hecho, ella<strong> estaba muy ilusionada con su nueva vida<\/strong> lejos de Jos\u00e9 Antonio y se hab\u00eda mudado con su madre a Alcal\u00e1 de Henares\u00bb.<\/p>\n<blockquote class=\"twitter-tweet\">\n<p dir=\"ltr\" lang=\"es\"><a href=\"https:\/\/twitter.com\/hashtag\/SUMMA112?src=hash&amp;ref_src=twsrc%5Etfw\" rel=\"nofollow noopener\" target=\"_blank\">#SUMMA112<\/a> confirma fallecimiento de una mujer por herida de arma blanca.<\/p>\n<p>\ud83d\udccdTorrej\u00f3n de Ardoz<\/p>\n<p>Adem\u00e1s confirma la muerte de un hombre tras precipitarse desde la azotea.<\/p>\n<p>Interviene <a href=\"https:\/\/twitter.com\/hashtag\/BomberosCM?src=hash&amp;ref_src=twsrc%5Etfw\" rel=\"nofollow noopener\" target=\"_blank\">#BomberosCM<\/a> realizando apertura de puerta de domicilio.<\/p>\n<p>Investiga <a href=\"https:\/\/twitter.com\/policia?ref_src=twsrc%5Etfw\" rel=\"nofollow noopener\" target=\"_blank\">@policia<\/a><br \/>Colabora polic\u00eda local <a href=\"https:\/\/t.co\/BrALVtCILR\" rel=\"nofollow\">pic.twitter.com\/BrALVtCILR<\/a><\/p>\n<p>\u2014 112 Comunidad de Madrid (@112cmadrid) <a href=\"https:\/\/twitter.com\/112cmadrid\/status\/1995393986681557416?ref_src=twsrc%5Etfw\" rel=\"nofollow noopener\" target=\"_blank\">December 1, 2025<\/a><\/p><\/blockquote>\n<p class=\"paragraph\" id=\"paragraph_6\">Adem\u00e1s, un conocido de Jos\u00e9 Antonio, que durante la ma\u00f1ana del lunes arroj\u00f3 una flor en el lugar en el que se suicid\u00f3, cuenta que su hermano le hab\u00eda dicho que<strong> necesitaba \u00abayuda psicol\u00f3gica\u00bb.<\/strong><\/p>\n<p class=\"paragraph\" id=\"paragraph_7\">\u00abJos\u00e9 o &#8216;Pepe&#8217;, como muchos le llam\u00e1bamos, llevaba tiempo mal. <strong>Era muy deportista y un &#8216;runner&#8217; profesional,<\/strong> por lo que era muy conocido en Torrej\u00f3n y en los c\u00edrculos de corredores\u00bb, cuenta este vecino, que conoc\u00eda al presunto asesino de Mar\u00eda \u00c1ngeles.<\/p>\n<p><img decoding=\"async\" alt=\"Los servicios de limpieza lavando el punto donde cay\u00f3 Jos\u00e9 Antonio.\" data-imgm=\"true\" height=\"180\" loading=\"lazy\"  src=\"https:\/\/www.europesays.com\/es\/wp-content\/uploads\/2025\/12\/1003744037364_260247279_1024x576.jpg\"  width=\"320\"\/><\/p>\n<p>                                                            Los servicios de limpieza lavando el punto donde cay\u00f3 Jos\u00e9 Antonio.<\/p>\n<p>                    Jes\u00fas Soler<\/p>\n<p class=\"paragraph\" id=\"paragraph_8\">Seg\u00fan las amigas de la v\u00edctima, Jos\u00e9 Antonio, que viv\u00eda en el tercero de la de Reino Unido n\u00famero 2, donde ha sucedido el crimen, le dijo a Mar\u00eda \u00c1ngeles que<strong> \u00abnecesitaba ayuda con el perro\u00bb,<\/strong> por eso la mujer se desplaz\u00f3 a Torrej\u00f3n durante la tarde del domingo.<\/p>\n<p class=\"paragraph\" id=\"paragraph_9\">Fue entonces cuando comenz\u00f3 una fuerte discusi\u00f3n que la vecina de enfrente escuch\u00f3. \u00abSal\u00ed de casa y llam\u00e9 a su puerta. En ese momento, los gritos cesaron. <strong>Yo nunca les hab\u00eda o\u00eddo discutir de una manera tan violenta\u00bb,<\/strong> cuenta esta vecina.<\/p>\n<p class=\"paragraph\" id=\"paragraph_10\">Los gritos cesaron hacia las 21.00 horas del domingo. Tras apu\u00f1alar a Mar\u00eda \u00c1ngeles varias veces en el cuello, <strong>Jos\u00e9 Antonio subi\u00f3 a la azotea del edificio y se arroj\u00f3 al vac\u00edo.<\/strong><\/p>\n<p class=\"paragraph\" id=\"paragraph_11\">Unos vecinos alertaron a los servicios de emergencia de que <strong>hab\u00eda un hombre tendido en el suelo.<\/strong> Cuando registraron la vivienda, encontraron el cuerpo sin vida de Mar\u00eda \u00c1ngeles.<\/p>\n<p>Ingres\u00f3 en VioG\u00e9n<\/p>\n<p class=\"paragraph\" id=\"paragraph_12\">Seg\u00fan fuentes cercanas a la investigaci\u00f3n que est\u00e1 en marcha por parte de la Polic\u00eda Nacional, <strong>Mar\u00eda \u00c1ngeles ingres\u00f3 en el sistema de Seguimiento Integral en los casos de Violencia de G\u00e9nero, VioG\u00e9n<\/strong>, en diciembre de 2021 tras la denuncia de un testigo, aunque ella no present\u00f3 denuncia ni quiso declarar.<\/p>\n<p class=\"paragraph\" id=\"paragraph_13\">Su registro en el sistema se produjo tras la llamada de un ciudadano que presenci\u00f3 una escena de maltrato entre la pareja; el caso se introdujo en VioG\u00e9n y se aplic\u00f3 el llamado <strong>\u00abprotocolo cero\u00bb.<\/strong><\/p>\n<p class=\"paragraph\" id=\"paragraph_14\">Por tanto, las fuerzas de seguridad iniciaron las gestiones pertinentes<strong> para recabar toda la informaci\u00f3n disponible.<\/strong> Pero el caso, valorado de riesgo bajo, qued\u00f3 inactivo en el sistema al cabo de los meses.<\/p>\n<p class=\"paragraph\" id=\"paragraph_15\">Ahora, todas las hip\u00f3tesis est\u00e1n abiertas, pero de confirmarse la naturaleza del crimen,<strong> Mar\u00eda \u00c1ngeles ser\u00eda la cuarta v\u00edctima de violencia machista en lo que va de a\u00f1o en la Comunidad de Madrid<\/strong> y la n\u00famero 41 en toda Espa\u00f1a.<\/p>\n<blockquote class=\"twitter-tweet\">\n<p dir=\"ltr\" lang=\"es\">Hoy es un d\u00eda profundamente triste para Torrej\u00f3n de Ardoz por el asesinato por violencia de g\u00e9nero de nuestra vecina Mar\u00eda \u00c1ngeles, presuntamente cometido por su pareja. <a href=\"https:\/\/t.co\/39qe5MyyzS\" rel=\"nofollow\">pic.twitter.com\/39qe5MyyzS<\/a><\/p>\n<p>\u2014 Alejandro Navarro Prieto-Alcalde de Torrej\u00f3n (@Ale_Navarro_trj) <a href=\"https:\/\/twitter.com\/Ale_Navarro_trj\/status\/1995468191728816514?ref_src=twsrc%5Etfw\" rel=\"nofollow noopener\" target=\"_blank\">December 1, 2025<\/a><\/p><\/blockquote>\n<p class=\"paragraph\" id=\"paragraph_16\">Durante la ma\u00f1ana del lunes, en la plaza Mayor de Torrej\u00f3n, se guard\u00f3 un minuto de silencio en<strong> \u00ab<\/strong><strong>se\u00f1al de duelo y repulsa ante una de las situaciones m\u00e1s complejas que vivimos en la sociedad actual\u00bb,<\/strong> seg\u00fan declar\u00f3 el alcalde de la localidad, Alejandro Navarro. <\/p>\n<p class=\"paragraph\" id=\"paragraph_17\">Las v\u00edctimas de la violencia machista y su entorno pueden pedir ayuda en distintos recursos activos todos los d\u00edas de la semana y las 24 horas del d\u00eda: el tel\u00e9fono 016, el correo electr\u00f3nico 016-online@igualdad.gob.es y el canal del WhatsApp en el n\u00famero 600 000 016.<\/p>\n<p class=\"paragraph\" id=\"paragraph_18\">En una situaci\u00f3n de emergencia se puede llamar al 112 o a los tel\u00e9fonos de emergencias de la Polic\u00eda Nacional (091) y de la Guardia Civil (062) y, si no es posible hacer esa llamada, en caso de peligro existe tambi\u00e9n la opci\u00f3n de activar la aplicaci\u00f3n ALERTCOPS, que env\u00eda una se\u00f1al de alerta a la Polic\u00eda con geolocalizaci\u00f3n. EFE<\/p>\n<p>                                    <script async src=\"https:\/\/platform.twitter.com\/widgets.js\" charset=\"utf-8\"><\/script><\/p>\n","protected":false},"excerpt":{"rendered":"Las claves nuevo Generado con IA Jos\u00e9 Antonio G.A. asesin\u00f3 a Mar\u00eda \u00c1ngeles M.S. en Torrej\u00f3n de Ardoz&hellip;\n","protected":false},"author":2,"featured_media":266045,"comment_status":"","ping_status":"","sticky":false,"template":"","format":"standard","meta":{"footnotes":""},"categories":[5],"tags":[17,18,1467,25,24,13,14,11,19,20,205,9,10,15,16,492,23,12,65845,21,22,6580],"class_list":{"0":"post-266044","1":"post","2":"type-post","3":"status-publish","4":"format-standard","5":"has-post-thumbnail","7":"category-titulares","8":"tag-breaking-news","9":"tag-breakingnews","10":"tag-comunidad-de-madrid","11":"tag-es","12":"tag-espana","13":"tag-featured-news","14":"tag-featurednews","15":"tag-headlines","16":"tag-latest-news","17":"tag-latestnews","18":"tag-madrid","19":"tag-news","20":"tag-noticias","21":"tag-noticias-destacadas","22":"tag-noticiasdestacadas","23":"tag-sociedad","24":"tag-spain","25":"tag-titulares","26":"tag-torrejon-de-ardoz","27":"tag-ultimas-noticias","28":"tag-ultimasnoticias","29":"tag-violencia-machista"},"share_on_mastodon":{"url":"https:\/\/pubeurope.com\/@es\/115646198490095863","error":""},"_links":{"self":[{"href":"https:\/\/www.europesays.com\/es\/wp-json\/wp\/v2\/posts\/266044","targetHints":{"allow":["GET"]}}],"collection":[{"href":"https:\/\/www.europesays.com\/es\/wp-json\/wp\/v2\/posts"}],"about":[{"href":"https:\/\/www.europesays.com\/es\/wp-json\/wp\/v2\/types\/post"}],"author":[{"embeddable":true,"href":"https:\/\/www.europesays.com\/es\/wp-json\/wp\/v2\/users\/2"}],"replies":[{"embeddable":true,"href":"https:\/\/www.europesays.com\/es\/wp-json\/wp\/v2\/comments?post=266044"}],"version-history":[{"count":0,"href":"https:\/\/www.europesays.com\/es\/wp-json\/wp\/v2\/posts\/266044\/revisions"}],"wp:featuredmedia":[{"embeddable":true,"href":"https:\/\/www.europesays.com\/es\/wp-json\/wp\/v2\/media\/266045"}],"wp:attachment":[{"href":"https:\/\/www.europesays.com\/es\/wp-json\/wp\/v2\/media?parent=266044"}],"wp:term":[{"taxonomy":"category","embeddable":true,"href":"https:\/\/www.europesays.com\/es\/wp-json\/wp\/v2\/categories?post=266044"},{"taxonomy":"post_tag","embeddable":true,"href":"https:\/\/www.europesays.com\/es\/wp-json\/wp\/v2\/tags?post=266044"}],"curies":[{"name":"wp","href":"https:\/\/api.w.org\/{rel}","templated":true}]}}