{"id":266052,"date":"2025-12-01T20:37:10","date_gmt":"2025-12-01T20:37:10","guid":{"rendered":"https:\/\/www.europesays.com\/es\/266052\/"},"modified":"2025-12-01T20:37:10","modified_gmt":"2025-12-01T20:37:10","slug":"el-descuido-de-xabi-alonso-por-el-partido-contra-el-athletic-en-bilbo-perdon","status":"publish","type":"post","link":"https:\/\/www.europesays.com\/es\/266052\/","title":{"rendered":"El descuido de Xabi Alonso por el partido contra el Athletic: \u00abEn Bilbo, perd\u00f3n\u00bb"},"content":{"rendered":"<p class=\"v-mdl-ath__p v-mdl-ath__p--6\">\nLunes, 1 de diciembre 2025, 18:24<\/p>\n<p class=\"v-p\">El Real Madrid de Xabi Alonso llegar\u00e1 a San Mam\u00e9s con el liderato perdido por el camino tras su tropiezo (1-1) ante el Girona. El Athletic buscar\u00e1 pescar en aguas revueltas ante un rival al que se le est\u00e1n atragantando los partidos lejos de casa en un calendario a corto plazo apretado al que se suma la visita al Atl\u00e9tico y el duelo ante el PSG en casa. Y el tolosarra es consciente de que el duelo en La Catedral no ser\u00e1 nada f\u00e1cil. <\/p>\n<p class=\"v-p\">El duelo ante el conjunto blanco se ha adelantado porque ambos disputar\u00e1n a principios de enero la Supercopa en Arabia Saud\u00ed. A Bilbao llega un conjunto blanco en horas bajas. Lo sabe Xabi Alonso, que protagoniz\u00f3 en la rueda de prensa posterior al empate ante el Girona un lapsus sorprendente por ser vasco. <\/p>\n<p class=\"v-p\">Fue al ser preguntado por un periodista de la COPE acerca de la mala racha de su equipo. \u00abSon tres empates consecutivos en Liga. No s\u00e9 si crees que el equipo puede estar atravesando un bache\u00bb, le plantaba. El preparador tolosarra defendi\u00f3 que no ten\u00eda reproche alguno hacia sus futbolistas y anim\u00f3 a \u00abseguir con la unidad que tenemos y la autocr\u00edtica necesaria\u00bb para alimentar \u00ablas ganas de ganar fuera de casa\u00bb. <\/p>\n<p class=\"v-p\">Entonces, lleg\u00f3 el lapsus. \u00abTenemos el mi\u00e9rcoles la ocasi\u00f3n en &#8216;Bilbado&#8217; (sic)\u00bb, continu\u00f3. Consciente de su error, eso s\u00ed, rectific\u00f3 al momento. \u00abEn Bilbo, perd\u00f3n\u00bb. De esta manera se refiri\u00f3 a la capital vizca\u00edna en el resto de ocasiones que la mencion\u00f3 en la rueda de prensa.<\/p>\n<p>Reporta un error<\/p>\n","protected":false},"excerpt":{"rendered":"Lunes, 1 de diciembre 2025, 18:24 El Real Madrid de Xabi Alonso llegar\u00e1 a San Mam\u00e9s con el&hellip;\n","protected":false},"author":2,"featured_media":266053,"comment_status":"","ping_status":"","sticky":false,"template":"","format":"standard","meta":{"footnotes":""},"categories":[268],"tags":[3732,24887,168,36145,25,24,280,282,5821,2330,7667,281,23,167,1781],"class_list":{"0":"post-266052","1":"post","2":"type-post","3":"status-publish","4":"format-standard","5":"has-post-thumbnail","7":"category-futbol","8":"tag-alonso","9":"tag-bilbo","10":"tag-deportes","11":"tag-descuido","12":"tag-es","13":"tag-espana","14":"tag-football","15":"tag-futbol","16":"tag-perdon","17":"tag-prensa","18":"tag-rueda","19":"tag-soccer","20":"tag-spain","21":"tag-sports","22":"tag-xabi"},"share_on_mastodon":{"url":"https:\/\/pubeurope.com\/@es\/115646237799456823","error":""},"_links":{"self":[{"href":"https:\/\/www.europesays.com\/es\/wp-json\/wp\/v2\/posts\/266052","targetHints":{"allow":["GET"]}}],"collection":[{"href":"https:\/\/www.europesays.com\/es\/wp-json\/wp\/v2\/posts"}],"about":[{"href":"https:\/\/www.europesays.com\/es\/wp-json\/wp\/v2\/types\/post"}],"author":[{"embeddable":true,"href":"https:\/\/www.europesays.com\/es\/wp-json\/wp\/v2\/users\/2"}],"replies":[{"embeddable":true,"href":"https:\/\/www.europesays.com\/es\/wp-json\/wp\/v2\/comments?post=266052"}],"version-history":[{"count":0,"href":"https:\/\/www.europesays.com\/es\/wp-json\/wp\/v2\/posts\/266052\/revisions"}],"wp:featuredmedia":[{"embeddable":true,"href":"https:\/\/www.europesays.com\/es\/wp-json\/wp\/v2\/media\/266053"}],"wp:attachment":[{"href":"https:\/\/www.europesays.com\/es\/wp-json\/wp\/v2\/media?parent=266052"}],"wp:term":[{"taxonomy":"category","embeddable":true,"href":"https:\/\/www.europesays.com\/es\/wp-json\/wp\/v2\/categories?post=266052"},{"taxonomy":"post_tag","embeddable":true,"href":"https:\/\/www.europesays.com\/es\/wp-json\/wp\/v2\/tags?post=266052"}],"curies":[{"name":"wp","href":"https:\/\/api.w.org\/{rel}","templated":true}]}}