{"id":266054,"date":"2025-12-01T20:38:37","date_gmt":"2025-12-01T20:38:37","guid":{"rendered":"https:\/\/www.europesays.com\/es\/266054\/"},"modified":"2025-12-01T20:38:37","modified_gmt":"2025-12-01T20:38:37","slug":"de-jessica-alba-a-david-beckham-lluvia-de-estrellas-en-el-gran-premio-de-catar-de-formula-1","status":"publish","type":"post","link":"https:\/\/www.europesays.com\/es\/266054\/","title":{"rendered":"De Jessica Alba a David Beckham, lluvia de estrellas en el Gran Premio de Catar de F\u00f3rmula 1"},"content":{"rendered":"<p id=\"eZH8_6yC2K\" data-wc=\"112\">M\u00e1s all\u00e1 de las carreras, la F\u00f3rmula 1 es sin\u00f3nimo de estrellas del deporte, del mundo del espect\u00e1culo, de la moda, de los negocios o de todo aquello que brilla m\u00e1s de lo normal y tiene mucha purpurina a su alrededor. Si adem\u00e1s nos encontramos en uno de los pa\u00edses m\u00e1s ricos del mundo, en este caso gracias al petr\u00f3leo y el gas natural, pues la ecuaci\u00f3n resulta perfecta. El<strong>\u00a0Gran Premio de Catar de Formula 1<\/strong> se convert\u00eda este domingo en una aut\u00e9ntico desfile de VIPs de talla internacional,<strong>\u00a0de Jessica Alba a David Beckham<\/strong>, todos ellos dispuestos a disfrutar &#8216;in situ&#8217; de la competici\u00f3n de coches m\u00e1s r\u00e1pidos del planeta.<\/p>\n<p> <img src=\"https:\/\/www.europesays.com\/es\/wp-content\/uploads\/2025\/12\/77c1cc6ee706-gettyimages-2249216140.jpg\"   width=\"1024\" height=\"682\" loading=\"lazy\" decoding=\"async\" alt=\"David Beckham, apoyando a la escuder\u00eda McLaren\" fetchpriority=\"auto\" class=\"image ho-image\"\/>\u00a9 Getty ImagesDavid Beckham, apoyando a la escuder\u00eda McLaren<\/p>\n<p> <img src=\"https:\/\/www.europesays.com\/es\/wp-content\/uploads\/2025\/12\/5dfd1c20f2e6-gettyimages-2248634383.jpg\"   width=\"1024\" height=\"682\" loading=\"lazy\" decoding=\"async\" alt=\"Jessica Alba, hablando para la prensa\" fetchpriority=\"auto\" class=\"image ho-image\"\/>\u00a9 Getty ImagesJessica Alba, hablando para la prensa<\/p>\n<p> <img src=\"https:\/\/www.europesays.com\/es\/wp-content\/uploads\/2025\/12\/3551fc5dfa4f-gettyimages-2249203815.jpg\"   width=\"729\" height=\"1024\" loading=\"lazy\" decoding=\"async\" alt=\"Carmen Jord\u00e1, con la estrella de Hollywood\" fetchpriority=\"auto\" class=\"image ho-image\"\/>\u00a9 Getty ImagesCarmen Jord\u00e1, con la estrella de Hollywood<\/p>\n<p> <img src=\"https:\/\/www.europesays.com\/es\/wp-content\/uploads\/2025\/12\/2250df774ad2-gettyimages-2249200037.jpg\"   width=\"682\" height=\"1024\" loading=\"lazy\" decoding=\"async\" alt=\"Rosie Huntington-Whiteley\" fetchpriority=\"auto\" class=\"image ho-image\"\/>\u00a9 Getty ImagesRosie Huntington-Whiteley<\/p>\n<p id=\"etmtS2Hvhi\" data-wc=\"119\">La actriz de Hollywood se lo pas\u00f3 en grande y la ve\u00edamos junto a la espectacular top model<strong>\u00a0Rosie Huntington-Whiteley<\/strong>, adem\u00e1s de charlar animadamente con la guap\u00edsima piloto espa\u00f1ola <strong>Carmen Jord\u00e1<\/strong>, quien actualmente trabaja para la escuder\u00eda francesa Alpine. Tampoco quisieron perderse esta cita en el circuito internacional de Losail el laureado tenista serbio <strong>Novak Djokovic<\/strong>, el chef brit\u00e1nico <strong>Gordon Ramsay<\/strong>, el jugador de la NBA <strong>Anthony Davis<\/strong>, el cantante de la m\u00edtica banda Metallica, <strong>James Hetflied,<\/strong> el actor norteamericano <strong>Kevin Hart<\/strong> (quien onde\u00f3 la banderola de cuadros), el exfutbolista ingl\u00e9s <strong>Rio Ferdinand<\/strong>, DJ y productor musical estadounidense<strong>\u00a0Swizz Beatz<\/strong>, la presentadora <strong>Maya Jama<\/strong>, el atleta <strong>Mutaz Barshim\u00a0<\/strong>o el presidente de la FIFA <strong>Gianni Infantino,<\/strong> entre muchos otros.<\/p>\n<p> <img src=\"https:\/\/www.europesays.com\/es\/wp-content\/uploads\/2025\/12\/b7c26f3d7bae-gettyimages-2249193730.jpg\"   width=\"761\" height=\"1024\" loading=\"lazy\" decoding=\"async\" alt=\"Novak Djokovic\" fetchpriority=\"auto\" class=\"image ho-image\"\/>\u00a9 Getty ImagesNovak Djokovic<\/p>\n<p> <img src=\"https:\/\/www.europesays.com\/es\/wp-content\/uploads\/2025\/12\/b94ae9e57096-gettyimages-2248501853.jpg\"   width=\"1024\" height=\"682\" loading=\"lazy\" decoding=\"async\" alt=\"James Hetfield, cantante de Metallica, con Gordon Ramsay\" fetchpriority=\"auto\" class=\"image ho-image\"\/>\u00a9 Getty ImagesJames Hetfield, cantante de Metallica, con Gordon Ramsay<\/p>\n<p> <img src=\"https:\/\/www.europesays.com\/es\/wp-content\/uploads\/2025\/12\/8264401bda0e-gettyimages-2249217281.jpg\"   width=\"1024\" height=\"682\" loading=\"lazy\" decoding=\"async\" alt=\"El chef brit\u00e1nico, en Catar\" fetchpriority=\"auto\" class=\"image ho-image\"\/>\u00a9 Getty ImagesEl chef brit\u00e1nico, en Catar<\/p>\n<p> <img src=\"https:\/\/www.europesays.com\/es\/wp-content\/uploads\/2025\/12\/8c455531493a-gettyimages-2249296123.jpg\"   width=\"1024\" height=\"682\" loading=\"lazy\" decoding=\"async\" alt=\"Kevin Hart\" fetchpriority=\"auto\" class=\"image ho-image\"\/>\u00a9 Getty ImagesKevin Hart<\/p>\n<p id=\"eZqHQr8HoZ\" data-wc=\"119\">Durante su estancia all\u00ed, la mayor\u00eda aprovecha para darse un paseo por el &#8216;paddock&#8217;, saludando a los corredores y a sus equipos para conocer c\u00f3mo funciona por dentro este circo tan apasionante. Incluso, otros como el ganador de 24 Gran Slams se atreven incluso a dar clases de gimnasia y yoga, como hizo el pasado s\u00e1bado sobre el asfalto y regal\u00e1ndonos as\u00ed uno de los v\u00eddeos del fin de semana que m\u00e1s se ha viralizado. En el mismo, &#8216;Nole&#8217; ejerc\u00eda de monitor para un reducido grupo de personas, entre ellos el piloto argentino <strong>Franco Colapinto<\/strong>. Este, sin embargo, no pudo seguir el ritmo del deportista balc\u00e1nico y, de forma un tanto c\u00f3mica, se le vio con dolores de espalda.<\/p>\n<p> <img src=\"https:\/\/www.europesays.com\/es\/wp-content\/uploads\/2025\/12\/624c127fbf0e-gettyimages-2249292118.jpg\"   width=\"682\" height=\"1024\" loading=\"lazy\" decoding=\"async\" alt=\"Rio Ferdinand\" fetchpriority=\"auto\" class=\"image ho-image\"\/>\u00a9 Getty ImagesRio Ferdinand<\/p>\n<p> <img src=\"https:\/\/www.europesays.com\/es\/wp-content\/uploads\/2025\/12\/951c68a95625-gettyimages-2249216152.jpg\"   width=\"682\" height=\"1024\" loading=\"lazy\" decoding=\"async\" alt=\"Maya Jama\" fetchpriority=\"auto\" class=\"image ho-image\"\/>\u00a9 Getty ImagesMaya Jama<\/p>\n<p> <img src=\"https:\/\/www.europesays.com\/es\/wp-content\/uploads\/2025\/12\/c87623c33261-gettyimages-2249192611.jpg\"   width=\"1024\" height=\"682\" loading=\"lazy\" decoding=\"async\" alt=\"Flavio Briatore con Gianni Infantino\" fetchpriority=\"auto\" class=\"image ho-image\"\/>\u00a9 Getty ImagesFlavio Briatore con Gianni Infantino<\/p>\n<p> <img src=\"https:\/\/www.europesays.com\/es\/wp-content\/uploads\/2025\/12\/cbc0429347d7-gettyimages-2248765238.jpg\"   width=\"682\" height=\"1024\" loading=\"lazy\" decoding=\"async\" alt=\"Swizz Beatz\" fetchpriority=\"auto\" class=\"image ho-image\"\/>\u00a9 Getty ImagesSwizz Beatz<\/p>\n<p id=\"em7HcfOGNx\" data-wc=\"128\">En lo que al resultado de la prueba se refiere, los nervios estaban a flor de piel ya que era la pen\u00faltima cita del calendario y el t\u00edtulo a\u00fan <a class=\"hm-link ho-link\" href=\"https:\/\/www.hola.com\/actualidad\/20251130869539\/formula-1-gp-qatar-norris-verstappen-piastri\/\" data-mrf-recirculation=\"article-body-link\" rel=\"nofollow noopener\" target=\"_blank\">est\u00e1 por decidir<\/a>. El neerland\u00e9s Max Verstappen, de Red Bull, se sub\u00eda a lo m\u00e1s alto del caj\u00f3n y dejaba a los McLaren de Oscar Piastri y Lando Norris por detr\u00e1s. De esta forma, la clasificaci\u00f3n est\u00e1 m\u00e1s apretada que nunca y habr\u00e1 que esperar solo unos d\u00edas, al Gran Premio de Abu Dabi que se disputa del 5 al 7 de diciembre en Yas Marina, para saber qui\u00e9n se convierte en el flamante campe\u00f3n de 2025. Las espadas est\u00e1n en todo lo alto, por lo que se vienen emociones fuertes que seguro har\u00e1n las delicias de los aficionados.<\/p>\n<p> <img src=\"https:\/\/www.europesays.com\/es\/wp-content\/uploads\/2025\/12\/15576293ae7f-gettyimages-2248727639.jpg\"   width=\"1024\" height=\"654\" loading=\"lazy\" decoding=\"async\" alt=\"El Williams de Carlos Sainz Jr, sobre el asfalto\" fetchpriority=\"auto\" class=\"image ho-image\"\/>\u00a9 Getty ImagesEl Williams de Carlos Sainz Jr, sobre el asfalto<\/p>\n<p> <img src=\"https:\/\/www.europesays.com\/es\/wp-content\/uploads\/2025\/12\/cd175560d875-gettyimages-2248733016.jpg\"   width=\"1024\" height=\"689\" loading=\"lazy\" decoding=\"async\" alt=\"Carlos Sainz celebra su tercer puesto\" fetchpriority=\"auto\" class=\"image ho-image\"\/>\u00a9 Getty ImagesEl piloto madrile\u00f1o celebra su tercer puesto<\/p>\n<p> <img src=\"https:\/\/www.europesays.com\/es\/wp-content\/uploads\/2025\/12\/3131257beacc-gettyimages-2248599868.jpg\"   width=\"1024\" height=\"667\" loading=\"lazy\" decoding=\"async\" alt=\"Carlos Sainz, apoyando a su hijo en Catar\" fetchpriority=\"auto\" class=\"image ho-image\"\/>\u00a9 Getty ImagesCarlos Sainz, apoyando a su hijo en Catar<\/p>\n<p> <img src=\"https:\/\/www.europesays.com\/es\/wp-content\/uploads\/2025\/12\/c2946fd0c9d5-gettyimages-2248727893.jpg\"   width=\"1024\" height=\"712\" loading=\"lazy\" decoding=\"async\" alt=\"Lluvia de champagne en Catar\" fetchpriority=\"auto\" class=\"image ho-image\"\/>\u00a9 Getty ImagesLluvia de champ\u00e1n en el podio<\/p>\n<p id=\"eucypt6zjr\" data-wc=\"120\"><strong>Carlos Sainz Jr.<\/strong>, por su parte, dio la gran alegr\u00eda a los seguidores espa\u00f1oles tras su magn\u00edfico tercer puesto en la pista catar\u00ed, col\u00e1ndose entre los mejores cuando nadie lo esperaba (y repitiendo as\u00ed su mejor puesto de la temporada). Lo vimos por lo tanto ba\u00f1arse en champ\u00e1n sobre el podio, \u00a0con una sonrisa de oreja a oreja (y no era para menos). All\u00ed, apoy\u00e1ndole de manera incondicional, estuvo su padre, el m\u00edtico piloto de rallies Carlos Sainz. \u00abEl inicio del a\u00f1o fue duro, pero \u00e9l se crece bajo presi\u00f3n y al final poco a poco ha ido conociendo mejor el coche, encarrilando una serie de buenos resultados\u00bb, dec\u00eda este orgulloso ante la prensa cuando le preguntaron por su hijo.<\/p>\n","protected":false},"excerpt":{"rendered":"M\u00e1s all\u00e1 de las carreras, la F\u00f3rmula 1 es sin\u00f3nimo de estrellas del deporte, del mundo del espect\u00e1culo,&hellip;\n","protected":false},"author":2,"featured_media":266055,"comment_status":"","ping_status":"","sticky":false,"template":"","format":"standard","meta":{"footnotes":""},"categories":[174],"tags":[517,255,3062,146,147,25,24,256,17239,23],"class_list":{"0":"post-266054","1":"post","2":"type-post","3":"status-publish","4":"format-standard","5":"has-post-thumbnail","7":"category-famosos","8":"tag-actualidad","9":"tag-celebrities","10":"tag-david-beckham","11":"tag-entertainment","12":"tag-entretenimiento","13":"tag-es","14":"tag-espana","15":"tag-famosos","16":"tag-jessica-alba","17":"tag-spain"},"share_on_mastodon":{"url":"https:\/\/pubeurope.com\/@es\/115646243275902394","error":""},"_links":{"self":[{"href":"https:\/\/www.europesays.com\/es\/wp-json\/wp\/v2\/posts\/266054","targetHints":{"allow":["GET"]}}],"collection":[{"href":"https:\/\/www.europesays.com\/es\/wp-json\/wp\/v2\/posts"}],"about":[{"href":"https:\/\/www.europesays.com\/es\/wp-json\/wp\/v2\/types\/post"}],"author":[{"embeddable":true,"href":"https:\/\/www.europesays.com\/es\/wp-json\/wp\/v2\/users\/2"}],"replies":[{"embeddable":true,"href":"https:\/\/www.europesays.com\/es\/wp-json\/wp\/v2\/comments?post=266054"}],"version-history":[{"count":0,"href":"https:\/\/www.europesays.com\/es\/wp-json\/wp\/v2\/posts\/266054\/revisions"}],"wp:featuredmedia":[{"embeddable":true,"href":"https:\/\/www.europesays.com\/es\/wp-json\/wp\/v2\/media\/266055"}],"wp:attachment":[{"href":"https:\/\/www.europesays.com\/es\/wp-json\/wp\/v2\/media?parent=266054"}],"wp:term":[{"taxonomy":"category","embeddable":true,"href":"https:\/\/www.europesays.com\/es\/wp-json\/wp\/v2\/categories?post=266054"},{"taxonomy":"post_tag","embeddable":true,"href":"https:\/\/www.europesays.com\/es\/wp-json\/wp\/v2\/tags?post=266054"}],"curies":[{"name":"wp","href":"https:\/\/api.w.org\/{rel}","templated":true}]}}