{"id":266056,"date":"2025-12-01T20:39:17","date_gmt":"2025-12-01T20:39:17","guid":{"rendered":"https:\/\/www.europesays.com\/es\/266056\/"},"modified":"2025-12-01T20:39:17","modified_gmt":"2025-12-01T20:39:17","slug":"el-museo-de-bellas-artes-reune-a-la-saga-becquer-al-completo-por-primera-vez-en-sevilla-con-30-de-las-150-obras-recien-restauradas","status":"publish","type":"post","link":"https:\/\/www.europesays.com\/es\/266056\/","title":{"rendered":"El Museo de Bellas Artes re\u00fane a la saga B\u00e9cquer al completo por primera vez en Sevilla con 30 de las 150 obras reci\u00e9n restauradas"},"content":{"rendered":"<p style=\"\">El <strong>apellido B\u00e9cquer<\/strong> est\u00e1 ligado de forma indisoluble a la cultura del siglo XIX en Sevilla. Los apenas 75 a\u00f1os que vivieron sus tres generaciones de artistas son buena muestra de las corrientes que marcaron el reinado de Isabel II, desde las escenas costumbristas  &#8230; hasta la implantaci\u00f3n del imaginario rom\u00e1ntico y los primeros aires del realismo. Todo ello se condensa en la gran exposici\u00f3n con la que el <strong>Museo de Bellas Artes<\/strong> cierra el a\u00f1o. La consejera de Cultura y Deporte, <strong>Patricia del Pozo<\/strong>, ha inaugurado este lunes 1 de diciembre la muestra temporal <strong>&#8216;Los B\u00e9cquer, un linaje de artistas&#8217;<\/strong>, que re\u00fane por vez primera m\u00e1s de 150 obras de distinto material y formato entre Jos\u00e9, Joaqu\u00edn, Valeriano y Gustavo Adolfo B\u00e9cquer. \u00d3leos, dibujos, acuarelas y litograf\u00edas de la familia se funden en una de las muestras m\u00e1s vers\u00e1tiles y completas organizadas por la pinacoteca hispalense.<\/p>\n<p class=\"voc-p\" style=\"\">La exposici\u00f3n se compone concretamente de <strong>65 \u00f3leos, 83 dibujos, acuarelas y litograf\u00edas, cinco \u00e1lbumes y dos libros<\/strong> que proceden tanto de los fondos propios del Museo de Bellas Artes como de <strong>pr\u00e9stamos de colecciones particulares y otros museos<\/strong>, entre ellos el Mus\u00e9e Bonnat-Helleu de Bayona, el Museo Nacional del Prado, el Museo San Telmo de San Sebasti\u00e1n, el Museo Nacional del Romanticismo, la Biblioteca Nacional de Espa\u00f1a, el Museo Carmen Thyssen de M\u00e1laga, el Museo de C\u00e1diz y el Ayuntamiento de Sevilla. En total, m\u00e1s de una decena de instituciones y colecciones p\u00fablicas y privadas andaluzas, nacionales y europeas han prestado obras. <strong>Una recopilaci\u00f3n sin precedentes<\/strong> con la que los organizadores buscan otorgarle el sitio que merece a esta saga de artistas que tuvieron tanto que decir en tan poco tiempo \u2014las muertes prematuras marcaron a la familia\u2014 cuyo legado permanece a\u00fan hoy.<\/p>\n<p class=\"voc-p\" style=\"\">En esa l\u00ednea, la consejera, que apareci\u00f3 en la inauguraci\u00f3n vestida con una falda estampada de oscuras golondrinas inspiradas en las de Gustavo Adolfo B\u00e9cquer, ha incidido en que <strong>muchas obras de la muestra se exponen por primera vez en Sevilla<\/strong>. Se reencuentra, por tanto, el legado familiar muchos a\u00f1os despu\u00e9s en el Museo de Bellas Artes de Sevilla en una suerte de vuelta a casa por Navidad: \u00abSe trata de una iniciativa tan acertada como necesaria, por ser una muestra vinculada a su propia historia y, por ende, la de Sevilla, respondiendo as\u00ed a una de las l\u00edneas fundamentales de trabajo de la pinacoteca: la investigaci\u00f3n y la divulgaci\u00f3n de sus colecciones\u00bb.<\/p>\n<p><img decoding=\"async\" loading=\"lazy\" src=\"https:\/\/www.europesays.com\/es\/wp-content\/uploads\/2025\/12\/patricia-pozo-becquer-U76034002884AHt-760x427@diario_abc.jpeg\" class=\"voc-img\" width=\"760\" height=\"427\" alt=\"La consejera de Cultura, Patricia del Pozo, en la inauguraci\u00f3n\" data-voc-vtm-id=\"in-text-traffic\"\/><\/p>\n<p>La consejera de Cultura, Patricia del Pozo, en la inauguraci\u00f3n<\/p>\n<p>Manuel G\u00f3mez<\/p>\n<p class=\"voc-p\" style=\"\">La capacidad de concentraci\u00f3n de buena parte de la producci\u00f3n de estos artistas constituye \u00abuna oportunidad \u00fanica para conocer en profundidad el legado pict\u00f3rico de esta familia\u00bb, seg\u00fan la consejera ha hecho hincapi\u00e9 en la interesante faceta como dibujante del m\u00e1s c\u00e9lebre de los miembros de la saga. Los \u00e1lbumes de hermosos y sugerentes<strong> dibujos de Gustavo Adolfo<\/strong>, as\u00ed como la <strong>primera edici\u00f3n de sus famosas &#8216;Rimas y Leyendas&#8217;<\/strong> se encuentran expuestos en la sala en la que se puede contemplar el c\u00e9lebre retrato que le pint\u00f3 su hermano Valeriano hacia 1862.<\/p>\n<p class=\"voc-p\" style=\"\">Tambi\u00e9n ha felicitado a los responsables de la obra por preocuparse de buscar \u00abla mejor manera de contar lo que se quiere contar\u00bb asegur\u00e1ndose adem\u00e1s de que las obras est\u00e9n en el mejor estado. Acompa\u00f1ada en la apertura de la exposici\u00f3n por el delegado del Gobierno de la Junta de Andaluc\u00eda en Sevilla, <strong>Ricardo S\u00e1nchez<\/strong>; la directora del Museo de Bellas Artes de Sevilla, <strong>Valme Mu\u00f1oz<\/strong>, y el comisario de la muestra, el historiador del arte <strong>Manuel Pi\u00f1anes Garc\u00eda-Ol\u00edas<\/strong>, la consejera ha recalcado la importancia de iniciativas de esta envergadura por la \u00ab<strong>revisi\u00f3n cr\u00edtica que hacen de la producci\u00f3n de estos grandes nombres del arte andaluz del siglo XIX<\/strong>, al tiempo que propician la restauraci\u00f3n o tratamiento conservativo de muchas de las obras expuestas\u00bb. En este caso, 30 de las obras de la exposici\u00f3n se han restaurado para la misma, buena parte de ellas, 28, en los propios talleres del Museo de Bellas Artes.<\/p>\n<p class=\"voc-title\">La muestra re\u00fane m\u00e1s de 150 obras de las tres generaciones de artistas de la familia B\u00e9cquer a lo largo de las salas XII, XIII y XIV del museo hasta el 15 de marzo<\/p>\n<p class=\"voc-p\" style=\"\">La directora del Museo de Bellas Artes, <strong>Valme Mu\u00f1oz<\/strong>, ha destacado durante su intervenci\u00f3n la \u00abvisi\u00f3n actualizada\u00bb de la exposici\u00f3n, as\u00ed como la <strong>\u00abmirada in\u00e9dita\u00bb<\/strong> que esta ofrece a un linaje sin el que el Romanticismo sevillano habr\u00eda sido muy diferente: \u00abEn torno a Jos\u00e9, Joaqu\u00edn, Valeriano y Gustavo Adolfo B\u00e9cquer se teje una historia de talento, sensibilidad y modernidad que, desde Sevilla, proyect\u00f3 su eco a todo el panorama art\u00edstico y literario espa\u00f1ol del siglo XIX\u00bb. Como puede comprobarse en los motivos y el tono de las obras, que van de los paisajes m\u00e1s cotidianos a otros m\u00e1s \u00edntimos pasando por las escenas de costumbres, la saga B\u00e9cquer consigue \u00abconjugar el<strong> fervor rom\u00e1ntico<\/strong> con la observaci\u00f3n del entorno\u00bb.<\/p>\n<p class=\"voc-p\" style=\"\">Igualmente Mu\u00f1oz ha destacado que Jos\u00e9 Dom\u00ednguez B\u00e9cquer, el patriarca, \u00ab<strong>sent\u00f3 las bases del costumbrismo andaluz con escenas populares que cautivaron a viajeros y coleccionistas europeos<\/strong>\u00bb en un momento de efervescencia del fen\u00f3meno del viajero rom\u00e1ntico, como ocurri\u00f3 en Ronda. Su primo Joaqu\u00edn Dom\u00ednguez B\u00e9cquer, el \u00fanico de los cuatro que super\u00f3 los cuarenta a\u00f1os, \u00abconsolid\u00f3 este legado, <strong>elevando la pintura de costumbres a un lenguaje de gran dignidad<\/strong>. Profesor, restaurador y conservador del entonces Museo de Pinturas, hoy Museo de Bellas Artes de Sevilla,<strong> Joaqu\u00edn fue figura clave en la institucionalizaci\u00f3n de la vida art\u00edstica de la ciudad<\/strong>, participando en la catalogaci\u00f3n de las colecciones y en la conservaci\u00f3n de su patrimonio\u00bb.<\/p>\n<p class=\"voc-p\" style=\"\">Para Valme Mu\u00f1oz, Valeriano Dom\u00ednguez B\u00e9cquer, formado bajo la tutela de su t\u00edo Joaqu\u00edn, fue el m\u00e1s dotado con una pintura mucho m\u00e1s vers\u00e1til que, caminando hacia el realismo,<strong>alcanz\u00f3 una de las cumbres del retrato rom\u00e1ntico espa\u00f1ol<\/strong>, apreciando el c\u00e9lebre &#8216;Retrato de Gustavo Adolfo B\u00e9cquer&#8217; conservado en el museo, que \u00abcondensa como pocos la melancol\u00eda, el misterio y la exaltaci\u00f3n interior del Romanticismo\u00bb. En cuanto a Gustavo Adolfo B\u00e9cquer, Mu\u00f1oz ha subrayada la faceta del poeta como dibujante, \u00ab<strong>revelando un trazo \u00e1gil, ir\u00f3nico y expresivo, que complementa su universo literario<\/strong>. Por primera vez, sus dibujos se presentan con la atenci\u00f3n que merece, evidenciando la unidad est\u00e9tica que vincul\u00f3 palabra e imagen en el seno familiar\u00bb.<\/p>\n<p>\nRecorrido en cinco \u00e1mbitos\n<\/p>\n<p class=\"voc-p\" style=\"\">\u00a0<\/p>\n<p class=\"voc-p\" style=\"\">La muestra ocupa las salas XII, XIII y XIV de la pinacoteca con un recorrido <strong> dividido en cinco \u00e1mbitos<\/strong>. Todo ello permite al visitante apreciar las singularidades y evoluci\u00f3n del trazo de cada uno de los cuatro artistas, as\u00ed como descubrir las caracter\u00edsticas comunes a todos ellos y las heredadas de unos a otros, como su contribuci\u00f3n al costumbrismo.<\/p>\n<p class=\"voc-p\" style=\"\">El primer \u00e1mbito se centra en el iniciador de la saga,<strong> Jos\u00e9 Dom\u00ednguez B\u00e9cquer<\/strong>, y en la eclosi\u00f3n de su producci\u00f3n durante la d\u00e9cada de 1830. En estos a\u00f1os experimenta una gran difusi\u00f3n de su obra, aunque su muerte a los 36 a\u00f1os hace dif\u00edcil reunir una producci\u00f3n amplia. De los ocho cuadros y cuatro acuarelas puede desprenderse su dominio en la pintura de asuntos y costumbres populares (ferias y romer\u00edas, temas taurinos, temas religiosos) con obras destacadas como <strong>&#8216;Partida de naipes&#8217;<\/strong> (Ayuntamiento de Sevilla, Colecci\u00f3n Bellver) o<strong> &#8216;Baile en una venta&#8217;<\/strong> (Colecci\u00f3n Abell\u00f3).<\/p>\n<p class=\"voc-p\" style=\"\">El segundo \u00e1mbito se centra en la m\u00e1s prol\u00edfica obra de Joaqu\u00edn Dom\u00ednguez B\u00e9cquer, disc\u00edpulo y heredero de Jos\u00e9, quien culmina la obra que este no pudo continuar por su prematura muerte. La pintura de costumbres avanza hacia un nuevo nivel caracterizado por una idealizaci\u00f3n del pueblo que, en sus mejores obras, sabe enmarcar con la belleza de los monumentos de Sevilla. La figura de Joaqu\u00edn es fundamental en la Sevilla de la \u00e9poca de Isabel II. En esta secci\u00f3n se exponen algunas de sus obras m\u00e1s emblem\u00e1ticas como su <strong>&#8216;Autorretrato vestido de cazador&#8217;<\/strong> (colecci\u00f3n particular, Sevilla),<strong> &#8216;La Feria de Sevilla&#8217;<\/strong>, <strong>&#8216;Baile en exterior de una venta&#8217;<\/strong> (Museo Carmen Thyssen, M\u00e1laga), <strong>&#8216;El Patio de Doncellas del Alc\u00e1zar de Sevilla&#8217;<\/strong> (colecci\u00f3n particular, Sevilla) o las tres obras procedentes del Museo de San Telmo de San Sebasti\u00e1n: <strong>&#8216;La plaza de San Francisco al paso de la Cofrad\u00eda de Nuestro Padre Jes\u00fas de la Pasi\u00f3n&#8217;<\/strong>, &#8216;Plaza de la Real Maestranza de Sevilla&#8217; y &#8216;La Cruz del Campo&#8217;.<\/p>\n<p class=\"voc-p\" style=\"\">Un tercer \u00e1mbito est\u00e1 exclusivamente destinado a la <strong>producci\u00f3n de obra sobre papel<\/strong>: <strong>dibujos, acuarelas <\/strong>y<strong> litograf\u00edas<\/strong> de Jos\u00e9, Joaqu\u00edn y Valeriano. Aqu\u00ed se re\u00fane la mayor selecci\u00f3n de obra gr\u00e1fica de Jos\u00e9 B\u00e9cquer: <strong>veintid\u00f3s acuarelas originales que permiten reconstruir el m\u00e9todo de trabajo del artista<\/strong>. Estas acuarelas eran adquiridas en Sevilla por viajeros extranjeros, principalmente franceses e ingleses, y plasmadas en litograf\u00edas. As\u00ed se difundieron en Europa, los tipos andaluces, sus costumbres y monumentos entre un p\u00fablico cada vez m\u00e1s interesado por lo espa\u00f1ol. Destacan las series de litograf\u00edas que reproduc\u00edan personajes populares andaluces, realizadas en Francia e Inglaterra a trav\u00e9s de Goupil-Vibert (Dev\u00e9ria), Bulla (Bayot) y del Andalusian Annual (Gaucci).<\/p>\n<p><img decoding=\"async\" loading=\"lazy\" src=\"https:\/\/www.europesays.com\/es\/wp-content\/uploads\/2025\/12\/retrato-becquer-expo-U106856101454w--760x427@diario_abc.jpeg\" class=\"voc-img\" width=\"759\" height=\"427\" alt=\"Retrato de Gustavo Adolfo B\u00e9cquer, obra de Valeriano\" data-voc-vtm-id=\"in-text-traffic\"\/><\/p>\n<p>Retrato de Gustavo Adolfo B\u00e9cquer, obra de Valeriano<\/p>\n<p>Manuel G\u00f3mez<\/p>\n<p class=\"voc-p\" style=\"\">La secci\u00f3n dedicada a Valeriano B\u00e9cquer lo refleja como<strong> el artista de t\u00e9cnica m\u00e1s depurada de la saga<\/strong>. Fue un excelente dibujante y pintor, si bien su obra es corta debido a su prematura muerte, igual que la de su hermano. Entre sus retratos destacan algunos como el <strong>&#8216;Retrato de muchacha&#8217;<\/strong> (Museo L\u00e1zaro Galdiano), el de su hija reci\u00e9n nacida (qe fue donado al Museo de Bellas Artes) y <strong>&#8216;Retrato de dos ni\u00f1os&#8217;<\/strong> (colecci\u00f3n particular, Sevilla). Otros cuadros recogen temas de mayor actualidad, cercanos al realismo, como <strong>&#8216;El pintor carlista y su familia&#8217;<\/strong> (Museo Nacional del Prado) o las escenas aragonesas y castellanas que pinta tras su instalaci\u00f3n en Madrid. Incluso puede verse alguna de tema fant\u00e1stico como<strong> &#8216;Escena de brujer\u00eda&#8217;<\/strong> (Colecci\u00f3n Manuel Pi\u00f1anes).<\/p>\n<p class=\"voc-p\" style=\"\">El recorrido expositivo culmina con un peque\u00f1o espacio dedicado al poeta Gustavo Adolfo, hermano de Valeriano, y a <strong>sus incursiones realizadas en el terreno art\u00edstico como dibujante<\/strong>, que no fueron moco de pavo. Se pueden contemplar, adem\u00e1s de la primera edici\u00f3n de sus obras completas, los dibujos conservados en<strong> dos \u00e1lbumes procedentes de la Biblioteca Nacional de Espa\u00f1a y otros dibujos in\u00e9ditos<\/strong> (colecci\u00f3n particular, Madrid). La interdisciplinariedad y la importancia de la obra de un hermano en la del otro qued\u00f3 de manifiesto cuando Gustavo Adolfo dijo aquello de que \u00ab\u00e9l dibujaba mis versos y yo versificaba sus cuadros\u00bb.<\/p>\n<p>\nRestauraciones para la muestra\n<\/p>\n<p class=\"voc-p\" style=\"\">Muchas de las obras de la exposici\u00f3n parecen reci\u00e9n salidas del taller del artista. Esto es fruto, como ya se ha mencionado, de las numerosas restauraciones efectuadas. En esta ocasi\u00f3n, se <strong>han realizado restauraciones integrales de 17 lienzos y de sus respectivos marcos, y de dibujos<\/strong>, entre los que destacan el c\u00e9lebre retrato de Gustavo Adolfo B\u00e9cquer, y la <strong>&#8216;Procesi\u00f3n del Corpus por el interior de la Catedral de Sevilla&#8217;<\/strong> (1845), de Joaqu\u00edn Dom\u00ednguez B\u00e9cquer. <\/p>\n<p class=\"voc-p\" style=\"\"><strong>El Museo Nacional del Prado ha restaurado para la ocasi\u00f3n el lienzo de Valeriano Dom\u00ednguez B\u00e9cquer &#8216;La fuente de la ermita (Costumbres del Valle de Ambl\u00e9s en la provincia de \u00c1vila)&#8217;<\/strong>, depositado en el Museo del Romanticismo, mientras que el Museo L\u00e1zaro Galdiano ha intervenido en el &#8216;Retrato de muchacha&#8217; (1866), tambi\u00e9n de Valeriano. Adem\u00e1s, se han realizado tratamientos de consolidaci\u00f3n y mejoras de conservaci\u00f3n de hasta 13 obras, incluyendo lienzos, acuarelas, y litograf\u00edas.<\/p>\n<ul class=\"oc-d-c-list__list\">\n<li class=\"voc-d-c-list__item\">\n<p class=\"voc-d-c-list__paragraph\">D\u00f3nde: Museo de Bellas Artes de Sevilla<\/p>\n<\/li>\n<li class=\"voc-d-c-list__item\">\n<p class=\"voc-d-c-list__paragraph\">Direcci\u00f3n: Plaza del Museo, 9<\/p>\n<\/li>\n<li class=\"voc-d-c-list__item\">\n<p class=\"voc-d-c-list__paragraph\">Cu\u00e1ndo: hasta el 15 de marzo<\/p>\n<\/li>\n<li class=\"voc-d-c-list__item\">\n<p class=\"voc-d-c-list__paragraph\">Horario: de martes a s\u00e1bado: de 9.00 a 21.00 horas. Domingos y festivos: de 9.00 a 15.00 horas. Lunes: cerrado<\/p>\n<\/li>\n<li class=\"voc-d-c-list__item\">\n<p class=\"voc-d-c-list__paragraph\">Entradas: gratis para los ciudadanos de la Uni\u00f3n Europea<\/p>\n<\/li>\n<\/ul>\n<p class=\"voc-p\" style=\"\">La muestra <strong>podr\u00e1 verse hasta el 15 de marzo de 2026<\/strong>, tiempo suficiente para empaparse en m\u00e1s de una ocasi\u00f3n del legado del linaje de los B\u00e9cquer en la pintura espa\u00f1ola del XIX, siglo convulso marcado por grandes cambios pol\u00edticos y sociales, y en el propio esp\u00edritu rom\u00e1ntico de la ciudad de Sevilla. Las <strong>tres generaciones reunidas de los B\u00e9cquer<\/strong>, durante tres meses y medio, saltan de una pared compartida del museo a disponer de toda una exposici\u00f3n temporal de tres salas y un pasillo. Una apuesta de envergadura a la altura de lo que la familia supuso y supone a\u00fan hoy. As\u00ed que pasen los a\u00f1os.<\/p>\n","protected":false},"excerpt":{"rendered":"El apellido B\u00e9cquer est\u00e1 ligado de forma indisoluble a la cultura del siglo XIX en Sevilla. Los apenas&hellip;\n","protected":false},"author":2,"featured_media":266057,"comment_status":"","ping_status":"","sticky":false,"template":"","format":"standard","meta":{"footnotes":""},"categories":[173],"tags":[1611,229,233,1968,231,230,38507,1967,500,11761,232,234,146,147,25,24,2003,1151,908,11498,1171,23],"class_list":{"0":"post-266056","1":"post","2":"type-post","3":"status-publish","4":"format-standard","5":"has-post-thumbnail","7":"category-arte-y-diseno","8":"tag-ano","9":"tag-arte","10":"tag-arte-y-diseno","11":"tag-artes","12":"tag-arts","13":"tag-arts-and-design","14":"tag-becquer","15":"tag-bellas","16":"tag-cierra","17":"tag-dedicada","18":"tag-design","19":"tag-diseno","20":"tag-entertainment","21":"tag-entretenimiento","22":"tag-es","23":"tag-espana","24":"tag-exposicion","25":"tag-fecha","26":"tag-importante","27":"tag-saga","28":"tag-sevilla","29":"tag-spain"},"share_on_mastodon":{"url":"https:\/\/pubeurope.com\/@es\/115646245365540404","error":""},"_links":{"self":[{"href":"https:\/\/www.europesays.com\/es\/wp-json\/wp\/v2\/posts\/266056","targetHints":{"allow":["GET"]}}],"collection":[{"href":"https:\/\/www.europesays.com\/es\/wp-json\/wp\/v2\/posts"}],"about":[{"href":"https:\/\/www.europesays.com\/es\/wp-json\/wp\/v2\/types\/post"}],"author":[{"embeddable":true,"href":"https:\/\/www.europesays.com\/es\/wp-json\/wp\/v2\/users\/2"}],"replies":[{"embeddable":true,"href":"https:\/\/www.europesays.com\/es\/wp-json\/wp\/v2\/comments?post=266056"}],"version-history":[{"count":0,"href":"https:\/\/www.europesays.com\/es\/wp-json\/wp\/v2\/posts\/266056\/revisions"}],"wp:featuredmedia":[{"embeddable":true,"href":"https:\/\/www.europesays.com\/es\/wp-json\/wp\/v2\/media\/266057"}],"wp:attachment":[{"href":"https:\/\/www.europesays.com\/es\/wp-json\/wp\/v2\/media?parent=266056"}],"wp:term":[{"taxonomy":"category","embeddable":true,"href":"https:\/\/www.europesays.com\/es\/wp-json\/wp\/v2\/categories?post=266056"},{"taxonomy":"post_tag","embeddable":true,"href":"https:\/\/www.europesays.com\/es\/wp-json\/wp\/v2\/tags?post=266056"}],"curies":[{"name":"wp","href":"https:\/\/api.w.org\/{rel}","templated":true}]}}