{"id":266058,"date":"2025-12-01T20:41:13","date_gmt":"2025-12-01T20:41:13","guid":{"rendered":"https:\/\/www.europesays.com\/es\/266058\/"},"modified":"2025-12-01T20:41:13","modified_gmt":"2025-12-01T20:41:13","slug":"es-muy-inusual-que-alguien-sin-experiencia-previa-en-concursos-lo-haga-bien-en-pasapalabra","status":"publish","type":"post","link":"https:\/\/www.europesays.com\/es\/266058\/","title":{"rendered":"Es muy inusual que alguien sin experiencia previa en concursos lo haga bien en Pasapalabra"},"content":{"rendered":"<p>El viernes en <strong>Saber y ganar<\/strong>, <strong>Fer Castro<\/strong> (Santiago de Compostela, Galicia, 1995), doctor en Estad\u00edstica, con formaci\u00f3n en gen\u00e9tica humana y matem\u00e1ticas, super\u00f3 su programa n\u00famero 99 y este lunes 1 de diciembre, en su programa n\u00famero 100, disfrut\u00f3 con unas pruebas hechas a su medida: Bater\u00eda de Sabio, Triple Enredo, Matequivalencias, Viaje musical por Alemania&#8230; Y El tal\u00f3n de Aquiles de Fer. Su bote ascend\u00eda a <strong>81.510 euros<\/strong>. Los fieles de este <a href=\"https:\/\/www.elindependiente.com\/series-y-television\/2025\/09\/13\/rodrigo-vazquez-presentador-de-saber-y-ganar-respetare-el-formato-y-lo-hare-brillar\/\" rel=\"nofollow noopener\" target=\"_blank\">concurso cultural<\/a> que emite <a href=\"https:\/\/www.elindependiente.com\/series-y-television\/comunicacion\/2025\/10\/12\/la-2cat-rtve\/\" rel=\"nofollow noopener\" target=\"_blank\">La 2<\/a> de lunes a domingo en la sobremesa sabr\u00e1n del humor y la personalidad de <strong>Fer Castro<\/strong>, con quien habl\u00f3 por tel\u00e9fono El Independiente.<\/p>\n<p><strong>P.-<\/strong> \u00bfQu\u00e9 tal?<\/p>\n<p><strong>R. (Fer Castro)-<\/strong> De fin de fiesta, relaj\u00e1ndome, disfrutando de la vuelta a la vida normal.<\/p>\n<p><strong>P.-<\/strong> \u00bfPor cu\u00e1nto tiempo has tenido que guardar silencio sobre tu vuelta y tu centenario?<\/p>\n<p><strong>R.- (Fer Castro)<\/strong> Muy poco porque, desde que cambiaron de plat\u00f3, les cuesta bastante m\u00e1s hacer televisi\u00f3n, con lo que llevan mucha menos antelaci\u00f3n que en toda su historia.<\/p>\n<p><strong>P.-<\/strong> \u00bfQu\u00e9 otros cambios notaste? Viviste las dos etapas.<\/p>\n<p><strong>R.- (Fer Castro)<\/strong> Todo cuesta m\u00e1s. Ha habido alguna baja muy significativa en el equipo justo en este cambio de etapa. Me acuerdo sobre todo de Josep Closas, el inform\u00e1tico que estuvo 28 a\u00f1os en Saber y ganar, y decidieron no contar con \u00e9l. Le mando un saludo. Ahora, los concursantes estamos m\u00e1s lejos de <a href=\"https:\/\/www.elindependiente.com\/series-y-television\/2025\/06\/05\/jordi-hurtado-saber-ganar-entrevista\/\" rel=\"nofollow noopener\" target=\"_blank\">Jordi [Hurtado]<\/a> y, como se hace todo a mano y sin mucha tecnolog\u00eda \u2013sin pinganillos\u2013, hay que berrear m\u00e1s. Al final son cosas t\u00e9cnicas que la gente igual no se da cuenta desde casa. Hay avances y retrocesos.<\/p>\n<p><strong>P.-<\/strong> \u00bfCu\u00e1ntos d\u00edas estuviste rodando al final? Te quedaba muy poco para llegar a los 100.<\/p>\n<p><strong>R- (Fer Castro)<\/strong> Lo liquidamos en dos d\u00edas.<\/p>\n<p><strong>P.-<\/strong> Al volver a Saber y ganar, afirmaste que te hab\u00edas ido de gira por Am\u00e9rica. Estabais <a href=\"https:\/\/www.elindependiente.com\/series-y-television\/2025\/06\/05\/jordi-hurtado-dejara-de-presentar-saber-y-ganar-los-fines-de-semana\/\" rel=\"nofollow noopener\" target=\"_blank\">Jordi<\/a> y t\u00fa de broma.<\/p>\n<p><strong>R.- (Fer Castro)<\/strong> No entiendo por qu\u00e9 la gente asume que es una broma. Esa es la explicaci\u00f3n de mi ausencia. Si la gente asume que no es verdad lo que digo, yo no puedo hacer nada para evitarlo.<\/p>\n<p><strong>P.-<\/strong> Empezaste la casa por el tejado: <a href=\"https:\/\/www.elindependiente.com\/etiquetas\/pasapalabra\/\" rel=\"nofollow noopener\" target=\"_blank\">Pasapalabra<\/a>.<\/p>\n<p><strong>R.- (Fer Castro)<\/strong> S\u00ed, es m\u00e1s frecuente que alguien pase por Saber y ganar y luego por Pasapalabra, pero ambos son bautismos de fuego. S\u00ed es muy inusual que alguien sin experiencia previa en concursos lo haga bien en Pasapalabra. Es cierto que las dos personas que est\u00e1n ahora desde hace much\u00edsimo tiempo son de ese perfil. Ahora va siendo m\u00e1s frecuente, pero cuando yo estuve, no era lo m\u00e1s frecuente. Quiz\u00e1s sea m\u00e1s normal empezar por Saber y ganar. En cuanto a logros o muescas en el rev\u00f3lver tampoco me queda demasiado por hacer; si es que queda alg\u00fan formato de un solo d\u00eda en el que no haya permanencia. Pero no s\u00e9 si ocurrir\u00e1 pronto. Adem\u00e1s, es un d\u00eda para descansar. No me apetece pensar en nuevos programas o en regresar a los que ya estuve.<\/p>\n<p><strong>P.-<\/strong> Al ser centenario, \u00bfvolver\u00e1s en febrero de 2026 como magn\u00edfico a Saber y ganar con motivo del 29\u00aa aniversario?\u00a0<\/p>\n<p><strong>R.- (Fer Castro)<\/strong> Eso est\u00e1 por ver. Depende de mi propia disponibilidad porque eso se graba en una fecha concreta y si no puedes estar no puedes estar. Ya te digo: ahora mismo pensar en ello no es lo m\u00e1s recomendable. Estas cosas quitan mucho tiempo, que es algo que uno tambi\u00e9n piensa a la hora de valorar estos esfuerzos. En las \u00e9pocas m\u00e1s intensas es muy dif\u00edcil o casi imposible compaginar. Una vez ten\u00eda que entregar un proyecto cuando estaba grabando a tope, as\u00ed que no paraba desde las 6 de la ma\u00f1ana hasta las 8 de la tarde. Y si tienes que entregar un proyecto durante un d\u00eda de grabaci\u00f3n, pues duermes muy poco.\u00a0Ahora me ha pillado una \u00e9poca en la que no estoy trabajando de manera asalariada, pero sigo con investigaci\u00f3n. Si me hubiera pillado en otro momento, hubiera sido bastante m\u00e1s dif\u00edcil.<\/p>\n<p><strong>P.-<\/strong> Para Pasapalabra hay que empollar el diccionario. \u00bfY para Saber y ganar? \u00bfBasta con confiar en uno mismo y su cultura?<\/p>\n<p><strong>R.- (Fer Castro) <\/strong>Yo soy un fatal ejemplo de prepararme para ning\u00fan programa. Yo empec\u00e9 a mirar cosas, m\u00e1s o menos en serio, para Pasapalabra cuando empec\u00e9 a grabar. Fatal ideal. Cifras y letras es un animal distinto porque es simplemente un juego. Si juegas un poco ya tienes pr\u00e1ctica. No creo que puedas prepararte para Saber y ganar. Obviamente ayuda, como en cualquier programa, haberlo visto antes y conocerlo muy bien. Si alguien sabe preparar Saber y ganar que me llame.\u00a0<\/p>\n<p><strong>P.-<\/strong> Pasapalabra, Cifras y letras y Saber y ganar. \u00bfD\u00f3nde te lo has pasado mejor?<\/p>\n<p><strong>R.- (Fer Castro)<\/strong> En todos ha habido momentos mejores y peores, as\u00ed que en este caso, aunque odio las respuestas pol\u00edticamente correctas, es dif\u00edcil elegir. Conforme va pasando el tiempo, supongo que la novedad desaparece. Yo me he re\u00eddo mucho en Pasapalabra, incluso cuando ven\u00eda alg\u00fan invitado &#8216;famoso&#8217; que te hac\u00eda la pu\u00f1eta; a veces me hac\u00eda gracia, aunque me perjudicase. En Cifras y letras hablaba de absolutas chorradas con <a href=\"https:\/\/www.elindependiente.com\/series-y-television\/2025\/10\/01\/cifras-letras-aitor-albizua-entrevista\/\" rel=\"nofollow noopener\" target=\"_blank\">Aitor Albizua<\/a> y Elena Herraiz.<\/p>\n<p><strong>P.-<\/strong> \u00bfY el formato donde sudaste m\u00e1s la gota gorda o &#8216;sufriste&#8217; m\u00e1s? En cuanto a exigencia f\u00edsica, pero tambi\u00e9n mental.<\/p>\n<p><strong>R.- (Fer Castro)<\/strong> La gente se suele quejar m\u00e1s de Saber y ganar porque se graban cinco programas al d\u00eda. Seguramente, la tensi\u00f3n sea mayor en Cifras y letras porque por un m\u00ednimo error te vas a la calle. En Saber y ganar, eso no es posible directamente. Es un formato en el que no te vas a la calle si no quedas el \u00faltimo de los tres; puedes hacer bastantes cosas para evitarlo.<\/p>\n<p><strong>P.-<\/strong> \u00bfQu\u00e9 te ha tra\u00eddo la exposici\u00f3n de Saber y ganar?<\/p>\n<p><strong>R.- (Fer Castro)<\/strong> La primera vez que fui a Pasapalabra, no imaginaba que se fuera tanto de madre. Es verdad que lo subestim\u00e9. Las otras dos veces que estuve en Cifras y letras y Saber y ganar, ya daba un poco igual porque el da\u00f1o ya estaba hecho. Si pudiera volver atr\u00e1s en el tiempo, a mi yo del pasado le advertir\u00eda: &#8216;Va a pasar todo esto. Plant\u00e9ate si te vale la pena&#8217;. Ahora deseo que ocurra lo de siempre: la gente se olvida de qui\u00e9n eres exactamente. Se acerca y te pregunta si eres un inspector de aguas en las Islas Canarias o si vives en Quito, Ecuador; todo historias ver\u00eddicas. La gente, por suerte, no te recuerda para siempre; no la mayor\u00eda. Recuperar el anonimato es algo que puede ser bueno.<\/p>\n<p><strong>P.- <\/strong>\u00bfA qui\u00e9n le hizo especial ilusi\u00f3n tu participaci\u00f3n en Saber y ganar?<\/p>\n<p><strong>R.- (Fer Castro<\/strong>) A varias personas muy queridas les ha hecho mucha ilusi\u00f3n y por ellas me alegra haber hecho esta \u00faltima etapa y cerrar el c\u00edrculo.<\/p>\n<p>PUBLICIDAD<\/p>\n","protected":false},"excerpt":{"rendered":"El viernes en Saber y ganar, Fer Castro (Santiago de Compostela, Galicia, 1995), doctor en Estad\u00edstica, con formaci\u00f3n&hellip;\n","protected":false},"author":2,"featured_media":266059,"comment_status":"","ping_status":"","sticky":false,"template":"","format":"standard","meta":{"footnotes":""},"categories":[171],"tags":[146,147,25,24,518,23,214],"class_list":{"0":"post-266058","1":"post","2":"type-post","3":"status-publish","4":"format-standard","5":"has-post-thumbnail","7":"category-tv","8":"tag-entertainment","9":"tag-entretenimiento","10":"tag-es","11":"tag-espana","12":"tag-rtve","13":"tag-spain","14":"tag-tv"},"share_on_mastodon":{"url":"https:\/\/pubeurope.com\/@es\/115646253222161677","error":""},"_links":{"self":[{"href":"https:\/\/www.europesays.com\/es\/wp-json\/wp\/v2\/posts\/266058","targetHints":{"allow":["GET"]}}],"collection":[{"href":"https:\/\/www.europesays.com\/es\/wp-json\/wp\/v2\/posts"}],"about":[{"href":"https:\/\/www.europesays.com\/es\/wp-json\/wp\/v2\/types\/post"}],"author":[{"embeddable":true,"href":"https:\/\/www.europesays.com\/es\/wp-json\/wp\/v2\/users\/2"}],"replies":[{"embeddable":true,"href":"https:\/\/www.europesays.com\/es\/wp-json\/wp\/v2\/comments?post=266058"}],"version-history":[{"count":0,"href":"https:\/\/www.europesays.com\/es\/wp-json\/wp\/v2\/posts\/266058\/revisions"}],"wp:featuredmedia":[{"embeddable":true,"href":"https:\/\/www.europesays.com\/es\/wp-json\/wp\/v2\/media\/266059"}],"wp:attachment":[{"href":"https:\/\/www.europesays.com\/es\/wp-json\/wp\/v2\/media?parent=266058"}],"wp:term":[{"taxonomy":"category","embeddable":true,"href":"https:\/\/www.europesays.com\/es\/wp-json\/wp\/v2\/categories?post=266058"},{"taxonomy":"post_tag","embeddable":true,"href":"https:\/\/www.europesays.com\/es\/wp-json\/wp\/v2\/tags?post=266058"}],"curies":[{"name":"wp","href":"https:\/\/api.w.org\/{rel}","templated":true}]}}