{"id":266060,"date":"2025-12-01T20:43:10","date_gmt":"2025-12-01T20:43:10","guid":{"rendered":"https:\/\/www.europesays.com\/es\/266060\/"},"modified":"2025-12-01T20:43:10","modified_gmt":"2025-12-01T20:43:10","slug":"y-si-superman-hubiese-sido-malvado-el-hijo-una-pelicula-de-james-gunn-que-nos-muestra-este-siniestro-escenario","status":"publish","type":"post","link":"https:\/\/www.europesays.com\/es\/266060\/","title":{"rendered":"\u00bfY si Superman hubiese sido malvado? \u2018El hijo\u2019, una pel\u00edcula de James Gunn que nos muestra este siniestro escenario"},"content":{"rendered":"<p class=\"\"><a href=\"https:\/\/as.com\/meristation\/series\/james-gunn-se-pone-al-mando-de-una-serie-basada-en-una-de-las-obras-del-genio-del-comic-alan-moore-y-despeja-una-incognita-de-los-fans-de-vertigo-f202511-n\/\" target=\"_blank\" rel=\"noreferrer nofollow noopener\" title=\"https:\/\/as.com\/meristation\/series\/james-gunn-se-pone-al-mando-de-una-serie-basada-en-una-de-las-obras-del-genio-del-comic-alan-moore-y-despeja-una-incognita-de-los-fans-de-vertigo-f202511-n\/\"><b>James Gunn<\/b><\/a> es una de las figuras m\u00e1s reputadas de la industria del cine. Un artista que ha destacado enormemente en el cine de superh\u00e9roes, y que actualmente es la gran mente detr\u00e1s del <b>Universo DC<\/b> junto a Peter Safran. Este 2025 estren\u00f3 la nueva pel\u00edcula de &#8216;<b>Superman<\/b>\u2018, que logr\u00f3 ser un enorme \u00e9xito con m\u00e1s de 600 millones de d\u00f3lares recaudados a nivel mundial, pero en <b>2019<\/b> produjo <a href=\"https:\/\/as.com\/meristation\/2019\/03\/07\/noticias\/1551958081_177511.html\" target=\"_blank\" rel=\"noreferrer nofollow noopener\" title=\"https:\/\/as.com\/meristation\/2019\/03\/07\/noticias\/1551958081_177511.html\">&#8216;<b>El hijo<\/b>\u2018<\/a>, conocida tambi\u00e9n como \u2018Brightburn\u2019, que muestra un escenario que recuerda a los or\u00edgenes de Superman, pero con unas consecuencias muy distintas.<\/p>\n<p class=\"\">Una pel\u00edcula que tuvo un presupuesto de <b>6 millones de d\u00f3lares<\/b>, pero que logr\u00f3 recaudar <b>33 millones<\/b>. Cifras muy por debajo de lo que est\u00e1 logrando Gunn en la actualidad, pero una obra que demuestra el ingenio del autor, y su capacidad para mostrarnos una realidad diferente a la que habitualmente hemos visto en el mundo de los superh\u00e9roes.<\/p>\n<p>Un origen oscuro y muy diferente al que conocemos<\/p>\n<p class=\"\">Dirigida por David Yarovesky y escrita por los hermanos del productor, Brian y Mark Gunn, la pel\u00edcula est\u00e1 actualmente disponible en plataformas como <b>Netflix<\/b> y <b>Movistar Plus+<\/b>. Una cinta que est\u00e1 lejos de los valores de producci\u00f3n del cine de superh\u00e9roes, pero que reimagina el origen del m\u00edtico superh\u00e9roe creando una historia llena de terror y tensi\u00f3n.<\/p>\n<p class=\"\">La <b>sinopsis <\/b>de \u2018El hijo\u2019 dice lo siguiente: \u201c\u00bfQu\u00e9 pasar\u00eda si un ni\u00f1o de otro mundo aterrizara de emergencia en la Tierra, pero en lugar de convertirse en un h\u00e9roe para la humanidad fuera algo mucho m\u00e1s siniestro?\u00bb<\/p>\n<p>Noticias relacionadas<\/p>\n<p class=\"\">Suscr\u00edbete al <a href=\"https:\/\/www.youtube.com\/@meristation\" target=\"_self\" rel=\"nofollow noopener\" title=\"https:\/\/www.youtube.com\/@meristation\">canal de MeriStation en YouTube<\/a>, tu web de videojuegos y entretenimiento para conocer todas las noticias y novedades sobre el mundo del videojuego, cine, series, manga y anime. An\u00e1lisis, entrevistas, tr\u00e1ileres, gameplays, p\u00f3dcast y mucho m\u00e1s. Tambi\u00e9n te animamos a seguir <a href=\"https:\/\/www.tiktok.com\/@meristation\" rel=\"nofollow noopener\" title=\"https:\/\/www.tiktok.com\/@meristation\" target=\"_blank\">nuestra cuenta de TikTok<\/a>. <\/p>\n<p class=\"\">\u00a1S\u00edguenos en ambas y, si est\u00e1s interesado en licenciar este contenido, pincha <a href=\"https:\/\/profesional.elpais.com\/soluciones-sindicacion?utm_medium=interno&amp;utm_source=crosslinking&amp;utm_campaign=sindicacion_as_pie_articulos\" target=\"_blank\" rel=\"nofollow noopener\" title=\"https:\/\/profesional.elpais.com\/soluciones-sindicacion?utm_medium=interno&amp;utm_source=crosslinking&amp;utm_campaign=sindicacion_as_pie_articulos\">aqu\u00ed<\/a>!<\/p>\n<p><script async src=\"\/\/www.tiktok.com\/embed.js\"><\/script><\/p>\n","protected":false},"excerpt":{"rendered":"James Gunn es una de las figuras m\u00e1s reputadas de la industria del cine. Un artista que ha&hellip;\n","protected":false},"author":2,"featured_media":266061,"comment_status":"","ping_status":"","sticky":false,"template":"","format":"standard","meta":{"footnotes":""},"categories":[169],"tags":[177,146,147,25,24,176,175,23],"class_list":{"0":"post-266060","1":"post","2":"type-post","3":"status-publish","4":"format-standard","5":"has-post-thumbnail","7":"category-cine","8":"tag-cine","9":"tag-entertainment","10":"tag-entretenimiento","11":"tag-es","12":"tag-espana","13":"tag-film","14":"tag-movies","15":"tag-spain"},"share_on_mastodon":{"url":"https:\/\/pubeurope.com\/@es\/115646261240560047","error":""},"_links":{"self":[{"href":"https:\/\/www.europesays.com\/es\/wp-json\/wp\/v2\/posts\/266060","targetHints":{"allow":["GET"]}}],"collection":[{"href":"https:\/\/www.europesays.com\/es\/wp-json\/wp\/v2\/posts"}],"about":[{"href":"https:\/\/www.europesays.com\/es\/wp-json\/wp\/v2\/types\/post"}],"author":[{"embeddable":true,"href":"https:\/\/www.europesays.com\/es\/wp-json\/wp\/v2\/users\/2"}],"replies":[{"embeddable":true,"href":"https:\/\/www.europesays.com\/es\/wp-json\/wp\/v2\/comments?post=266060"}],"version-history":[{"count":0,"href":"https:\/\/www.europesays.com\/es\/wp-json\/wp\/v2\/posts\/266060\/revisions"}],"wp:featuredmedia":[{"embeddable":true,"href":"https:\/\/www.europesays.com\/es\/wp-json\/wp\/v2\/media\/266061"}],"wp:attachment":[{"href":"https:\/\/www.europesays.com\/es\/wp-json\/wp\/v2\/media?parent=266060"}],"wp:term":[{"taxonomy":"category","embeddable":true,"href":"https:\/\/www.europesays.com\/es\/wp-json\/wp\/v2\/categories?post=266060"},{"taxonomy":"post_tag","embeddable":true,"href":"https:\/\/www.europesays.com\/es\/wp-json\/wp\/v2\/tags?post=266060"}],"curies":[{"name":"wp","href":"https:\/\/api.w.org\/{rel}","templated":true}]}}