{"id":266064,"date":"2025-12-01T20:45:19","date_gmt":"2025-12-01T20:45:19","guid":{"rendered":"https:\/\/www.europesays.com\/es\/266064\/"},"modified":"2025-12-01T20:45:19","modified_gmt":"2025-12-01T20:45:19","slug":"nuevas-herramientas-pueden-cambiar-la-trayectoria-de-la-epidemia-del-vih","status":"publish","type":"post","link":"https:\/\/www.europesays.com\/es\/266064\/","title":{"rendered":"Nuevas herramientas pueden cambiar la trayectoria de la epidemia del VIH"},"content":{"rendered":"<p><strong>Al conmemorar\u00a0\u00a0<a href=\"https:\/\/hq_who_departmentofcommunications.createsend1.com\/t\/d-l-gtykriy-tiihjtydtu-t\/\" rel=\"nofollow noopener\" target=\"_blank\">el D\u00eda Mundial del SIDA<\/a>\u00a0\u00a0bajo el lema\u00a0\u00a0\u201cSuperar las disrupciones, transformar la respuesta al SIDA\u201d\u00a0, la OMS insta a adoptar un enfoque doble: solidaridad e inversi\u00f3n en innovaciones <\/strong><\/p>\n<p class=\"is-style-info\"><strong>Comunicado OMS<\/strong><\/p>\n<p>En el<strong> D\u00eda Mundial del SIDA,<\/strong> la <strong>Organizaci\u00f3n Mundial de la Salud (OMS)<\/strong> insta a los gobiernos y socios a ampliar r\u00e1pidamente el acceso a las nuevas herramientas aprobadas por la OMS, incluido el lenacapavir (LEN), para reducir las infecciones y contrarrestar la interrupci\u00f3n de los servicios de salud esenciales causada por los recortes a la ayuda extranjera.<\/p>\n<p>A pesar de los dr\u00e1sticos reveses financieros, la respuesta mundial al VIH ha cobrado un impulso notable en 2025 con la introducci\u00f3n y\u00a0\u00a0<a href=\"https:\/\/hq_who_departmentofcommunications.createsend1.com\/t\/d-l-gtykriy-tiihjtydtu-y\/\" rel=\"nofollow noopener\" target=\"_blank\">aprobaci\u00f3n por parte de la OMS del lenacapavir inyectable semestral<\/a>\u00a0\u00a0para la prevenci\u00f3n del VIH. LEN, una alternativa altamente eficaz y de acci\u00f3n prolongada a las p\u00edldoras orales y otras opciones, es una intervenci\u00f3n transformadora para las personas que enfrentan dificultades con la adherencia regular al tratamiento y el estigma en el acceso a la atenci\u00f3n m\u00e9dica.<\/p>\n<p>En julio de este a\u00f1o, la OMS public\u00f3\u00a0\u00a0<a href=\"https:\/\/hq_who_departmentofcommunications.createsend1.com\/t\/d-l-gtykriy-tiihjtydtu-j\/\" rel=\"nofollow noopener\" target=\"_blank\">nuevas directrices que recomiendan el uso de lenacapavir<\/a>\u00a0\u00a0como una opci\u00f3n adicional de profilaxis preexposici\u00f3n (PrEP) para la prevenci\u00f3n del VIH.<\/p>\n<p>Este a\u00f1o, las reducciones bruscas y repentinas de la financiaci\u00f3n internacional provocaron interrupciones en los servicios de <strong>prevenci\u00f3n, tratamiento y pruebas del VIH,<\/strong> y en algunos pa\u00edses se redujeron o cancelaron por completo programas esenciales dirigidos por la comunidad, incluida la profilaxis previa a la exposici\u00f3n (PrEP) y las iniciativas de reducci\u00f3n de da\u00f1os para personas que se inyectan drogas.<\/p>\n<p>\u201cNos enfrentamos a desaf\u00edos importantes, con recortes en la financiaci\u00f3n internacional y un estancamiento en la prevenci\u00f3n\u201d, declar\u00f3 el<strong> Dr. Tedros Adhanom Ghebreyesus, director general de la OMS<\/strong>.<\/p>\n<blockquote class=\"wp-block-quote is-layout-flow wp-block-quote-is-layout-flow\">\n<p>\u201cAl mismo tiempo, tenemos oportunidades significativas, con nuevas y emocionantes herramientas que podr\u00edan cambiar la trayectoria de la epidemia del VIH. Ampliar el acceso a estas herramientas para las personas en riesgo de contraer el VIH en todo el mundo debe ser la prioridad n\u00famero uno para todos los gobiernos y socios\u201d.<\/p>\n<\/blockquote>\n<p>Al conmemorar\u00a0\u00a0<a href=\"https:\/\/hq_who_departmentofcommunications.createsend1.com\/t\/d-l-gtykriy-tiihjtydtu-t\/\" rel=\"nofollow noopener\" target=\"_blank\">el D\u00eda Mundial del SIDA<\/a>\u00a0\u00a0bajo el lema\u00a0\u00a0\u201cSuperar las disrupciones, transformar la respuesta al SIDA\u201d\u00a0, la OMS insta a adoptar un enfoque doble: solidaridad e inversi\u00f3n en innovaciones para proteger y empoderar a las comunidades m\u00e1s expuestas al riesgo.<\/p>\n<p><img data-recalc-dims=\"1\" loading=\"lazy\" decoding=\"async\" width=\"507\" height=\"694\" src=\"https:\/\/www.europesays.com\/es\/wp-content\/uploads\/2025\/12\/Lenacavir.jpg\" alt=\"\" class=\"lazyload wp-image-86787\"  data-\/><\/p>\n<p>Tras d\u00e9cadas de progreso, la respuesta al VIH se encuentra en una encrucijada. En 2024:<\/p>\n<ul class=\"wp-block-list\">\n<li>Los esfuerzos de prevenci\u00f3n del VIH se estancaron, con 1,3 millones de nuevas infecciones, lo que afect\u00f3 desproporcionadamente a las poblaciones clave y vulnerables;<\/li>\n<li><a href=\"https:\/\/hq_who_departmentofcommunications.createsend1.com\/t\/d-l-gtykriy-tiihjtydtu-i\/\" rel=\"nofollow noopener\" target=\"_blank\">Los datos de ONUSIDA<\/a>\u00a0\u00a0revelan que casi la mitad (49%) de las nuevas infecciones por VIH se produjeron entre poblaciones clave \u2013incluidos los trabajadores sexuales, los hombres que tienen relaciones sexuales con hombres, las mujeres transg\u00e9nero y las personas que se inyectan drogas\u2013 y sus parejas sexuales;<\/li>\n<li>Mientras que las <strong>trabajadoras sexuales y las mujeres transg\u00e9nero <\/strong>enfrentan un riesgo 17 veces mayor de contraer VIH, los hombres que tienen sexo con hombres enfrentan un riesgo 18 veces mayor, y las personas que se inyectan drogas, un riesgo 34 veces mayor;<\/li>\n<li>Los factores subyacentes incluyen el estigma, la discriminaci\u00f3n y las barreras legales, sociales y estructurales que estos grupos enfrentan para acceder a la atenci\u00f3n del VIH; y<\/li>\n<li>A nivel mundial, se estima que 40,8 millones de personas viv\u00edan con VIH y 630.000 personas mor\u00edan por causas relacionadas con el VIH.<\/li>\n<\/ul>\n<p>Si bien a\u00fan se est\u00e1 evaluando la magnitud del impacto de los recortes de la ayuda exterior, se cree que el acceso a la PrEP ha disminuido dr\u00e1sticamente. La<strong> Coalici\u00f3n para la Promoci\u00f3n de la Vacuna contra el SIDA<\/strong> estima que, para octubre de 2025, 2,5 millones de personas que usaron la PrEP en 2024 perdieron el acceso a sus medicamentos en 2025 debido \u00fanicamente a los recortes de financiaci\u00f3n de los donantes. Estas interrupciones podr\u00edan tener consecuencias de gran alcance para la respuesta mundial al VIH, poniendo en peligro los esfuerzos para erradicar el SIDA para 2030.<\/p>\n<p>Impulso para la innovaci\u00f3n<\/p>\n<p>\u201cEstamos entrando en una nueva era de poderosas innovaciones en la prevenci\u00f3n y el tratamiento del VIH\u201d, afirm\u00f3 la<strong> Dra. Tereza Kasaeva,<\/strong> directora del Departamento de VIH, Tuberculosis, Hepatitis e ITS de la OMS. \u201c<\/p>\n<p>Al combinar estos avances con acciones decisivas, apoyar a las comunidades y eliminar las barreras estructurales, podemos garantizar que las poblaciones clave y vulnerables tengan pleno acceso a servicios que salvan vidas\u201d.<\/p>\n<p>La<strong> OMS<\/strong> precalific\u00f3 la LEN para la prevenci\u00f3n del VIH el 6 de octubre de 2025, tras lo cual se obtuvieron las aprobaciones regulatorias nacionales que ampliar\u00e1n el acceso en Sud\u00e1frica (el 27 de octubre), Zimbabue (el 27 de noviembre) y Zambia (el 4 de noviembre). El Procedimiento de Registro Colaborativo (PCR) de la OMS respald\u00f3 estas aprobaciones.<\/p>\n<p>La OMS tambi\u00e9n colabora estrechamente con socios como la CIFF, la Fundaci\u00f3n Gates, el Fondo Mundial de Lucha contra el SIDA, la Tuberculosis y la Malaria y Unitaid para facilitar el acceso asequible a la LEN en los pa\u00edses. Garantizar que los medicamentos de acci\u00f3n prolongada contra el VIH para la prevenci\u00f3n y el tratamiento lleguen a las poblaciones prioritarias debe ser una prioridad mundial.<\/p>\n<p>Integraci\u00f3n de los servicios de VIH en la atenci\u00f3n primaria de salud<\/p>\n<p>La OMS enfatiza que poner fin a la epidemia del sida depende de un enfoque plenamente integrado, basado en la evidencia y basado en los derechos, en el marco de la atenci\u00f3n primaria de salud.<\/p>\n<p>La OMS seguir\u00e1 trabajando con socios y l\u00edderes para centrar la <strong>respuesta al VIH<\/strong> en las personas m\u00e1s afectadas. A pesar de los reveses financieros, la resiliencia y el liderazgo de las comunidades ofrecen un camino claro hacia adelante.<\/p>\n<p>Al fortalecer los sistemas de salud, aumentar la inversi\u00f3n nacional y proteger los derechos humanos, los pa\u00edses pueden salvaguardar los logros y garantizar que nadie se quede atr\u00e1s.<\/p>\n<p class=\"is-style-info\"><strong>Comunicado OMS<\/strong><\/p>\n<p> <a href=\"https:\/\/cuanto.app\/lawebdelasalud\/p\/e88093\" rel=\"nofollow noopener\" target=\"_blank\"> <img decoding=\"async\" class=\"lazyload\" data-recalc-dims=\"1\" src=\"https:\/\/www.europesays.com\/es\/wp-content\/uploads\/2025\/12\/cropped-apoyo-la-web-de-la-salud_Mesa-de-trabajo-1-2.png\"\/> <\/a><\/p>\n","protected":false},"excerpt":{"rendered":"Al conmemorar\u00a0\u00a0el D\u00eda Mundial del SIDA\u00a0\u00a0bajo el lema\u00a0\u00a0\u201cSuperar las disrupciones, transformar la respuesta al SIDA\u201d\u00a0, la OMS insta&hellip;\n","protected":false},"author":2,"featured_media":266065,"comment_status":"","ping_status":"","sticky":false,"template":"","format":"standard","meta":{"footnotes":""},"categories":[92],"tags":[25,24,165,166,23],"class_list":{"0":"post-266064","1":"post","2":"type-post","3":"status-publish","4":"format-standard","5":"has-post-thumbnail","7":"category-salud","8":"tag-es","9":"tag-espana","10":"tag-health","11":"tag-salud","12":"tag-spain"},"share_on_mastodon":{"url":"https:\/\/pubeurope.com\/@es\/115646269548331654","error":""},"_links":{"self":[{"href":"https:\/\/www.europesays.com\/es\/wp-json\/wp\/v2\/posts\/266064","targetHints":{"allow":["GET"]}}],"collection":[{"href":"https:\/\/www.europesays.com\/es\/wp-json\/wp\/v2\/posts"}],"about":[{"href":"https:\/\/www.europesays.com\/es\/wp-json\/wp\/v2\/types\/post"}],"author":[{"embeddable":true,"href":"https:\/\/www.europesays.com\/es\/wp-json\/wp\/v2\/users\/2"}],"replies":[{"embeddable":true,"href":"https:\/\/www.europesays.com\/es\/wp-json\/wp\/v2\/comments?post=266064"}],"version-history":[{"count":0,"href":"https:\/\/www.europesays.com\/es\/wp-json\/wp\/v2\/posts\/266064\/revisions"}],"wp:featuredmedia":[{"embeddable":true,"href":"https:\/\/www.europesays.com\/es\/wp-json\/wp\/v2\/media\/266065"}],"wp:attachment":[{"href":"https:\/\/www.europesays.com\/es\/wp-json\/wp\/v2\/media?parent=266064"}],"wp:term":[{"taxonomy":"category","embeddable":true,"href":"https:\/\/www.europesays.com\/es\/wp-json\/wp\/v2\/categories?post=266064"},{"taxonomy":"post_tag","embeddable":true,"href":"https:\/\/www.europesays.com\/es\/wp-json\/wp\/v2\/tags?post=266064"}],"curies":[{"name":"wp","href":"https:\/\/api.w.org\/{rel}","templated":true}]}}