{"id":266066,"date":"2025-12-01T20:46:15","date_gmt":"2025-12-01T20:46:15","guid":{"rendered":"https:\/\/www.europesays.com\/es\/266066\/"},"modified":"2025-12-01T20:46:15","modified_gmt":"2025-12-01T20:46:15","slug":"la-esposa-de-bruce-willis-explico-por-que-dejo-de-vivir-junto-al-actor-en-medio-de-su-enfermedad-tome-la-eleccion-mas-segura","status":"publish","type":"post","link":"https:\/\/www.europesays.com\/es\/266066\/","title":{"rendered":"La esposa de Bruce Willis explic\u00f3 por qu\u00e9 dej\u00f3 de vivir junto al actor en medio de su enfermedad: \u201cTom\u00e9 la elecci\u00f3n m\u00e1s segura\u201d"},"content":{"rendered":"<p><img alt=\"&#10;Emma Heming Willis relat\u00f3 la\" class=\"global-image\" decoding=\"async\" fetchpriority=\"high\" height=\"1080\" loading=\"eager\" src=\"https:\/\/www.europesays.com\/es\/wp-content\/uploads\/2025\/12\/CSCXVKMY5NDVZPLNSMW3RM6LXI.jpg\" width=\"1920\"\/><br \/>\nEmma Heming Willis relat\u00f3 la dif\u00edcil decisi\u00f3n de separar su residencia de Bruce Willis, buscando la seguridad y el bienestar de su familia inmediata (Instagram\/@emmahemingwillis)<\/p>\n<p class=\"paragraph\">La decisi\u00f3n de <a href=\"https:\/\/www.infobae.com\/entretenimiento\/2025\/10\/29\/la-hija-menor-de-bruce-willis-reaparece-en-fotos-en-medio-de-la-lucha-del-actor-contra-la-demencia\/\" target=\"_blank\" rel=\"noreferrer nofollow noopener\" title=\"https:\/\/www.infobae.com\/entretenimiento\/2025\/10\/29\/la-hija-menor-de-bruce-willis-reaparece-en-fotos-en-medio-de-la-lucha-del-actor-contra-la-demencia\/\">Emma Heming Willis<\/a> de establecer residencias separadas para ella y su esposo, <a href=\"https:\/\/www.infobae.com\/entretenimiento\/2025\/11\/27\/la-esposa-de-bruce-willis-explica-como-viviran-accion-de-gracias-en-medio-de-la-enfermedad-del-actor\/\" target=\"_blank\" rel=\"noreferrer nofollow noopener\" title=\"https:\/\/www.infobae.com\/entretenimiento\/2025\/11\/27\/la-esposa-de-bruce-willis-explica-como-viviran-accion-de-gracias-en-medio-de-la-enfermedad-del-actor\/\">Bruce Willis<\/a>, provoc\u00f3 reacciones intensas en la opini\u00f3n p\u00fablica, especialmente tras conocerse que el actor padece demencia frontotemporal.<\/p>\n<p class=\"paragraph\">Durante una intervenci\u00f3n en la conferencia End Well 2025 en Los \u00c1ngeles, Emma reconoci\u00f3 que enfrentar este proceso ha resultado dif\u00edcil y que el contexto familiar oblig\u00f3 a tomar medidas poco convencionales.<\/p>\n<p class=\"paragraph\">\u201cEstas son decisiones dif\u00edciles. Son imposibles. Me conmuevo solo de pensarlo. No es como me imaginaba nuestra vida\u201d, expres\u00f3, seg\u00fan recogi\u00f3 la revista US Weekly.<\/p>\n<p class=\"paragraph\">La modelo y actriz explic\u00f3 que la decisi\u00f3n se tom\u00f3 priorizando la seguridad y el bienestar del n\u00facleo familiar. \u201c<b>Tuve que tomar la mejor y m\u00e1s segura elecci\u00f3n<\/b> para nuestra familia, y sab\u00eda que al ser honesta y abierta recibir\u00eda muchos juicios\u201d, se\u00f1al\u00f3.<\/p>\n<p class=\"paragraph\">La afirmaci\u00f3n se produce luego de que ella comunicara p\u00fablicamente que, desde el avance de la enfermedad de <b>Bruce Willis<\/b>, la pareja reside en domicilios distintos.<\/p>\n<p><img alt=\"El actor, diagnosticado con demencia\" class=\"global-image\" decoding=\"async\" fetchpriority=\"low\" height=\"2327\" loading=\"lazy\" src=\"https:\/\/www.europesays.com\/es\/wp-content\/uploads\/2025\/12\/VE7LCZ4U4KMQ72QEDYCLM6AM7Q.jpg\" width=\"3489\"\/>El actor, diagnosticado con demencia frontotemporal, reside actualmente en una casa aparte, mientras su familia mantiene la unidad y el apoyo en todo momento (Foto Charles Sykes\/Invision\/AP)<\/p>\n<p class=\"paragraph\"><b>Emma Heming Willis<\/b> destac\u00f3 que, aunque recibi\u00f3 duras cr\u00edticas por parte de desconocidos, encontr\u00f3 respaldo entre sus allegados. \u201c<b>Los cr\u00edticos est\u00e1n afuera<\/b>. En mi familia me han acompa\u00f1ado con mucho amor y sin juzgar\u201d, puntualiz\u00f3 durante el panel.<\/p>\n<p class=\"paragraph\">En esa misma l\u00ednea, enfatiz\u00f3 el apoyo recibido no solo de sus hijas, sino tambi\u00e9n de la familia del actor, incluida la madre de <b>Bruce Willis<\/b>, quien supera los 90 a\u00f1os.<\/p>\n<p class=\"paragraph\">La noticia del cambio en la convivencia se hizo p\u00fablica en agosto de este a\u00f1o durante el estreno del especial televisivo <b>Emma and Bruce Willis: The Unexpected Journey<\/b>, transmitido por la ABC.<\/p>\n<p class=\"paragraph\">En ese programa, Heming Willis detall\u00f3 la din\u00e1mica familiar vigente desde que el actor dej\u00f3 de actuar tras la revelaci\u00f3n de su diagn\u00f3stico, primero de afasia en marzo de 2022 y de demencia frontotemporal al a\u00f1o siguiente.<\/p>\n<p><img alt=\"Emma enfatiz\u00f3 el apoyo fundamental\" class=\"global-image\" decoding=\"async\" fetchpriority=\"low\" height=\"1079\" loading=\"lazy\" src=\"https:\/\/www.europesays.com\/es\/wp-content\/uploads\/2025\/12\/UKZ6C7PSGBB6JJT665S43PSWAQ.jpg\" width=\"1920\"\/>Emma enfatiz\u00f3 el apoyo fundamental de la familia de Willis y rechaza los juicios de quienes no viven la situaci\u00f3n (Instagram\/@emmahemingwillis)<\/p>\n<p class=\"paragraph\">Adem\u00e1s, admiti\u00f3, en la reciente conferencia, que antes de revelar la situaci\u00f3n recurri\u00f3 a la terapia psicol\u00f3gica como preparaci\u00f3n para enfrentar las reacciones.<\/p>\n<p class=\"paragraph\">\u201cObserv\u00e9 cu\u00e1nto juicio y cr\u00edtica surg\u00eda sobre <b>qu\u00e9 persona tan horrible era y c\u00f3mo pod\u00eda haber hecho esto<\/b>. Pero lo que digo es que, si no est\u00e1s en la primera l\u00ednea de esta realidad, en esa casa, todos los d\u00edas del a\u00f1o, no tienes derecho a opinar ni a votar\u201d, declar\u00f3.<\/p>\n<p class=\"paragraph\">El prop\u00f3sito del cambio, seg\u00fan explic\u00f3 <b>Emma Heming Willis<\/b>, fue responder a las necesidades de sus hijas en com\u00fan con <b>Bruce Willis<\/b>, <b>Mabel<\/b> y <b>Evelyn<\/b>, de 13 y 11 a\u00f1os respectivamente.<\/p>\n<p class=\"paragraph\">\u201cEsta es la mejor decisi\u00f3n para nuestra familia. Es la m\u00e1s segura y, en esencia, nuestro entorno familiar ha mejorado\u201d, afirm\u00f3.<\/p>\n<p><img alt=\"Emma Heming Willis comparte la\" class=\"global-image\" decoding=\"async\" fetchpriority=\"low\" height=\"675\" loading=\"lazy\" src=\"https:\/\/www.europesays.com\/es\/wp-content\/uploads\/2025\/12\/SGBNTOZL7JH4XIUHHX6IXTTCFM.jpg\" width=\"750\"\/>Emma Heming Willis comparte la importancia de dar prioridad a las necesidades de sus hijas en medio del complejo proceso de cuidar a Bruce Willis (Instagram\/Emmahemingwillis)<\/p>\n<p class=\"paragraph\">Agreg\u00f3 un aspecto concreto sobre la vida cotidiana: \u201cAhora nuestras hijas pueden tener reuniones y pijamadas con amigas, cosas que antes no conceb\u00edamos. Su mundo y el de mi marido se han abierto\u201d.<\/p>\n<p class=\"paragraph\">\u201c<b>Pese a la cr\u00edtica, siento que se me quit\u00f3 un peso de encima<\/b> desde que empec\u00e9 a hablar abiertamente sobre la salud de Bruce\u201d, manifest\u00f3.<\/p>\n<p class=\"paragraph\">En su opini\u00f3n, la experiencia del cuidado en el hogar de una persona con demencia resulta compleja y est\u00e1 cargada de desaf\u00edos. \u201cLa demencia es desordenada. El cuidado es desordenado y hay que adaptarse a sus altibajos\u201d, dijo durante la conferencia.<\/p>\n<p class=\"paragraph\">La familia Willis ha mantenido la unidad pese a las circunstancias. <b>Bruce Willis<\/b>, adem\u00e1s de sus dos hijas menores, es padre de <b>Rumer<\/b>, <b>Scout<\/b> y <b>Tallulah<\/b>, fruto de su matrimonio anterior con <b>Demi Moore<\/b>.<\/p>\n<p class=\"paragraph\">La pareja actual formaliz\u00f3 su relaci\u00f3n en 2009, y desde entonces estuvieron actuando en conjunto frente a los retos de salud que enfrenta el actor.<\/p>\n<p><img alt=\"Emma Heming Willis destaca la\" class=\"global-image\" decoding=\"async\" fetchpriority=\"low\" height=\"1080\" loading=\"lazy\" src=\"https:\/\/www.europesays.com\/es\/wp-content\/uploads\/2025\/12\/OONGY5NRTJGZ5FHA6QFHXSWQSE.jpg\" width=\"1920\"\/>Emma Heming Willis destaca la importancia de buscar ayuda y normalizar las conversaciones sobre el cuidado de pacientes con enfermedades neurodegenerativas como la demencia (Instagram\/@emmahemingwillis)<\/p>\n<p class=\"paragraph\"><b>Bruce Willis<\/b> est\u00e1 retirado de la actuaci\u00f3n en la actualidad y se mantiene bajo el cuidado de su familia en el proceso de su enfermedad degenerativa.<\/p>\n","protected":false},"excerpt":{"rendered":"Emma Heming Willis relat\u00f3 la dif\u00edcil decisi\u00f3n de separar su residencia de Bruce Willis, buscando la seguridad y&hellip;\n","protected":false},"author":2,"featured_media":74279,"comment_status":"","ping_status":"","sticky":false,"template":"","format":"standard","meta":{"footnotes":""},"categories":[91],"tags":[146,147,25,24,23],"class_list":{"0":"post-266066","1":"post","2":"type-post","3":"status-publish","4":"format-standard","5":"has-post-thumbnail","7":"category-entretenimiento","8":"tag-entertainment","9":"tag-entretenimiento","10":"tag-es","11":"tag-espana","12":"tag-spain"},"share_on_mastodon":{"url":"https:\/\/pubeurope.com\/@es\/115646273843516893","error":""},"_links":{"self":[{"href":"https:\/\/www.europesays.com\/es\/wp-json\/wp\/v2\/posts\/266066","targetHints":{"allow":["GET"]}}],"collection":[{"href":"https:\/\/www.europesays.com\/es\/wp-json\/wp\/v2\/posts"}],"about":[{"href":"https:\/\/www.europesays.com\/es\/wp-json\/wp\/v2\/types\/post"}],"author":[{"embeddable":true,"href":"https:\/\/www.europesays.com\/es\/wp-json\/wp\/v2\/users\/2"}],"replies":[{"embeddable":true,"href":"https:\/\/www.europesays.com\/es\/wp-json\/wp\/v2\/comments?post=266066"}],"version-history":[{"count":0,"href":"https:\/\/www.europesays.com\/es\/wp-json\/wp\/v2\/posts\/266066\/revisions"}],"wp:featuredmedia":[{"embeddable":true,"href":"https:\/\/www.europesays.com\/es\/wp-json\/wp\/v2\/media\/74279"}],"wp:attachment":[{"href":"https:\/\/www.europesays.com\/es\/wp-json\/wp\/v2\/media?parent=266066"}],"wp:term":[{"taxonomy":"category","embeddable":true,"href":"https:\/\/www.europesays.com\/es\/wp-json\/wp\/v2\/categories?post=266066"},{"taxonomy":"post_tag","embeddable":true,"href":"https:\/\/www.europesays.com\/es\/wp-json\/wp\/v2\/tags?post=266066"}],"curies":[{"name":"wp","href":"https:\/\/api.w.org\/{rel}","templated":true}]}}