{"id":266071,"date":"2025-12-01T20:49:10","date_gmt":"2025-12-01T20:49:10","guid":{"rendered":"https:\/\/www.europesays.com\/es\/266071\/"},"modified":"2025-12-01T20:49:10","modified_gmt":"2025-12-01T20:49:10","slug":"trump-pide-a-israel-no-interferir-en-siria-y-dialogar-con-el-gobierno-de-damasco-internacional","status":"publish","type":"post","link":"https:\/\/www.europesays.com\/es\/266071\/","title":{"rendered":"Trump pide a Israel \u201cno interferir\u201d en Siria y dialogar con el Gobierno de Damasco | Internacional"},"content":{"rendered":"<p class=\"\">El presidente estadounidense, <a href=\"https:\/\/elpais.com\/internacional\/2025-11-10\/trump-rehabilita-en-la-escena-internacional-al-presidente-sirio-y-exyihadista-ahmed-al-shara.html\" target=\"_self\" rel=\"nofollow noopener\" title=\"https:\/\/elpais.com\/internacional\/2025-11-10\/trump-rehabilita-en-la-escena-internacional-al-presidente-sirio-y-exyihadista-ahmed-al-shara.html\">Donald Trump<\/a>, ha exigido este lunes al Gobierno de Israel que se abstenga de \u201cinterferir\u201d en el progreso de Siria hacia su conversi\u00f3n en un \u201cEstado pr\u00f3spero\u201d, y ha llamado a las autoridades israel\u00edes a mantener un di\u00e1logo \u201cverdadero\u201d con sus hom\u00f3logos sirios. El mensaje del republicano, publicado en Truth, su red social, llega en un momento de deterioro en las ya maltrechas relaciones entre ambos pa\u00edses. El viernes, las fuerzas israel\u00edes lanzaron uno de los ataques m\u00e1s letales contra su vecino del noreste desde la ca\u00edda del Gobierno de <a href=\"https:\/\/elpais.com\/internacional\/2024-12-09\/el-asad-el-epilogo-de-lo-malo-conocido.html\" target=\"_self\" rel=\"nofollow noopener\" title=\"https:\/\/elpais.com\/internacional\/2024-12-09\/el-asad-el-epilogo-de-lo-malo-conocido.html\">Bachar el Asad<\/a> el pasado diciembre, y este domingo, un ministro de segunda l\u00ednea del Ejecutivo de <a href=\"https:\/\/elpais.com\/internacional\/2025-11-30\/netanyahu-pide-al-presidente-de-israel-que-le-indulte-por-sus-casos-de-corrupcion.html\" target=\"_self\" rel=\"nofollow noopener\" title=\"https:\/\/elpais.com\/internacional\/2025-11-30\/netanyahu-pide-al-presidente-de-israel-que-le-indulte-por-sus-casos-de-corrupcion.html\">Benjam\u00edn Netanyahu<\/a> habl\u00f3 abiertamente de la posibilidad de ir a la guerra en Siria. <\/p>\n<p class=\"\">El comunicado de Trump, que este lunes ha mantenido una llamada telef\u00f3nica con Netanyahu en la que le ha invitado a la Casa Blanca por quinta vez en lo que va de a\u00f1o, parece un intento para que Israel y Siria retomen las negociaciones para alcanzar un acuerdo de seguridad. Meses atr\u00e1s, el enviado especial de Estados Unidos en Siria, <a href=\"https:\/\/elpais.com\/internacional\/2025-07-19\/el-enviado-especial-de-trump-anuncia-un-alto-el-fuego-entre-israel-y-siria-en-el-conflicto-que-enfrenta-a-drusos-y-beduinos.html\" target=\"_self\" rel=\"nofollow noopener\" title=\"https:\/\/elpais.com\/internacional\/2025-07-19\/el-enviado-especial-de-trump-anuncia-un-alto-el-fuego-entre-israel-y-siria-en-el-conflicto-que-enfrenta-a-drusos-y-beduinos.html\">Tom Barrack<\/a>, lleg\u00f3 a asegurar que un pacto era inminente. Pero la actuaci\u00f3n de las tropas israel\u00edes \u2014que lanzan redadas recurrentes en los territorios sirios que han ocupado desde diciembre\u2014 y la demandas que Israel ha ido a\u00f1adiendo a la mesa de negociaci\u00f3n han alejado el pron\u00f3stico del acuerdo con las nuevas autoridades sirias. <\/p>\n<p class=\"\">En paralelo, la acci\u00f3n militar ha ganado el protagonismo que perd\u00eda la diplomacia. El viernes, <a href=\"https:\/\/elpais.com\/internacional\/2025-11-28\/varios-muertos-por-fuego-israeli-en-una-redada-a-las-afueras-de-damasco.html\" target=\"_self\" rel=\"nofollow noopener\" title=\"https:\/\/elpais.com\/internacional\/2025-11-28\/varios-muertos-por-fuego-israeli-en-una-redada-a-las-afueras-de-damasco.html\">una incursi\u00f3n israel\u00ed en Beit Yinn<\/a>, un pueblo sirio en las afueras de Damasco, deriv\u00f3 en un tiroteo entre uniformados de Israel y j\u00f3venes locales. Seis soldados israel\u00edes resultaron heridos y 13 sirios murieron \u2014dos de ellos, menores\u2014 despu\u00e9s de que las tropas israel\u00edes bombardearan el municipio. La advertencia de Trump se ha producido tambi\u00e9n despu\u00e9s de que algunos sectores en Israel hayan interpretado esos hechos como la antesala de un nuevo frente de guerra. <\/p>\n<p class=\"\">\u201cEs importante que Israel mantenga un di\u00e1logo verdadero y fuerte con Siria, y que nada interfiera en la evoluci\u00f3n de Siria hacia [convertirse en] un Estado pr\u00f3spero\u201d, ha pedido Trump. En la publicaci\u00f3n, el presidente estadounidense ha recordado que la Casa Blanca orden\u00f3 el levantamiento de sanciones sobre Siria y ha llamado a ambos pa\u00edses a aprovechar \u201cuna oportunidad hist\u00f3rica\u201d que se suma \u201cal \u00e9xito ya alcanzado para la paz en Oriente Pr\u00f3ximo\u201d, en aparente menci\u00f3n a la fr\u00e1gil tregua en <a href=\"https:\/\/elpais.com\/internacional\/2025-11-09\/un-mes-de-tregua-en-gaza-un-leve-respiro-para-los-palestinos-pero-sin-garantias-del-fin-de-la-ocupacion.html\" target=\"_self\" rel=\"nofollow noopener\" title=\"https:\/\/elpais.com\/internacional\/2025-11-09\/un-mes-de-tregua-en-gaza-un-leve-respiro-para-los-palestinos-pero-sin-garantias-del-fin-de-la-ocupacion.html\">Gaza<\/a>. <\/p>\n<p class=\"\">Cuando el actual presidente interino de Siria, <a href=\"https:\/\/elpais.com\/videos\/2025-11-10\/el-presidente-de-siria-ahmed-al-shara-juega-al-baloncesto-con-militares-de-ee-uu-antes-de-su-reunion-con-trump-en-la-casa-blanca.html?autoplay=1\" target=\"_self\" rel=\"nofollow noopener\" title=\"https:\/\/elpais.com\/videos\/2025-11-10\/el-presidente-de-siria-ahmed-al-shara-juega-al-baloncesto-con-militares-de-ee-uu-antes-de-su-reunion-con-trump-en-la-casa-blanca.html?autoplay=1\">Ahmed al Shara<\/a>, culmin\u00f3 la ofensiva en diciembre del a\u00f1o pasado contra el Gobierno de El Asad, las autoridades israel\u00edes aprovecharon el caos para ocupar todo el territorio que formaba parte de la zona tamp\u00f3n que Israel y Damasco hab\u00edan acordado en un acuerdo de seguridad alcanzado en 1974, y que el Ejecutivo israel\u00ed dio por terminado con la ca\u00edda del dictador sirio. Esa nueva ocupaci\u00f3n, de un territorio mayor al de la franja de Gaza, se suma a la que Israel ya controla desde 1967 en los Altos del Gol\u00e1n sirios, donde residen decenas de miles de colonos israel\u00edes.<\/p>\n<p>\u201cUna nueva era\u201d<\/p>\n<p class=\"\">Desde diciembre, Washington media en las negociaciones entre israel\u00edes y sirios para dise\u00f1ar un acuerdo de seguridad que remplace el anterior, en unas conversaciones en las que el destino y la condici\u00f3n de las aldeas recientemente ocupadas \u2014donde residen unos 70.000 sirios\u2014 est\u00e1n en juego. <\/p>\n<p class=\"\">Ese di\u00e1logo existe mientras las tropas israel\u00edes act\u00faan militarmente en Siria ante la inacci\u00f3n de las autoridades sirias, sin apetito para iniciar un conflicto con Israel en un momento en el que tienen la construcci\u00f3n de un Estado por delante. Desde diciembre, las Fuerzas A\u00e9reas de Israel han bombardeado met\u00f3dicamente los equipos y las bases militares del ej\u00e9rcito sirio \u2014en algunos casos convirti\u00e9ndolos en polvo\u2014, alegando que deben impedir que caigan en manos err\u00f3neas y supongan una amenaza para los israel\u00edes que habitan en los Altos del Gol\u00e1n. <\/p>\n<p class=\"\">Amijai Chikli, ministro israel\u00ed de Di\u00e1spora y Lucha contra el antisemitismo, denunci\u00f3 el domingo la \u201cresistencia organizada\u201d que las tropas israel\u00edes se encontraron en Beit Yinn. El ministro, sin competencias en asuntos b\u00e9licos pero cuyas palabras pueden ser interpretadas como un baremo del Ejecutivo israel\u00ed, describi\u00f3 esos hechos como \u201cel comienzo de una nueva era\u201d, equiparando la Gaza de 2008 con la Siria de 2025. \u201cEs necesario comprender que es muy probable que el frente sirio se convierta en una importante zona de guerra\u201d, agreg\u00f3 Chikli. <\/p>\n","protected":false},"excerpt":{"rendered":"El presidente estadounidense, Donald Trump, ha exigido este lunes al Gobierno de Israel que se abstenga de \u201cinterferir\u201d&hellip;\n","protected":false},"author":2,"featured_media":266072,"comment_status":"","ping_status":"","sticky":false,"template":"","format":"standard","meta":{"footnotes":""},"categories":[42],"tags":[13241,17,18,68,70,71,72,352,13,14,73,69,75,11,61,62,63,64,74,19,20,9,10,15,16,77,76,12,21,22,65,66,67],"class_list":{"0":"post-266071","1":"post","2":"type-post","3":"status-publish","4":"format-standard","5":"has-post-thumbnail","7":"category-internacional","8":"tag-benjamin-netanyahu","9":"tag-breaking-news","10":"tag-breakingnews","11":"tag-conflicto-arabe-israeli","12":"tag-conflictos","13":"tag-conflictos-armados","14":"tag-conflictos-internacionales","15":"tag-donald-trump","16":"tag-featured-news","17":"tag-featurednews","18":"tag-franja-gaza","19":"tag-guerra","20":"tag-hamas","21":"tag-headlines","22":"tag-internacional","23":"tag-international","24":"tag-international-news","25":"tag-internationalnews","26":"tag-israel","27":"tag-latest-news","28":"tag-latestnews","29":"tag-news","30":"tag-noticias","31":"tag-noticias-destacadas","32":"tag-noticiasdestacadas","33":"tag-oriente-proximo","34":"tag-palestina","35":"tag-titulares","36":"tag-ultimas-noticias","37":"tag-ultimasnoticias","38":"tag-world","39":"tag-world-news","40":"tag-worldnews"},"share_on_mastodon":{"url":"","error":"Validation failed: Text character limit of 500 exceeded"},"_links":{"self":[{"href":"https:\/\/www.europesays.com\/es\/wp-json\/wp\/v2\/posts\/266071","targetHints":{"allow":["GET"]}}],"collection":[{"href":"https:\/\/www.europesays.com\/es\/wp-json\/wp\/v2\/posts"}],"about":[{"href":"https:\/\/www.europesays.com\/es\/wp-json\/wp\/v2\/types\/post"}],"author":[{"embeddable":true,"href":"https:\/\/www.europesays.com\/es\/wp-json\/wp\/v2\/users\/2"}],"replies":[{"embeddable":true,"href":"https:\/\/www.europesays.com\/es\/wp-json\/wp\/v2\/comments?post=266071"}],"version-history":[{"count":0,"href":"https:\/\/www.europesays.com\/es\/wp-json\/wp\/v2\/posts\/266071\/revisions"}],"wp:featuredmedia":[{"embeddable":true,"href":"https:\/\/www.europesays.com\/es\/wp-json\/wp\/v2\/media\/266072"}],"wp:attachment":[{"href":"https:\/\/www.europesays.com\/es\/wp-json\/wp\/v2\/media?parent=266071"}],"wp:term":[{"taxonomy":"category","embeddable":true,"href":"https:\/\/www.europesays.com\/es\/wp-json\/wp\/v2\/categories?post=266071"},{"taxonomy":"post_tag","embeddable":true,"href":"https:\/\/www.europesays.com\/es\/wp-json\/wp\/v2\/tags?post=266071"}],"curies":[{"name":"wp","href":"https:\/\/api.w.org\/{rel}","templated":true}]}}