{"id":266073,"date":"2025-12-01T20:50:10","date_gmt":"2025-12-01T20:50:10","guid":{"rendered":"https:\/\/www.europesays.com\/es\/266073\/"},"modified":"2025-12-01T20:50:10","modified_gmt":"2025-12-01T20:50:10","slug":"gemma-nierga-entrevista-al-presidente-del-gobierno-en-cafe-didees","status":"publish","type":"post","link":"https:\/\/www.europesays.com\/es\/266073\/","title":{"rendered":"Gemma Nierga entrevista al presidente del Gobierno en Caf\u00e8 d\u00b4idees"},"content":{"rendered":"<p>La periodista <strong>Gemma Nierga<\/strong> entrevista ma\u00f1ana martes, 2 de diciembre, al presidente del Gobierno, Pedro S\u00e1nchez, en el programa de actualidad matinal de La 2Cat y R\u00e0dio 4 <a href=\"https:\/\/www.rtve.es\/play\/videos\/cafe-didees\/\" rel=\"nofollow noopener\" target=\"_blank\">\u2018Caf\u00e8 d\u00b4idees\u2019.<\/a> El programa se podr\u00e1 ver adem\u00e1s en La 1 y el Canal 24 horas a nivel nacional.<\/p>\n<p style=\"text-align:justify;\">Gemma Nierga preguntar\u00e1 al jefe del Ejecutivo sobre los principales asuntos de inter\u00e9s que centran la actualidad catalana y del resto de Espa\u00f1a a las 9 de la ma\u00f1ana desde el <strong>Palacio de la Moncloa.<\/strong><\/p>\n<p>Premiado con el <strong>Ondas 2025<\/strong> al mejor programa de radio de proximidad, \u2018<a href=\"https:\/\/www.rtve.es\/play\/videos\/cafe-didees\/\" rel=\"nofollow noopener\" target=\"_blank\">Caf\u00e8 d\u2019idees<\/a>\u2019 se emite de lunes a viernes a las 07:50 horas simult\u00e1neamente por R\u00e0dio 4, La 2Cat y Canal 24 horas en Catalunya. En esta sexta temporada, contin\u00faa apostando por una entrevista central a personalidades destacadas de la actualidad pol\u00edtica y social, adem\u00e1s de debates y diversas secciones con colaboradores.<\/p>\n","protected":false},"excerpt":{"rendered":"La periodista Gemma Nierga entrevista ma\u00f1ana martes, 2 de diciembre, al presidente del Gobierno, Pedro S\u00e1nchez, en el&hellip;\n","protected":false},"author":2,"featured_media":266074,"comment_status":"","ping_status":"","sticky":false,"template":"","format":"standard","meta":{"footnotes":""},"categories":[8],"tags":[17,18,25,24,13,14,11,19,20,9,10,15,16,23,12,21,22],"class_list":{"0":"post-266073","1":"post","2":"type-post","3":"status-publish","4":"format-standard","5":"has-post-thumbnail","7":"category-espana","8":"tag-breaking-news","9":"tag-breakingnews","10":"tag-es","11":"tag-espana","12":"tag-featured-news","13":"tag-featurednews","14":"tag-headlines","15":"tag-latest-news","16":"tag-latestnews","17":"tag-news","18":"tag-noticias","19":"tag-noticias-destacadas","20":"tag-noticiasdestacadas","21":"tag-spain","22":"tag-titulares","23":"tag-ultimas-noticias","24":"tag-ultimasnoticias"},"share_on_mastodon":{"url":"https:\/\/pubeurope.com\/@es\/115646288821309710","error":""},"_links":{"self":[{"href":"https:\/\/www.europesays.com\/es\/wp-json\/wp\/v2\/posts\/266073","targetHints":{"allow":["GET"]}}],"collection":[{"href":"https:\/\/www.europesays.com\/es\/wp-json\/wp\/v2\/posts"}],"about":[{"href":"https:\/\/www.europesays.com\/es\/wp-json\/wp\/v2\/types\/post"}],"author":[{"embeddable":true,"href":"https:\/\/www.europesays.com\/es\/wp-json\/wp\/v2\/users\/2"}],"replies":[{"embeddable":true,"href":"https:\/\/www.europesays.com\/es\/wp-json\/wp\/v2\/comments?post=266073"}],"version-history":[{"count":0,"href":"https:\/\/www.europesays.com\/es\/wp-json\/wp\/v2\/posts\/266073\/revisions"}],"wp:featuredmedia":[{"embeddable":true,"href":"https:\/\/www.europesays.com\/es\/wp-json\/wp\/v2\/media\/266074"}],"wp:attachment":[{"href":"https:\/\/www.europesays.com\/es\/wp-json\/wp\/v2\/media?parent=266073"}],"wp:term":[{"taxonomy":"category","embeddable":true,"href":"https:\/\/www.europesays.com\/es\/wp-json\/wp\/v2\/categories?post=266073"},{"taxonomy":"post_tag","embeddable":true,"href":"https:\/\/www.europesays.com\/es\/wp-json\/wp\/v2\/tags?post=266073"}],"curies":[{"name":"wp","href":"https:\/\/api.w.org\/{rel}","templated":true}]}}